{"id":98888,"date":"2026-08-27T09:58:41","date_gmt":"2026-08-27T12:58:41","guid":{"rendered":"https:\/\/catolicanet.net\/wp-cnet\/?p=98888"},"modified":"2026-09-02T12:59:38","modified_gmt":"2026-09-02T15:59:38","slug":"valorizemos-nossos-catequistas-e-nossas-catequistas","status":"publish","type":"post","link":"https:\/\/catolicanet.net\/wp-cnet\/valorizemos-nossos-catequistas-e-nossas-catequistas\/","title":{"rendered":"Valorizemos nossos catequistas e nossas catequistas!"},"content":{"rendered":"<p style=\"text-align: justify;\">Neste quinto domingo do M\u00eas Vocacional, momento em que a Igreja no Brasil direciona seu olhar e suas preces com carinho especial a todos os catequistas, conclu\u00edmos esta jornada celebrando a beleza e a urg\u00eancia do chamado \u00e0 transmiss\u00e3o da f\u00e9. Quando o calend\u00e1rio nos presenteia com este domingo adicional, a reflex\u00e3o se aprofunda e ganha contornos ainda mais especiais ao voltarmos nossa aten\u00e7\u00e3o para os jovens que, com entusiasmo e generosidade, assumem a nobre miss\u00e3o da catequese. \u00c9 a confirma\u00e7\u00e3o de que o Esp\u00edrito Santo continua a suscitar voca\u00e7\u00f5es corajosas no meio da juventude para fazer florir a Palavra de Deus nos dias de hoje.<\/p>\n<p style=\"text-align: justify;\">Assumir a miss\u00e3o de catequizar ainda na juventude \u00e9 um ato de coragem prof\u00e9tica. Numa etapa da vida em que o mundo oferece tantas rotas de dispers\u00e3o, ver jovens dedicando seus finais de semana, suas ideias e sua energia para anunciar Jesus Cristo \u00e9 um dos sinais mais reluzentes de renova\u00e7\u00e3o na nossa Igreja. \u00c9 a juventude evangelizando a pr\u00f3pria juventude, as crian\u00e7as e as fam\u00edlias, tornando a Palavra de Deus pr\u00f3xima, din\u00e2mica e cheia de frescor.<\/p>\n<p style=\"text-align: justify;\">No entanto, sabemos que a caminhada do jovem catequista n\u00e3o \u00e9 isenta de pesados desafios. Em muitas de nossas comunidades, especialmente nas periferias, em \u00e1reas de vulnerabilidade social ou em contextos em que as fam\u00edlias se encontram desestruturadas e feridas, a sala de catequese deixa de ser apenas um lugar de ensino doutrin\u00e1rio para se tornar um porto seguro. O jovem catequista, por vezes com pouco tempo de caminhada, v\u00ea-se diante do choro de uma crian\u00e7a que vive a aus\u00eancia dos pais, da apatia de um adolescente marcado pela viol\u00eancia urbana, ou da desilus\u00e3o de fam\u00edlias dilaceradas pelas drogas e pela pobreza.<\/p>\n<p style=\"text-align: justify;\">Frente a realidades t\u00e3o complexas, \u00e9 natural que a sensa\u00e7\u00e3o de impot\u00eancia tente desacreditar o cora\u00e7\u00e3o jovem. Mas \u00e9 justamente a\u00ed que reside a for\u00e7a do Evangelho. Voc\u00eas n\u00e3o est\u00e3o ali para resolver todos os problemas do mundo, mas para ser a presen\u00e7a viva de Cristo que acolhe sem julgar, que escuta com paci\u00eancia e que aponta um caminho de luz. Para aquela crian\u00e7a ou adolescente cuja casa \u00e9 um ambiente de conflito, o sorriso acolhedor e o olhar atento do jovem catequista podem ser a \u00fanica experi\u00eancia tang\u00edvel do amor de Deus naquela semana.<\/p>\n<p style=\"text-align: justify;\">A hist\u00f3ria da Igreja e a nossa realidade atual est\u00e3o repletas de exemplos de jovens que revolucionaram a evangeliza\u00e7\u00e3o exatamente pela sua aud\u00e1cia e alegria; Carlo Acutis \u00e9 um deles. Com sua paix\u00e3o por Jesus na Eucaristia e pelo uso criativo da tecnologia, tornou-se catequista e evangelizador digital ainda na adolesc\u00eancia. Ele mostra que a santidade e a catequese combinam perfeitamente com a linguagem e a realidade da juventude atual.<\/p>\n<p style=\"text-align: justify;\">No Brasil, milhares de jovens l\u00edderes atuam nas periferias das grandes metr\u00f3poles e nas comunidades ribeirinhas do Norte e Nordeste, como os da Inf\u00e2ncia e Adolesc\u00eancia Mission\u00e1ria (IAM); eles adaptam a linguagem catequ\u00e9tica, usam a arte, a m\u00fasica, o teatro e as m\u00eddias para alcan\u00e7ar os catequizados que vivem em contextos de extrema vulnerabilidade, provando que a f\u00e9 se encarna na realidade de cada um.<\/p>\n<p style=\"text-align: justify;\">Vale citar tamb\u00e9m os jovens catequistas que emergem dos movimentos juvenis e da catequese de Crisma. Por todo o mundo, jovens que h\u00e1 pouco tempo receberam o sacramento da Confirma\u00e7\u00e3o assumem a lideran\u00e7a da prepara\u00e7\u00e3o dos mais novos, transformando o processo de perseveran\u00e7a e crisma em um espa\u00e7o de escuta emp\u00e1tica e verdadeiro companheirismo.<\/p>\n<p style=\"text-align: justify;\">Jovens catequistas: n\u00e3o deixem que o cansa\u00e7o ou as dores do mundo roubem de voc\u00eas a alegria do Evangelho! O entusiasmo de voc\u00eas \u00e9 o combust\u00edvel que oxigena as nossas par\u00f3quias. Quando parecer dif\u00edcil continuar, olhem para a Cruz e lembrem-se de que Aquele que os chamou \u00e9 fiel e caminha ao seu lado em cada encontro, cada din\u00e2mica e cada ora\u00e7\u00e3o. Mantenham-se firmes em seus bons prop\u00f3sitos. A juventude de voc\u00eas \u00e9 um presente para a Igreja e um farol de esperan\u00e7a para tantas fam\u00edlias. Continuem catequizando com essa alegria contagiante, pois a revolu\u00e7\u00e3o do amor de Deus come\u00e7a na simplicidade da doa\u00e7\u00e3o de cada um de voc\u00eas!<\/p>\n","protected":false},"excerpt":{"rendered":"<p>Neste quinto domingo do M\u00eas Vocacional, momento em que a Igreja no Brasil direciona seu olhar e suas preces com carinho especial a todos os catequistas, conclu\u00edmos esta jornada celebrando a beleza e a urg\u00eancia do chamado \u00e0 transmiss\u00e3o da f\u00e9. Quando o calend\u00e1rio nos presenteia com este domingo adicional, a reflex\u00e3o se aprofunda e [&hellip;]<\/p>\n","protected":false},"author":53272,"featured_media":92837,"comment_status":"open","ping_status":"closed","sticky":false,"template":"","format":"standard","meta":{"footnotes":""},"categories":[9],"tags":[],"class_list":["post-98888","post","type-post","status-publish","format-standard","has-post-thumbnail","hentry","category-artigos"],"_links":{"self":[{"href":"https:\/\/catolicanet.net\/wp-cnet\/wp-json\/wp\/v2\/posts\/98888","targetHints":{"allow":["GET"]}}],"collection":[{"href":"https:\/\/catolicanet.net\/wp-cnet\/wp-json\/wp\/v2\/posts"}],"about":[{"href":"https:\/\/catolicanet.net\/wp-cnet\/wp-json\/wp\/v2\/types\/post"}],"author":[{"embeddable":true,"href":"https:\/\/catolicanet.net\/wp-cnet\/wp-json\/wp\/v2\/users\/53272"}],"replies":[{"embeddable":true,"href":"https:\/\/catolicanet.net\/wp-cnet\/wp-json\/wp\/v2\/comments?post=98888"}],"version-history":[{"count":1,"href":"https:\/\/catolicanet.net\/wp-cnet\/wp-json\/wp\/v2\/posts\/98888\/revisions"}],"predecessor-version":[{"id":98890,"href":"https:\/\/catolicanet.net\/wp-cnet\/wp-json\/wp\/v2\/posts\/98888\/revisions\/98890"}],"wp:featuredmedia":[{"embeddable":true,"href":"https:\/\/catolicanet.net\/wp-cnet\/wp-json\/wp\/v2\/media\/92837"}],"wp:attachment":[{"href":"https:\/\/catolicanet.net\/wp-cnet\/wp-json\/wp\/v2\/media?parent=98888"}],"wp:term":[{"taxonomy":"category","embeddable":true,"href":"https:\/\/catolicanet.net\/wp-cnet\/wp-json\/wp\/v2\/categories?post=98888"},{"taxonomy":"post_tag","embeddable":true,"href":"https:\/\/catolicanet.net\/wp-cnet\/wp-json\/wp\/v2\/tags?post=98888"}],"curies":[{"name":"wp","href":"https:\/\/api.w.org\/{rel}","templated":true}]}}