{"id":98860,"date":"2026-08-30T09:41:04","date_gmt":"2026-08-30T12:41:04","guid":{"rendered":"https:\/\/catolicanet.net\/wp-cnet\/?p=98860"},"modified":"2026-09-02T12:41:40","modified_gmt":"2026-09-02T15:41:40","slug":"seduzidos-pelo-amor-conduzidos-pela-cruz","status":"publish","type":"post","link":"https:\/\/catolicanet.net\/wp-cnet\/seduzidos-pelo-amor-conduzidos-pela-cruz\/","title":{"rendered":"Seduzidos pelo amor, conduzidos pela cruz"},"content":{"rendered":"<p style=\"text-align: justify;\">\u00a0\u00a0\u00a0\u00a0\u00a0\u00a0\u00a0\u00a0 Estimados irm\u00e3os e irm\u00e3s, o seguimento de Nosso Senhor Jesus Cristo nos traz grandes alegrias. De fato, \u00e9 bom estar na presen\u00e7a d\u2019Ele, que \u00e9 o sentido \u00faltimo de nossa exist\u00eancia. Estar nesse caminho tamb\u00e9m exige de cada um uma atitude de vida distinta do mundo. Ou estamos com Cristo ou estamos com o mundo; cabe a n\u00f3s decidir e renovar cotidianamente as promessas do nosso Batismo, que nos v\u00e3o conformando \u00e0 vontade do Senhor.<\/p>\n<p style=\"text-align: justify;\">A liturgia deste 22\u00b0 Domingo do Tempo Comum \u00e9 instigante e clara: o Messias que seguimos \u00e9 o da Cruz, que se faz servo e entrega a vida por amor em vista da nossa salva\u00e7\u00e3o. Ele tamb\u00e9m nos convida a acompanh\u00e1-lo. Somos livres para decidir: voc\u00ea aceita a Cruz tamb\u00e9m?<\/p>\n<p style=\"text-align: justify;\">O livro de Jeremias \u00e9 uma das obras prof\u00e9ticas mais belas da Sagrada Escritura. Ali, contemplamos momentos fortes da rela\u00e7\u00e3o honesta entre Deus e o profeta. Chamado desde muito jovem para anunciar a Palavra, Jeremias enfrenta percal\u00e7os desafiadores na sua trajet\u00f3ria. Em muitos momentos, pensa em desistir, em abandonar tudo, pois acredita j\u00e1 n\u00e3o ser capaz de suportar as persegui\u00e7\u00f5es e inj\u00farias que recebia. Chega at\u00e9 mesmo a censurar em prece o pr\u00f3prio Deus, confessando sua amargura e frustra\u00e7\u00e3o. Ele fora enviado por Deus para \u201carrancar e destruir, exterminar e demolir\u201d (Jr 1,10), e o que anunciou gerou muita inveja, cal\u00fania e revolta por parte dos seus opositores \u2014 gente que n\u00e3o queria mudar de vida nem ouvir a voz do Senhor que falava pela boca do profeta. Diante da desola\u00e7\u00e3o, Jeremias tenta fugir da miss\u00e3o, por\u00e9m o Esp\u00edrito de Deus \u00e9 mais forte: \u00e9 o fogo ardente que inflama o seu cora\u00e7\u00e3o. Nesse momento, o profeta reza essa prece t\u00e3o profunda que ouvimos na primeira leitura \u2013 Jr 20,7-9 \u2013: \u201cSeduziste-me, Senhor, e deixei-me seduzir\u201d (Jr 20,7). N\u00e3o h\u00e1 como escapar do amor de Deus, que nos envolve e une de modo esponsal a nossa alma a Si.<\/p>\n<p style=\"text-align: justify;\">Em nossa caminhada crist\u00e3, por vezes somos atribulados por lutas espirituais: uma doen\u00e7a, um conflito familiar, uma crise financeira, um acidente, uma trai\u00e7\u00e3o, uma cal\u00fania. Nesses momentos, podemos at\u00e9 chegar a duvidar de Deus; a revolta e a frustra\u00e7\u00e3o tornam-se opressoras e nos sentimos sufocados, angustiados. Quando isso ocorre, precisamos ser sinceros com o Senhor e abrir o cora\u00e7\u00e3o, pois somente Ele pode nos retirar dessa noite escura. O profeta confessou o seu padecimento e, ent\u00e3o, sentiu a for\u00e7a restauradora da gra\u00e7a, que renovou o seu esp\u00edrito e trouxe \u00e2nimo para seguir. No nosso Batismo, recebemos a marca de filhos de Deus e, no dia da Confirma\u00e7\u00e3o, os sete dons do Esp\u00edrito Santo. Eles s\u00e3o o fogo ardente que nos sustenta e est\u00e3o \u00e0 disposi\u00e7\u00e3o de nossa f\u00e9. Kierkegaard, fil\u00f3sofo crist\u00e3o, constatou que o desespero \u00e9 o oposto da f\u00e9 e nos conduz \u00e0 ru\u00edna interior. Quem se desespera perde a ancoragem na confian\u00e7a filial e esvazia o sentido da vida; quem persevera na ora\u00e7\u00e3o honesta, mesmo em meio \u00e0 dor, ergue a cabe\u00e7a com esperan\u00e7a.<\/p>\n<p style=\"text-align: justify;\">Essa tens\u00e3o entre o chamado divino e o peso do sofrimento encontra seu pleno significado no Evangelho deste dia \u2013 Mt 16,21-27 \u2013. Em continuidade ao relato do \u00faltimo domingo, ap\u00f3s Pedro ter professado que Jesus \u00e9 \u201co Messias, o Filho do Deus vivo\u201d, o Mestre passa a instruir abertamente os disc\u00edpulos sobre o destino que O aguarda em Jerusal\u00e9m. Os ap\u00f3stolos, ainda apegados a uma expectativa triunfalista e mundana de poder, s\u00e3o confrontados pela realidade da paix\u00e3o: o Cristo deve sofrer muito, ser rejeitado, morto e, ao terceiro dia, ressuscitar. Diante desse an\u00fancio, Pedro toma Jesus \u00e0 parte e O repreende, recusando a ideia de um Messias crucificado. A resposta do Senhor \u00e9 contundente: \u201cAfasta-te de mim, Satan\u00e1s! Tu \u00e9s para mim uma pedra de trope\u00e7o, porque n\u00e3o pensas as coisas de Deus, mas as dos homens\u201d. A situa\u00e7\u00e3o de Jesus \u00e9 muito parecida com a do profeta Jeremias. Assim como o antigo profeta suportou a solid\u00e3o, o deboche e a rejei\u00e7\u00e3o dos seus contempor\u00e2neos por causa da Palavra, Jesus caminha resolutamente em dire\u00e7\u00e3o ao Calv\u00e1rio, enfrentando a incompreens\u00e3o at\u00e9 mesmo dos Seus amigos mais pr\u00f3ximos. Todavia, onde o profeta expressava a fragilidade humana perante o fardo da miss\u00e3o, o Filho de Deus abra\u00e7a a Cruz voluntariamente, transformando o instrumento de supl\u00edcio no altar do sacrif\u00edcio supremo que redime a humanidade.<\/p>\n<p style=\"text-align: justify;\">O exemplo de Cristo nos ensina que a l\u00f3gica do Reino de Deus subverte os crit\u00e9rios humanos: \u00e9 preciso perder para ganhar. Perder a vangl\u00f3ria passageira e a ilus\u00e3o de autossufici\u00eancia para acolher a vida eterna. Como nos exorta S\u00e3o Paulo na Carta aos Romanos \u2013 Rm 12,1-2 \u2013, somos chamados a oferecer nossos pr\u00f3prios corpos como um sacrif\u00edcio vivo, santo e agrad\u00e1vel a Deus. N\u00e3o h\u00e1 espa\u00e7o para um discipulado brando, feito sob medida para as conveni\u00eancias do subjetivismo moderno. O seguimento aut\u00eantico exige abra\u00e7ar a cruz cotidiana: renunciar ao ego\u00edsmo, suportar a incompreens\u00e3o por amor \u00e0 verdade e perseverar na fidelidade ao Evangelho.<\/p>\n<p style=\"text-align: justify;\">Que a liturgia deste domingo renove em n\u00f3s a coragem de assumir a nossa voca\u00e7\u00e3o crist\u00e3 sem reservas ou meias verdades. Assim como sustentou Jeremias nas horas mais sombrias de sua desola\u00e7\u00e3o e conduziu Nosso Senhor Jesus Cristo \u00e0 vit\u00f3ria definitiva sobre a morte, o Esp\u00edrito Santo deseja arder em nossas almas com esse mesmo fogo transformador. Diante das tribula\u00e7\u00f5es do tempo presente, que n\u00e3o nos deixemos abater pelo desespero nem seduzir pelas ilus\u00f5es de uma f\u00e9 sem sacrif\u00edcio. Aproximemo-nos do altar eucar\u00edstico com o cora\u00e7\u00e3o aberto e sincero, para que, alimentados pelo Corpo e Sangue do Senhor, sejamos fortalecidos no caminho estreito. Que a nossa entrega seja di\u00e1ria, generosa e cheia de filial confian\u00e7a naquele que nos amou primeiro, transformou a dor da Cruz em instrumento de reden\u00e7\u00e3o e nos garantiu a plenitude da ressurrei\u00e7\u00e3o na gl\u00f3ria do Reino eterno.<\/p>\n<p style=\"text-align: justify;\"><strong>\u00a0<\/strong><\/p>\n","protected":false},"excerpt":{"rendered":"<p>\u00a0\u00a0\u00a0\u00a0\u00a0\u00a0\u00a0\u00a0 Estimados irm\u00e3os e irm\u00e3s, o seguimento de Nosso Senhor Jesus Cristo nos traz grandes alegrias. De fato, \u00e9 bom estar na presen\u00e7a d\u2019Ele, que \u00e9 o sentido \u00faltimo de nossa exist\u00eancia. Estar nesse caminho tamb\u00e9m exige de cada um uma atitude de vida distinta do mundo. Ou estamos com Cristo ou estamos com o [&hellip;]<\/p>\n","protected":false},"author":5,"featured_media":55819,"comment_status":"open","ping_status":"closed","sticky":false,"template":"","format":"standard","meta":{"footnotes":""},"categories":[9],"tags":[],"class_list":["post-98860","post","type-post","status-publish","format-standard","has-post-thumbnail","hentry","category-artigos"],"_links":{"self":[{"href":"https:\/\/catolicanet.net\/wp-cnet\/wp-json\/wp\/v2\/posts\/98860","targetHints":{"allow":["GET"]}}],"collection":[{"href":"https:\/\/catolicanet.net\/wp-cnet\/wp-json\/wp\/v2\/posts"}],"about":[{"href":"https:\/\/catolicanet.net\/wp-cnet\/wp-json\/wp\/v2\/types\/post"}],"author":[{"embeddable":true,"href":"https:\/\/catolicanet.net\/wp-cnet\/wp-json\/wp\/v2\/users\/5"}],"replies":[{"embeddable":true,"href":"https:\/\/catolicanet.net\/wp-cnet\/wp-json\/wp\/v2\/comments?post=98860"}],"version-history":[{"count":1,"href":"https:\/\/catolicanet.net\/wp-cnet\/wp-json\/wp\/v2\/posts\/98860\/revisions"}],"predecessor-version":[{"id":98862,"href":"https:\/\/catolicanet.net\/wp-cnet\/wp-json\/wp\/v2\/posts\/98860\/revisions\/98862"}],"wp:featuredmedia":[{"embeddable":true,"href":"https:\/\/catolicanet.net\/wp-cnet\/wp-json\/wp\/v2\/media\/55819"}],"wp:attachment":[{"href":"https:\/\/catolicanet.net\/wp-cnet\/wp-json\/wp\/v2\/media?parent=98860"}],"wp:term":[{"taxonomy":"category","embeddable":true,"href":"https:\/\/catolicanet.net\/wp-cnet\/wp-json\/wp\/v2\/categories?post=98860"},{"taxonomy":"post_tag","embeddable":true,"href":"https:\/\/catolicanet.net\/wp-cnet\/wp-json\/wp\/v2\/tags?post=98860"}],"curies":[{"name":"wp","href":"https:\/\/api.w.org\/{rel}","templated":true}]}}