{"id":98853,"date":"2026-08-27T09:37:39","date_gmt":"2026-08-27T12:37:39","guid":{"rendered":"https:\/\/catolicanet.net\/wp-cnet\/?p=98853"},"modified":"2026-09-02T12:39:14","modified_gmt":"2026-09-02T15:39:14","slug":"a-persistencia-da-fe-e-a-fidelidade-do-pastor","status":"publish","type":"post","link":"https:\/\/catolicanet.net\/wp-cnet\/a-persistencia-da-fe-e-a-fidelidade-do-pastor\/","title":{"rendered":"A Persist\u00eancia da F\u00e9 e a  Fidelidade do Pastor"},"content":{"rendered":"<p style=\"text-align: center;\">Mem\u00f3ria de Santa M\u00f4nica e<\/p>\n<p style=\"text-align: center;\">Jubileu de P\u00e9rola Episcopal de<\/p>\n<p style=\"text-align: center;\">SER Dom Carmo Jo\u00e3o Rhoden, SCJ<\/p>\n<p style=\"text-align: justify;\">\n<p style=\"text-align: justify;\">Queridos irm\u00e3os e irm\u00e3s em Cristo,<\/p>\n<p style=\"text-align: justify;\">A liturgia de hoje nos coloca diante do testemunho comovente e irrefut\u00e1vel de Santa M\u00f4nica. M\u00f4nica n\u00e3o foi uma mulher de grandes discursos teol\u00f3gicos, mas de uma ora\u00e7\u00e3o persistente, regada por l\u00e1grimas e temperada pela esperan\u00e7a virtuosa. Ela viveu na pele o mist\u00e9rio do Evangelho de hoje (Mt 24, 42-51), no qual Nosso Senhor Jesus Cristo nos faz um exortativo chamado: <em>&#8220;Vigiai, pois n\u00e3o sabeis em que dia vir\u00e1 o vosso Senhor&#8221;<\/em>.<\/p>\n<p style=\"text-align: justify;\">A vigil\u00e2ncia evang\u00e9lica n\u00e3o \u00e9 um estado de temor passivo, mas uma atitude de fidelidade ativa. O servo fiel e prudente \u00e9 aquele que permanece no seu posto, alimentando a comunidade, cuidando dos seus com perseveran\u00e7a e f\u00e9, independentemente de quanto tempo a noite pare\u00e7a durar. M\u00f4nica foi essa serva vigilante.<\/p>\n<p style=\"text-align: justify;\">Durante dezenas de anos, no sil\u00eancio do seu lar, Santa M\u00f4nica vigiou pela salva\u00e7\u00e3o de seu filho, Agostinho. Ela nos ensina que a voca\u00e7\u00e3o exige const\u00e2ncia, l\u00e1grimas transformadas em oferta e uma confian\u00e7a inabal\u00e1vel no tempo de Deus.<\/p>\n<p style=\"text-align: justify;\">Esta mesma l\u00f3gica do Evangelho \u2013 da fidelidade cotidiana e da vigil\u00e2ncia amorosa \u2013 ressoa de maneira singular ao celebrarmos o marco jubilar dos 30 anos de ordena\u00e7\u00e3o episcopal de Dom Carmo Rhoden, SCJ.<\/p>\n<p style=\"text-align: justify;\">Ordenado bispo em 1996 e assumindo como sinal de sua miss\u00e3o o lema <strong><em>&#8220;Sentire cum Christo et Ecclesia&#8221;<\/em><\/strong> (<em>&#8220;Sentir com Cristo e com a Igreja&#8221;<\/em>), Dom Carmo encarnou ao longo destas tr\u00eas d\u00e9cadas de pastoreio a ess\u00eancia da espiritualidade dehoniana e da fidelidade ao Evangelho.<\/p>\n<p style=\"text-align: justify;\">Pelo seu testemunho de pastor, podemos afirmar que o referido \u201cSentir com Cristo e com a Igreja\u201d significa doar-se inteiramente no servi\u00e7o ao rebanho, o que podemos contemplar na eloquente trajet\u00f3ria em que esteve \u00e0 frente da Diocese de Taubat\u00e9 com cora\u00e7\u00e3o de pai e firmeza de pastor.<\/p>\n<p style=\"text-align: justify;\">Assim como Santa M\u00f4nica n\u00e3o mediu esfor\u00e7os por amor \u00e0 sua fam\u00edlia, Dom Carmo dedicou-se com denodo na Diocese de Taubat\u00e9 e nas mais diversas frentes mission\u00e1rias e pastorais, conduzindo o rebanho com firmeza paterna, sabedoria e dedica\u00e7\u00e3o. A vida episcopal n\u00e3o \u00e9 isenta de cruzes, incompreens\u00f5es ou noites escuras. O pastoreio exige a vigil\u00e2ncia do guardi\u00e3o que n\u00e3o dorme enquanto o rebanho precisa de amparo. Celebrar tr\u00eas d\u00e9cadas desse sim \u00e9 confirmar que a gra\u00e7a de Deus \u00e9 suficiente para sustentar uma voca\u00e7\u00e3o inteira dedicada a gerar vida no Esp\u00edrito.<\/p>\n<p style=\"text-align: justify;\">Meus irm\u00e3os, a mensagem das leituras de hoje e o testemunho de Santa M\u00f4nica e de Dom Carmo direcionam-se diretamente a cada um de n\u00f3s, de forma muito concreta, no \u00e2mbito de nossa vida di\u00e1ria e de nossos compromissos profissionais. Muitas vezes, em nossa rotina di\u00e1ria no trabalho, nas nossas carreiras e nas responsabilidades do mundo corporativo, social ou acad\u00eamico, somos tentados ao cansa\u00e7o, ao des\u00e2nimo e ao cinismo. As dificuldades parecem sufocar os nossos ideais, e a sensa\u00e7\u00e3o de que nossos esfor\u00e7os s\u00e3o em v\u00e3o tenta se instalar. Contudo, lembrem-se: o seu trabalho tamb\u00e9m \u00e9 o seu lugar de santifica\u00e7\u00e3o e o seu campo de miss\u00e3o.<\/p>\n<p style=\"text-align: justify;\">A profundeza da liturgia de hoje se manifesta n\u00e3o apenas no convite \u00e0 vigil\u00e2ncia do Evangelho, mas tamb\u00e9m no hino de gratid\u00e3o que S\u00e3o Paulo nos oferece na Primeira Leitura (1Cor 1,1-9). O ap\u00f3stolo nos recorda que em Cristo fomos &#8220;enriquecidos em tudo, em toda a palavra e em todo o conhecimento&#8221; e que \u00e9 o pr\u00f3prio Deus quem nos concede a gra\u00e7a e os dons para perseverarmos de modo irrepreens\u00edvel at\u00e9 o fim.<\/p>\n<p style=\"text-align: justify;\">Esta certeza de que &#8220;Deus \u00e9 fiel&#8221; sustentou Santa M\u00f4nica em suas preces aparentemente sem resposta e fundamentou o lema e a miss\u00e3o de Dom Carmo ao longo dessas tr\u00eas d\u00e9cadas: n\u00e3o dependemos de nossas pr\u00f3prias for\u00e7as fr\u00e1geis, mas do transbordamento dos dons que o pr\u00f3prio Esp\u00edrito infunde naqueles que chamou \u00e0 comunh\u00e3o com seu Filho.<\/p>\n<p style=\"text-align: justify;\">Inspirados tamb\u00e9m pelas palavras do Salmo 144 \u2013 &#8220;Uma idade conta \u00e0 outra vossas obras e publica os vossos feitos poderosos&#8221; \u2013, compreendemos o verdadeiro sentido do Jubileu Episcopal que hoje celebramos. Celebrar 30 anos de episcopado n\u00e3o \u00e9 exaltar os m\u00e9ritos de um homem, mas cantar as obras poderosas que Deus realizou por meio da instrumentalidade de um pastor humano.<\/p>\n<p style=\"text-align: justify;\">Quando uma gera\u00e7\u00e3o testemunha a fidelidade de um bispo que escolheu \u201cSentir com Cristo e com a Igreja\u201d, transmite-se \u00e0 gera\u00e7\u00e3o seguinte a certeza viva de que o Senhor cumpre suas promessas e continua governando o Seu povo.<\/p>\n<p style=\"text-align: justify;\">Meus irm\u00e3os e minhas irm\u00e3s, a profiss\u00e3o de cada um de voc\u00eas n\u00e3o \u00e9 apenas um meio de subsist\u00eancia, mas uma verdadeira dimens\u00e3o vocacional. Tal como a m\u00e3e que chora pela convers\u00e3o do filho, ou o bispo que zela dia e noite pela sua diocese, cada qual que aqui se encontra \u00e9 chamado a ser o &#8220;servo fiel e prudente&#8221; no seu ambiente de trabalho:<\/p>\n<ul style=\"text-align: justify;\">\n<li>perseverem na \u00e9tica e na honestidade, mesmo quando o caminho mais f\u00e1cil parecer tentador;<\/li>\n<li>cultivem a paci\u00eancia e a empatia com os colegas de equipe e liderados, lembrando-se de que cada pessoa carrega lutas invis\u00edveis;<\/li>\n<li>mantenham a excel\u00eancia e o ardor, realizando as pequenas tarefas do dia a dia com extraordin\u00e1rio amor e senso de prop\u00f3sito;<\/li>\n<li>n\u00e3o esmore\u00e7am diante das demoras ou das frustra\u00e7\u00f5es tempor\u00e1rias.<\/li>\n<\/ul>\n<p style=\"text-align: justify;\">A colheita vir\u00e1 no tempo certo se n\u00e3o desanimarmos.<\/p>\n<p style=\"text-align: justify;\">Que o exemplo de l\u00e1grimas e vit\u00f3ria de Santa M\u00f4nica nos ilumine, e que os 30 anos de entrega episcopal de Dom Carmo Rhoden nos inspirem a renovar, hoje mesmo, o nosso compromisso com a nossa voca\u00e7\u00e3o. Sejamos vigilantes, permane\u00e7amos firmes em nossos postos de disc\u00edpulos-mission\u00e1rios de Jesus Cristo e fa\u00e7amos tudo para a maior honra e gl\u00f3ria de Deus.<\/p>\n<p style=\"text-align: justify;\">Por tudo isso, Dom Carmo, a nossa palavra nesta data jubilosa n\u00e3o poderia ser outra sen\u00e3o de profunda gratid\u00e3o. Rendemos gra\u00e7as a Deus pelos seus 30 anos de entrega episcopal, marcados por um cora\u00e7\u00e3o generoso que verdadeiramente sabe <em>sentir com Cristo e com a Igreja<\/em>.<\/p>\n<p style=\"text-align: justify;\">Querido Dom Carmo Jo\u00e3o: n\u00f3s dois nascemos no Rio Grande do Sul. V. Excia. trabalhou grande parte de sua vida como padre em Santa Catarina e foi bispo totalmente em sua querida Taubat\u00e9. Eu trabalhei em Toledo, de l\u00e1 fui seu bispo e depois fui Arcebispo de Maring\u00e1. Agora n\u00f3s dois nos dedicamos em cuidar da sa\u00fade dos mais vulner\u00e1veis e queridos por Deus na nossa emeritude. Seu episcopado, nestes trinta anos, foi fecundo e frutificou para todos sentirmos com Cristo e com a Igreja!<\/p>\n<p style=\"text-align: justify;\">Obrigado pelo seu testemunho firme de f\u00e9, por sua paternidade episcopal que acolhe e instrui, pelas l\u00e1grimas e ora\u00e7\u00f5es silenciosas oferecidas por seu rebanho e por sua presen\u00e7a constante ao longo destas tr\u00eas d\u00e9cadas.<\/p>\n<p style=\"text-align: justify;\">Que o Senhor da Messe o aben\u00e7oe abundantemente, renove diariamente as suas for\u00e7as e continue a iluminar os seus passos. Que Maria, M\u00e3e da Igreja, Senhora do Carmo, e Santa M\u00f4nica intercedam sempre pelo seu minist\u00e9rio e pela sua vida. A nossa filial e afetuosa gratid\u00e3o, Dom Carmo!<\/p>\n<p style=\"text-align: justify;\">Louvado seja Nosso Senhor Jesus Cristo!<\/p>\n","protected":false},"excerpt":{"rendered":"<p>Mem\u00f3ria de Santa M\u00f4nica e Jubileu de P\u00e9rola Episcopal de SER Dom Carmo Jo\u00e3o Rhoden, SCJ Queridos irm\u00e3os e irm\u00e3s em Cristo, A liturgia de hoje nos coloca diante do testemunho comovente e irrefut\u00e1vel de Santa M\u00f4nica. M\u00f4nica n\u00e3o foi uma mulher de grandes discursos teol\u00f3gicos, mas de uma ora\u00e7\u00e3o persistente, regada por l\u00e1grimas e [&hellip;]<\/p>\n","protected":false},"author":53272,"featured_media":92837,"comment_status":"open","ping_status":"closed","sticky":false,"template":"","format":"standard","meta":{"footnotes":""},"categories":[9],"tags":[],"class_list":["post-98853","post","type-post","status-publish","format-standard","has-post-thumbnail","hentry","category-artigos"],"_links":{"self":[{"href":"https:\/\/catolicanet.net\/wp-cnet\/wp-json\/wp\/v2\/posts\/98853","targetHints":{"allow":["GET"]}}],"collection":[{"href":"https:\/\/catolicanet.net\/wp-cnet\/wp-json\/wp\/v2\/posts"}],"about":[{"href":"https:\/\/catolicanet.net\/wp-cnet\/wp-json\/wp\/v2\/types\/post"}],"author":[{"embeddable":true,"href":"https:\/\/catolicanet.net\/wp-cnet\/wp-json\/wp\/v2\/users\/53272"}],"replies":[{"embeddable":true,"href":"https:\/\/catolicanet.net\/wp-cnet\/wp-json\/wp\/v2\/comments?post=98853"}],"version-history":[{"count":2,"href":"https:\/\/catolicanet.net\/wp-cnet\/wp-json\/wp\/v2\/posts\/98853\/revisions"}],"predecessor-version":[{"id":98856,"href":"https:\/\/catolicanet.net\/wp-cnet\/wp-json\/wp\/v2\/posts\/98853\/revisions\/98856"}],"wp:featuredmedia":[{"embeddable":true,"href":"https:\/\/catolicanet.net\/wp-cnet\/wp-json\/wp\/v2\/media\/92837"}],"wp:attachment":[{"href":"https:\/\/catolicanet.net\/wp-cnet\/wp-json\/wp\/v2\/media?parent=98853"}],"wp:term":[{"taxonomy":"category","embeddable":true,"href":"https:\/\/catolicanet.net\/wp-cnet\/wp-json\/wp\/v2\/categories?post=98853"},{"taxonomy":"post_tag","embeddable":true,"href":"https:\/\/catolicanet.net\/wp-cnet\/wp-json\/wp\/v2\/tags?post=98853"}],"curies":[{"name":"wp","href":"https:\/\/api.w.org\/{rel}","templated":true}]}}