{"id":98850,"date":"2026-08-30T09:36:17","date_gmt":"2026-08-30T12:36:17","guid":{"rendered":"https:\/\/catolicanet.net\/wp-cnet\/?p=98850"},"modified":"2026-09-02T12:37:10","modified_gmt":"2026-09-02T15:37:10","slug":"22o-domingo-do-tempo-comum-3","status":"publish","type":"post","link":"https:\/\/catolicanet.net\/wp-cnet\/22o-domingo-do-tempo-comum-3\/","title":{"rendered":"22\u00ba Domingo do Tempo Comum"},"content":{"rendered":"<p style=\"text-align: center;\">\u201cSe algu\u00e9m quer me seguir, renuncie a si mesmo, tome a sua cruz e me siga\u201d <em>(Mt 16,24)<\/em><\/p>\n<p style=\"text-align: justify;\"><em>\u00a0<\/em>Celebramos neste domingo o vig\u00e9simo segundo deste Tempo Comum, encerrando neste domingo o m\u00eas de agosto, um m\u00eas especial para a Igreja, pois, em cada domingo recordamos uma voca\u00e7\u00e3o em espec\u00edfico. No primeiro domingo recordamos a voca\u00e7\u00e3o ao minist\u00e9rio ordenado e o dia do padre, no segundo domingo a voca\u00e7\u00e3o ao matrim\u00f4nio, vida familiar e o Dia dos Pais, no terceiro domingo recordamos a voca\u00e7\u00e3o a vida religiosa e consagrada, no quarto domingo a voca\u00e7\u00e3o aos diversos minist\u00e9rios e servi\u00e7os que podemos exercer na comunidade e neste domingo recordamos o Dia Nacional dos Catequistas.<\/p>\n<p style=\"text-align: justify;\">Os catequistas s\u00e3o o bra\u00e7o direito do padre na comunidade, ensinam em nome do padre e da Igreja os catequisandos. O primeiro catequista da comunidade \u00e9 o p\u00e1roco, mas devido aos servi\u00e7os pastorais e as demandas que ele possui n\u00e3o \u00e9 poss\u00edvel estar nas turmas de catequese, ent\u00e3o delega leigos para que fa\u00e7am esse servi\u00e7o.<\/p>\n<p style=\"text-align: justify;\">Para ser catequista primeiramente \u00e9 preciso ser chamado por Deus, como qualquer outra voca\u00e7\u00e3o, discernir e responder a esse chamado por meio da ora\u00e7\u00e3o, em seguida conversar com o padre, e ele ir\u00e1 delegar para primeiramente para auxiliar uma outra catequista para depois assumir uma turma.<\/p>\n<p style=\"text-align: justify;\">Al\u00e9m disso, desde 2021 para ser catequista \u00e9 necess\u00e1rio se preparar-se atrav\u00e9s da Escola Catequ\u00e9tica e ao final do per\u00edodo recebe o minist\u00e9rio de catequista. \u00c9 necess\u00e1rio antes de tudo uma viv\u00eancia pastoral, frequ\u00eancia as missas dominicais, uma vida de acordo com aquilo que a nossa f\u00e9 pede, ent\u00e3o o padre encaminhar\u00e1 para a Escola Catequ\u00e9tica, com a assinatura dele e do Bispo Diocesano.<\/p>\n<p style=\"text-align: justify;\">O saudoso Papa Francisco instituiu e aperfei\u00e7oou o minist\u00e9rio de catequista atrav\u00e9s do documento <em>Antiquum Ministerium<\/em><strong><em>. <\/em><\/strong>Ele tomou essa atitude devido a seriedade que \u00e9 esse chamado, pois, conforme dissemos o catequista ensina em nome do padre e da Igreja, n\u00e3o pode ensinar aquilo que ele pensa, mas sim, o que pensa a Igreja.<\/p>\n<p style=\"text-align: justify;\">Quero desejar felicidades a todos os catequistas e perseveran\u00e7a em seu minist\u00e9rio, ainda quero dizer que o minist\u00e9rio de catequista \u00e9 muito importante, pois por meio dos catequistas chegam novos crist\u00e3os cat\u00f3licos para a Igreja. O catequista \u00e9 desde o batismo at\u00e9 a catequese de adultos. A equipe da pastoral do batismo \u00e9 formada por catequistas, do mesmo modo que os demais. Portanto, sintam-se todos abra\u00e7ados nesse domingo e que Deus os aben\u00e7oe.<\/p>\n<p style=\"text-align: justify;\">No Evangelho deste domingo Jesus diz aos disc\u00edpulos tudo aquilo que vai acontecer com Ele, que ser\u00e1 entregue nas m\u00e3os das autoridades judaicas e que sofreria muito e seria morto, mas que no terceiro dia ressuscitaria. Pedro, inocentemente interv\u00e9m e diz que <em>\u201cDeus n\u00e3o permita tal coisa\u201d, <\/em>e Jesus pede para que Pedro se afastasse, pois ele n\u00e3o pensava como Deus e sim como os homens. Pedro ainda n\u00e3o compreendia que era necess\u00e1rio que Jesus passasse pela Cruz para chegar \u00e0 gl\u00f3ria e selar de uma vez por todas a alian\u00e7a de Deus com a humanidade.<\/p>\n<p style=\"text-align: justify;\">A primeira leitura da missa deste Domingo \u00e9 do livro do profeta Jeremias <em>(Jr 20,7-9), <\/em>o profeta usa uma bela express\u00e3o para dizer que o Senhor o seduziu e ele deixou-se seduzir pelo Senhor. Na verdade, o profeta deixou-se atrair pela Palavra de Deus, e esse \u00e9 mesmo sentimento que n\u00f3s devemos ter todas as vezes que meditarmos a Palavra de Deus ou todas as vezes que formos a Santa Missa e ouvirmos a Palavra de Deus e a homilia do sacerdote.<\/p>\n<p style=\"text-align: justify;\">A partir da medita\u00e7\u00e3o da Palavra de Deus nos tornamos mais fortes e podemos \u201cenfrentar\u201d todos os inimigos, e ao mesmo modo que todos os profetas poderemos anunciar a justi\u00e7a contida na Palavra e denunciar as injusti\u00e7as. N\u00e3o podemos desistir de anunciar a justi\u00e7a e a verdade, quem anda sempre no caminho do bem, Deus estar\u00e1 sempre junto.<\/p>\n<p style=\"text-align: justify;\">O salmo responsorial \u00e9 o <em>62(63), <\/em>que diz em seu refr\u00e3o<em>: \u201cA minh\u2019alma tem sede de v\u00f3s como a terra sedenta, \u00f3 meu Deus\u201d! <\/em>N\u00f3s devemos estar sempre sedentos da Palavra de Deus, todos os dias meditar um trecho da B\u00edblia, para que aquela Palavra ilumine todo o nosso dia. A medita\u00e7\u00e3o da Palavra de Deus acalma a alma e alegra o cora\u00e7\u00e3o, nos ajuda a tomarmos as decis\u00f5es acertadas ao longo dia.<\/p>\n<p style=\"text-align: justify;\">A segunda leitura da missa desse Domingo \u00e9 da carta de S\u00e3o Paulo aos Romanos <em>(Rm 12, 1-2), <\/em>Paulo alerta a comunidade a seguir sempre aquilo que \u00e9 certo e que agrada a Deus, o crist\u00e3o cat\u00f3lico \u00e9 aquele que tem um comportamento diferente das outras pessoas, ou seja, pratica a justi\u00e7a, a verdade, o amor, a paci\u00eancia e a retid\u00e3o. Essas coisas agradam a Deus e a partir de nossas atitudes podemos transformar a sociedade. Sejamos corajosos e n\u00e3o tenhamos medo de anunciar a verdade e o amor.<\/p>\n<p style=\"text-align: justify;\">O Evangelho de hoje \u00e9 de Mateus (<em>Mt 16, 21 -27). <\/em>Este trecho do Evangelho \u00e9 ap\u00f3s o epis\u00f3dio da Transfigura\u00e7\u00e3o. Jesus come\u00e7a a dizer para os disc\u00edpulos o que deveria acontecer com Ele, eles j\u00e1 estavam pr\u00f3ximos de Jerusal\u00e9m. A vida p\u00fablica de Jesus \u00e9 de fato caminhar at\u00e9 entrar em Jerusal\u00e9m, quando o povo o aclama como Rei e posteriormente sofrer a paix\u00e3o, morte e ressurrei\u00e7\u00e3o.<\/p>\n<p style=\"text-align: justify;\">Jesus sabia o que lhe aguardava, essa era a miss\u00e3o que recebeu do Pai e via o que as autoridades judaicas armavam contra Ele, e ainda, era necess\u00e1rio Jesus morrer na Cruz, para selar definitivamente a alian\u00e7a de Deus com a humanidade e mostrar que a morte n\u00e3o tem a \u00faltima palavra e do mesmo modo que Ele ressuscitou todos n\u00f3s ressuscitaremos.<\/p>\n<p style=\"text-align: justify;\">Pedro chama Jesus a parte e diz: <em>\u201cDeus n\u00e3o permita tal coisa Senhor\u201d, <\/em>Pedro ainda n\u00e3o havia compreendido que era necess\u00e1rio que Jesus morresse na Cruz para nos salvar e pensando \u201chumanamente\u201d ele n\u00e3o queria que Jesus sofresse, do mesmo modo, que cada um de n\u00f3s n\u00e3o quer que um ente querido ou algu\u00e9m pr\u00f3ximo sofra. A exemplo do epis\u00f3dio da Transfigura\u00e7\u00e3o que Pedro disse a Jesus: \u201cSenhor \u00e9 bom estarmos aqui\u201d, ou seja, Pedro j\u00e1 queria estar na gl\u00f3ria, sem antes passar pelos sofrimentos dessa vida.<\/p>\n<p style=\"text-align: justify;\">Por isso, tanto Pedro, como n\u00f3s, temos que pensar como Deus e ver que \u00e9 necess\u00e1rio passar pelos sofrimentos dessa vida para poder entrar na gl\u00f3ria e que era necess\u00e1rio que Jesus morresse na Cruz para nos salvar.<\/p>\n<p style=\"text-align: justify;\">Jesus conclui dizendo que quem quiser segui-lo deve renunciar a si mesmo, tomar a sua Cruz de cada dia e segui-lo. Ou seja, \u00e9 necess\u00e1rio estar com Jesus nos momentos \u201cmaus\u201d e nos \u201cbons\u201d, n\u00e3o podemos estar com Jesus somente quando est\u00e1 tudo bem. \u00c9 preciso vencer as adversidades aqui da terra para poder adentrar na vida eterna.<\/p>\n<p style=\"text-align: justify;\">Celebremos com alegria esse vig\u00e9simo segundo Domingo do Tempo Comum e pe\u00e7amos ao Esp\u00edrito Santo que nos oriente e nos ilumine para que possamos pensar como Deus e n\u00e3o como os homens e compreender a nossa miss\u00e3o aqui na terra, que \u00e9 necess\u00e1rio passar pelos sofrimentos terrenos para chegar \u00e0 gl\u00f3ria eterna.<\/p>\n","protected":false},"excerpt":{"rendered":"<p>\u201cSe algu\u00e9m quer me seguir, renuncie a si mesmo, tome a sua cruz e me siga\u201d (Mt 16,24) \u00a0Celebramos neste domingo o vig\u00e9simo segundo deste Tempo Comum, encerrando neste domingo o m\u00eas de agosto, um m\u00eas especial para a Igreja, pois, em cada domingo recordamos uma voca\u00e7\u00e3o em espec\u00edfico. No primeiro domingo recordamos a voca\u00e7\u00e3o [&hellip;]<\/p>\n","protected":false},"author":5,"featured_media":55819,"comment_status":"open","ping_status":"closed","sticky":false,"template":"","format":"standard","meta":{"footnotes":""},"categories":[9],"tags":[],"class_list":["post-98850","post","type-post","status-publish","format-standard","has-post-thumbnail","hentry","category-artigos"],"_links":{"self":[{"href":"https:\/\/catolicanet.net\/wp-cnet\/wp-json\/wp\/v2\/posts\/98850","targetHints":{"allow":["GET"]}}],"collection":[{"href":"https:\/\/catolicanet.net\/wp-cnet\/wp-json\/wp\/v2\/posts"}],"about":[{"href":"https:\/\/catolicanet.net\/wp-cnet\/wp-json\/wp\/v2\/types\/post"}],"author":[{"embeddable":true,"href":"https:\/\/catolicanet.net\/wp-cnet\/wp-json\/wp\/v2\/users\/5"}],"replies":[{"embeddable":true,"href":"https:\/\/catolicanet.net\/wp-cnet\/wp-json\/wp\/v2\/comments?post=98850"}],"version-history":[{"count":1,"href":"https:\/\/catolicanet.net\/wp-cnet\/wp-json\/wp\/v2\/posts\/98850\/revisions"}],"predecessor-version":[{"id":98852,"href":"https:\/\/catolicanet.net\/wp-cnet\/wp-json\/wp\/v2\/posts\/98850\/revisions\/98852"}],"wp:featuredmedia":[{"embeddable":true,"href":"https:\/\/catolicanet.net\/wp-cnet\/wp-json\/wp\/v2\/media\/55819"}],"wp:attachment":[{"href":"https:\/\/catolicanet.net\/wp-cnet\/wp-json\/wp\/v2\/media?parent=98850"}],"wp:term":[{"taxonomy":"category","embeddable":true,"href":"https:\/\/catolicanet.net\/wp-cnet\/wp-json\/wp\/v2\/categories?post=98850"},{"taxonomy":"post_tag","embeddable":true,"href":"https:\/\/catolicanet.net\/wp-cnet\/wp-json\/wp\/v2\/tags?post=98850"}],"curies":[{"name":"wp","href":"https:\/\/api.w.org\/{rel}","templated":true}]}}