{"id":98847,"date":"2026-08-30T09:35:20","date_gmt":"2026-08-30T12:35:20","guid":{"rendered":"https:\/\/catolicanet.net\/wp-cnet\/?p=98847"},"modified":"2026-09-02T12:36:06","modified_gmt":"2026-09-02T15:36:06","slug":"catequistas-transmissores-da-fe-catolica","status":"publish","type":"post","link":"https:\/\/catolicanet.net\/wp-cnet\/catequistas-transmissores-da-fe-catolica\/","title":{"rendered":"Catequistas: transmissores da f\u00e9 cat\u00f3lica!"},"content":{"rendered":"<p style=\"text-align: justify;\">A Igreja no Brasil encerra a sua jornada de ora\u00e7\u00e3o pelas voca\u00e7\u00f5es voltando o cora\u00e7\u00e3o para aqueles que s\u00e3o os guardi\u00f5es e transmissores da f\u00e9: os catequistas. No costume pastoral brasileiro, quando agosto nos presenteia com este quinto domingo, o olhar sobre a catequese se alarga, convidando-nos a contemplar a profundidade teol\u00f3gica, hist\u00f3rica e eclesial dessa voca\u00e7\u00e3o insubstitu\u00edvel.<\/p>\n<p style=\"text-align: justify;\">A voca\u00e7\u00e3o do catequista n\u00e3o \u00e9 uma mera fun\u00e7\u00e3o funcionalista ou administrativa; trata-se de uma verdadeira participa\u00e7\u00e3o no pr\u00f3prio m\u00fanus prof\u00e9tico de Cristo (<em>Munus Docendi<\/em>), ressaltado pela <em>Lumen Gentium<\/em> (n. 35). Desde a aurora do cristianismo, o <em>Kerygma<\/em> (o primeiro an\u00fancio) e a <em>Didach\u00e9<\/em> (o ensino sistem\u00e1tico) constitu\u00edram os pilares da expans\u00e3o do Reino.<\/p>\n<p style=\"text-align: justify;\">A patr\u00edstica nos ensina que a catequese \u00e9 o pr\u00f3prio ato de &#8220;fazer ecoar&#8221; (<em>katechein<\/em>) a Palavra de Deus no cora\u00e7\u00e3o do ser humano. Grandes te\u00f3logos dedicaram sua vida a essa miss\u00e3o mistag\u00f3gica: S\u00e3o Cirilo de Jerusal\u00e9m, com suas <em>Catequeses Mistag\u00f3gicas<\/em>; Santo Agostinho, ao escrever <em>De Catechizandis Rudibus<\/em> (<em>A Catequese dos Iniciantes<\/em>), ensinando que a fonte de toda a catequese deve ser o amor de Deus manifestado na hist\u00f3ria da salva\u00e7\u00e3o; e S\u00e3o Jo\u00e3o Cris\u00f3stomo, cujas homilias catequ\u00e9ticas formavam o car\u00e1ter crist\u00e3o na antiga Antioquia e Constantinopla.<\/p>\n<p style=\"text-align: justify;\">Ao longo dos s\u00e9culos, o papel do catequista revelou sua for\u00e7a transformadora sobretudo nas situa\u00e7\u00f5es de vulnerabilidade, persegui\u00e7\u00e3o e guerra. Nas catacumbas do Imp\u00e9rio Romano, sob os regimes totalit\u00e1rios do s\u00e9culo XX na Europa Oriental, ou durante as persegui\u00e7\u00f5es em pa\u00edses da \u00c1sia e \u00c1frica, foram os catequistas leigos que \u2014 frequentemente privados da presen\u00e7a f\u00edsica dos sacerdotes \u2014 mantiveram acesa a chama da f\u00e9, batizando, ensinando o Evangelho na clandestinidade e pagando, muitas vezes, com a pr\u00f3pria vida.<\/p>\n<p style=\"text-align: justify;\">O Magist\u00e9rio recente da Igreja, de forma especial atrav\u00e9s do Motu Proprio <em>Antiquum Ministerium<\/em> (2021) e do <em>Diret\u00f3rio para a Catequese<\/em> (2020), reconhece a catequese como um Minist\u00e9rio Laical Institu\u00eddo, sublinhando sua dignidade e responsabilidade no tecido eclesial. O catequista contempor\u00e2neo \u00e9 chamado a ser n\u00e3o apenas um instrutor, mas uma testemunha, um acompanhante no processo da Inicia\u00e7\u00e3o \u00e0 Vida Crist\u00e3 (IVC). Pastoralmente, o catequista pode desenvolver seu of\u00edcio por tr\u00eas vias b\u00e1sicas que tamb\u00e9m podem vincular-se uma ap\u00f3s outra: a querigm\u00e1tica, a do acompanhamento e a comunit\u00e1ria.<\/p>\n<p style=\"text-align: justify;\">Pela dimens\u00e3o querigm\u00e1tica, o catequista procura transmitir a mensagem da f\u00e9 investindo os esfor\u00e7os no exerc\u00edcio pessoal rumo a uma experi\u00eancia profunda e transformadora com a pessoa de Jesus Cristo, antes de qualquer dogma, doutrina ou ensinamento mais robusto, categ\u00f3rico ou mesmo catedr\u00e1tico. Pelo acompanhamento, aposta-se no exerc\u00edcio da escuta emp\u00e1tica e da miseric\u00f3rdia frente \u00e0s feridas existenciais. Pela via comunit\u00e1ria, est\u00e1 a inser\u00e7\u00e3o do catec\u00fameno na vida lit\u00fargica, orante e fraterna da comunidade local, \u00e9 quando o fiel j\u00e1 come\u00e7a a sentir-se definitivamente parte do corpo m\u00edstico de Cristo, sua Igreja, momento fundamental tanto para o fiel como para a comunidade que o recebe.<\/p>\n<p style=\"text-align: justify;\">Na Igreja primitiva, inclusive, o catecumenato n\u00e3o era apenas um percurso de instru\u00e7\u00e3o doutrin\u00e1ria, mas um rigoroso e apaixonante itiner\u00e1rio de convers\u00e3o e discernimento que podia durar de dois a tr\u00eas anos. Em meio a um clima de constantes persegui\u00e7\u00f5es pelo Imp\u00e9rio Romano, esse longo tempo de matura\u00e7\u00e3o na f\u00e9 cumpria uma dupla fun\u00e7\u00e3o vital: por um lado, permitia que a Palavra de Deus transformasse radicalmente os costumes e a vida moral do candidato antes de sua imers\u00e3o nas \u00e1guas batismais; por outro, servia como uma prudente salvaguarda para a pr\u00f3pria comunidade eclesial. Atrav\u00e9s do testemunho dos padrinhos e de um criterioso acompanhamento dos bispos e catequistas, examinava-se a retid\u00e3o de inten\u00e7\u00e3o do catec\u00fameno para proteger o rebanho contra impostores e espi\u00f5es que buscavam infiltrar-se nas assembleias crist\u00e3s para posteriormente denunci\u00e1-las \u00e0s autoridades imperiais.<\/p>\n<p style=\"text-align: justify;\">Na era da informa\u00e7\u00e3o, a catequese encontra um novo e vasto campo de miss\u00e3o: o continente digital. Hoje, homens e mulheres dedicam-se a criar canais de m\u00eddia, programas, podcasts e cursos de forma\u00e7\u00e3o cat\u00f3lica <em>online<\/em>, expandindo as fronteiras da evangeliza\u00e7\u00e3o para al\u00e9m das paredes dos templos. Esse novo ecossistema pastoral exige dos catequistas digitais uma fidelidade ainda mais rigorosa.<\/p>\n<p style=\"text-align: justify;\">Frente \u00e0 pulveriza\u00e7\u00e3o de conte\u00fados e ao risco de individualismos teol\u00f3gicos, a atividade catequ\u00e9tica no ambiente virtual \u00e9 provocada a manter-se ancorada no Magist\u00e9rio, garantindo que o ensino esteja em total harmonia com o <em>Catecismo da Igreja Cat\u00f3lica<\/em> e os ensinamentos dos bispos em comunh\u00e3o com o Papa; \u00e9 provocada ainda a promover a unidade eclesial, evitando polariza\u00e7\u00f5es e ideologias. Por sobre tudo isto, os catequistas dos meios digitais s\u00e3o chamados a atuarem como pontes para a vida comunit\u00e1ria, compreendendo que a forma\u00e7\u00e3o digital n\u00e3o substitui a experi\u00eancia dos sacramentos, da liturgia e do abra\u00e7o fraterno na comunidade paroquial, mas deve sempre conduzir a ela.<\/p>\n<p style=\"text-align: justify;\">Quero agradecer a todos os catequistas de nossa Arquidiocese de S\u00e3o Sebasti\u00e3o do Rio de Janeiro pelo seu vivo testemunho de transmissores da f\u00e9 cat\u00f3lica. O seu labor \u00e9 fundamental no m\u00fanus de ensinar do Arcebispo e dos seus colaboradores, os p\u00e1rocos. Recebam a minha b\u00ean\u00e7\u00e3o especial neste dia e a minha gratid\u00e3o!<\/p>\n<p style=\"text-align: justify;\">\u00c0queles e \u00e0quelas que sentem em seu interior o sobressalto da voca\u00e7\u00e3o catequ\u00e9tica: n\u00e3o tenham medo! Responder a esse chamado \u00e9 aceitar o convite para ser cooperador da Verdade e construtor de uma sociedade mais justa e iluminada pela esperan\u00e7a crist\u00e3. Seja nas salas de catequese de nossas comunidades rurais ou urbanas, no acompanhamento dos adultos e jovens, na atua\u00e7\u00e3o com as popula\u00e7\u00f5es vulner\u00e1veis ou diante das c\u00e2meras e redes virtuais, o Esp\u00edrito Santo continua a necessitar das suas vozes, das suas m\u00e3os e dos seus cora\u00e7\u00f5es. Que a for\u00e7a da Tradi\u00e7\u00e3o e o sopro da novidade do Esp\u00edrito sustentem cada catequista a manter-se firme, jubiloso e perseverante nesta nobre miss\u00e3o!<\/p>\n","protected":false},"excerpt":{"rendered":"<p>A Igreja no Brasil encerra a sua jornada de ora\u00e7\u00e3o pelas voca\u00e7\u00f5es voltando o cora\u00e7\u00e3o para aqueles que s\u00e3o os guardi\u00f5es e transmissores da f\u00e9: os catequistas. No costume pastoral brasileiro, quando agosto nos presenteia com este quinto domingo, o olhar sobre a catequese se alarga, convidando-nos a contemplar a profundidade teol\u00f3gica, hist\u00f3rica e eclesial [&hellip;]<\/p>\n","protected":false},"author":5,"featured_media":55819,"comment_status":"open","ping_status":"closed","sticky":false,"template":"","format":"standard","meta":{"footnotes":""},"categories":[9],"tags":[],"class_list":["post-98847","post","type-post","status-publish","format-standard","has-post-thumbnail","hentry","category-artigos"],"_links":{"self":[{"href":"https:\/\/catolicanet.net\/wp-cnet\/wp-json\/wp\/v2\/posts\/98847","targetHints":{"allow":["GET"]}}],"collection":[{"href":"https:\/\/catolicanet.net\/wp-cnet\/wp-json\/wp\/v2\/posts"}],"about":[{"href":"https:\/\/catolicanet.net\/wp-cnet\/wp-json\/wp\/v2\/types\/post"}],"author":[{"embeddable":true,"href":"https:\/\/catolicanet.net\/wp-cnet\/wp-json\/wp\/v2\/users\/5"}],"replies":[{"embeddable":true,"href":"https:\/\/catolicanet.net\/wp-cnet\/wp-json\/wp\/v2\/comments?post=98847"}],"version-history":[{"count":1,"href":"https:\/\/catolicanet.net\/wp-cnet\/wp-json\/wp\/v2\/posts\/98847\/revisions"}],"predecessor-version":[{"id":98849,"href":"https:\/\/catolicanet.net\/wp-cnet\/wp-json\/wp\/v2\/posts\/98847\/revisions\/98849"}],"wp:featuredmedia":[{"embeddable":true,"href":"https:\/\/catolicanet.net\/wp-cnet\/wp-json\/wp\/v2\/media\/55819"}],"wp:attachment":[{"href":"https:\/\/catolicanet.net\/wp-cnet\/wp-json\/wp\/v2\/media?parent=98847"}],"wp:term":[{"taxonomy":"category","embeddable":true,"href":"https:\/\/catolicanet.net\/wp-cnet\/wp-json\/wp\/v2\/categories?post=98847"},{"taxonomy":"post_tag","embeddable":true,"href":"https:\/\/catolicanet.net\/wp-cnet\/wp-json\/wp\/v2\/tags?post=98847"}],"curies":[{"name":"wp","href":"https:\/\/api.w.org\/{rel}","templated":true}]}}