{"id":98832,"date":"2026-08-29T09:21:01","date_gmt":"2026-08-29T12:21:01","guid":{"rendered":"https:\/\/catolicanet.net\/wp-cnet\/?p=98832"},"modified":"2026-09-02T12:22:04","modified_gmt":"2026-09-02T15:22:04","slug":"transmissores-da-fe-catolica","status":"publish","type":"post","link":"https:\/\/catolicanet.net\/wp-cnet\/transmissores-da-fe-catolica\/","title":{"rendered":"Transmissores da f\u00e9 cat\u00f3lica!"},"content":{"rendered":"<p style=\"text-align: justify;\">Neste quinto domingo do M\u00eas Vocacional conclu\u00edmos um tempo especial de ora\u00e7\u00e3o e reflex\u00e3o comunit\u00e1ria voltando nossos olhos e nossos cora\u00e7\u00f5es para a miss\u00e3o de cada um de voc\u00eas. Encerrar este m\u00eas dedicado \u00e0s voca\u00e7\u00f5es celebrando a voca\u00e7\u00e3o do catequista \u00e9 reconhecer que a transmiss\u00e3o da f\u00e9 \u00e9 a espinha dorsal de uma Igreja viva, mission\u00e1ria e acolhedora.<\/p>\n<p style=\"text-align: justify;\">A catequese n\u00e3o \u00e9 simplesmente um servi\u00e7o burocr\u00e1tico, uma aula te\u00f3rica ou uma tarefa a cumprir na agenda da par\u00f3quia; \u00e9 uma profunda resposta de amor a um chamado que ressoou primeiro no cora\u00e7\u00e3o de Deus. Voc\u00eas s\u00e3o a ponte viva que conecta o Evangelho \u00e0 realidade concreta das crian\u00e7as, dos jovens e dos adultos, tornando a f\u00e9 uma experi\u00eancia di\u00e1ria, comunit\u00e1ria e transformadora.<\/p>\n<p style=\"text-align: justify;\">Sabemos que o caminho pastoral n\u00e3o \u00e9 isento de cruzes e que a caminhada traz seus momentos inevit\u00e1veis de cansa\u00e7o, desgastes pedag\u00f3gicos e, por vezes, aquela inc\u00f4moda sensa\u00e7\u00e3o de que as sementes lan\u00e7adas no ch\u00e3o do cora\u00e7\u00e3o dos catequizandos custam a germinar. A cultura atual nos pede imediatismo, mas a f\u00e9 exige paci\u00eancia e cultivo constante.<\/p>\n<p style=\"text-align: justify;\">Quando o des\u00e2nimo bater \u00e0 porta, lembrem-se, em primeiro lugar, de que voc\u00eas s\u00e3o semeadores. O papel fundamental do catequista \u00e9 plantar a palavra com amor, zelo e fidelidade; o crescimento, o fruto e o tempo da colheita pertencem inteiramente \u00e0 a\u00e7\u00e3o do Esp\u00edrito Santo. N\u00e3o me\u00e7am o valor do trabalho de voc\u00eas apenas pelos resultados vis\u00edveis.<\/p>\n<p style=\"text-align: justify;\">Lembrem-se tamb\u00e9m de que a vida e a conduta de um catequista constituem, logo ap\u00f3s a fam\u00edlia, o primeiro e mais impactante catecismo que algu\u00e9m pode ler. A presen\u00e7a de voc\u00eas \u00e9 uma verdadeira escola de testemunho, paci\u00eancia, carinho e escuta atenta. As atitudes de f\u00e9, a acolhida e a dedica\u00e7\u00e3o de cada encontro marcam as gera\u00e7\u00f5es de formas t\u00e3o profundas que voc\u00eas talvez jamais consigam mensurar deste lado da eternidade.<\/p>\n<p style=\"text-align: justify;\">Por tudo isso, renovo o convite para que sigam firmes, de cabe\u00e7a erguida e cora\u00e7\u00e3o esperan\u00e7oso, na certeza absoluta de que voc\u00eas n\u00e3o caminham s\u00f3s. A comunidade paroquial caminha lado a lado com voc\u00eas, apoia os seus passos e sustenta essa miss\u00e3o por meio da ora\u00e7\u00e3o perseverante e da vida comunit\u00e1ria.<\/p>\n<p style=\"text-align: justify;\">Que a M\u00e3e Sant\u00edssima, a Primeira Catequista e Educadora na f\u00e9, guie sempre os passos de voc\u00eas, renove a alegria do primeiro &#8220;sim&#8221; e encha seus cora\u00e7\u00f5es com abund\u00e2ncia de sabedoria, paz e perseveran\u00e7a. Nosso mais sincero e profundo obrigado por cada hora doada e por cada gesto de amor dedicado \u00e0 nossa Igreja. Seguimos todos juntos: com o cora\u00e7\u00e3o ardente pela Palavra e os p\u00e9s a caminho da miss\u00e3o!<\/p>\n<p style=\"text-align: center;\"><strong>+ fr. Diamantino Prata de Carvalho, ofm.<\/strong><\/p>\n<p style=\"text-align: center;\"><strong>Bispo Em\u00e9rito da Campanha, MG<\/strong><\/p>\n","protected":false},"excerpt":{"rendered":"<p>Neste quinto domingo do M\u00eas Vocacional conclu\u00edmos um tempo especial de ora\u00e7\u00e3o e reflex\u00e3o comunit\u00e1ria voltando nossos olhos e nossos cora\u00e7\u00f5es para a miss\u00e3o de cada um de voc\u00eas. Encerrar este m\u00eas dedicado \u00e0s voca\u00e7\u00f5es celebrando a voca\u00e7\u00e3o do catequista \u00e9 reconhecer que a transmiss\u00e3o da f\u00e9 \u00e9 a espinha dorsal de uma Igreja viva, [&hellip;]<\/p>\n","protected":false},"author":1,"featured_media":55814,"comment_status":"open","ping_status":"closed","sticky":false,"template":"","format":"standard","meta":{"footnotes":""},"categories":[9],"tags":[],"class_list":["post-98832","post","type-post","status-publish","format-standard","has-post-thumbnail","hentry","category-artigos"],"_links":{"self":[{"href":"https:\/\/catolicanet.net\/wp-cnet\/wp-json\/wp\/v2\/posts\/98832","targetHints":{"allow":["GET"]}}],"collection":[{"href":"https:\/\/catolicanet.net\/wp-cnet\/wp-json\/wp\/v2\/posts"}],"about":[{"href":"https:\/\/catolicanet.net\/wp-cnet\/wp-json\/wp\/v2\/types\/post"}],"author":[{"embeddable":true,"href":"https:\/\/catolicanet.net\/wp-cnet\/wp-json\/wp\/v2\/users\/1"}],"replies":[{"embeddable":true,"href":"https:\/\/catolicanet.net\/wp-cnet\/wp-json\/wp\/v2\/comments?post=98832"}],"version-history":[{"count":1,"href":"https:\/\/catolicanet.net\/wp-cnet\/wp-json\/wp\/v2\/posts\/98832\/revisions"}],"predecessor-version":[{"id":98834,"href":"https:\/\/catolicanet.net\/wp-cnet\/wp-json\/wp\/v2\/posts\/98832\/revisions\/98834"}],"wp:featuredmedia":[{"embeddable":true,"href":"https:\/\/catolicanet.net\/wp-cnet\/wp-json\/wp\/v2\/media\/55814"}],"wp:attachment":[{"href":"https:\/\/catolicanet.net\/wp-cnet\/wp-json\/wp\/v2\/media?parent=98832"}],"wp:term":[{"taxonomy":"category","embeddable":true,"href":"https:\/\/catolicanet.net\/wp-cnet\/wp-json\/wp\/v2\/categories?post=98832"},{"taxonomy":"post_tag","embeddable":true,"href":"https:\/\/catolicanet.net\/wp-cnet\/wp-json\/wp\/v2\/tags?post=98832"}],"curies":[{"name":"wp","href":"https:\/\/api.w.org\/{rel}","templated":true}]}}