{"id":98826,"date":"2026-08-30T09:18:53","date_gmt":"2026-08-30T12:18:53","guid":{"rendered":"https:\/\/catolicanet.net\/wp-cnet\/?p=98826"},"modified":"2026-09-02T12:19:34","modified_gmt":"2026-09-02T15:19:34","slug":"vocacao-ao-ministerio-de-catequistas","status":"publish","type":"post","link":"https:\/\/catolicanet.net\/wp-cnet\/vocacao-ao-ministerio-de-catequistas\/","title":{"rendered":"Voca\u00e7\u00e3o ao Minist\u00e9rio de Catequistas"},"content":{"rendered":"<p style=\"text-align: justify;\">Dentro da perspectiva do m\u00eas vocacional recordamos no \u00faltimo domingo do m\u00eas de agosto o Dia Nacional do Catequista, ou seja, a voca\u00e7\u00e3o daqueles que s\u00e3o chamados ao minist\u00e9rio de catequista. O catequista n\u00e3o \u00e9 somente aquele que prepara para a primeira Eucaristia, mas, a catequese \u00e9 desde o batismo at\u00e9 o Crisma, ou seja, engloba os sacramentos da inicia\u00e7\u00e3o crist\u00e3.<\/p>\n<p style=\"text-align: justify;\">Portanto, quem faz parte da pastoral do batismo e prepara os pais e padrinhos para o sacramento que seus filhos e afilhados ir\u00e3o receber s\u00e3o catequistas. Aqueles que preparam as crian\u00e7as para o sacramento da Primeira Eucaristia e os adolescentes para o Crisma s\u00e3o catequistas, al\u00e9m daqueles que preparam os adultos para os sacramentos.<\/p>\n<p style=\"text-align: justify;\">Os catequistas s\u00e3o o bra\u00e7o direito do padre na comunidade, ou seja, ensinam em nome da Igreja e do padre os caminhos de Deus para as crian\u00e7as. O primeiro catequista da comunidade \u00e9 o padre, ele deveria ir \u00e0s turmas de catequese e ensinar, mas devido aos diversos compromissos e trabalhos pastorais n\u00e3o consegue, por isso, o padre delega pessoas da comunidade para serem catequistas.<\/p>\n<p style=\"text-align: justify;\">Ao longo dos anos a Igreja tem dado uma maior aten\u00e7\u00e3o aos catequistas, n\u00e3o que antes n\u00e3o desse, mas desde 2021 o Papa Francisco atrav\u00e9s da Carta Apost\u00f3lica Antiquum Minist\u00e9rium instituiu o minist\u00e9rio dos catequistas e que eles devem se preparar atrav\u00e9s das escolas de catequese nas dioceses, e ao final desse ano receber o minist\u00e9rio das m\u00e3os do bispo local.<\/p>\n<p style=\"text-align: justify;\">A Igreja leva muito a s\u00e9rio a prepara\u00e7\u00e3o para os sacramentos sobretudo aos sacramentos da inicia\u00e7\u00e3o crist\u00e3. Por isso, \u00e9 necess\u00e1rio o tempo de prepara\u00e7\u00e3o e que os catequistas sejam institu\u00eddos no minist\u00e9rio, e ainda, permane\u00e7am em constante forma\u00e7\u00e3o. Por isso mesmo, conforme dissemos, se o catequista ensina em nome do padre e da Igreja precisa ser bem formado.<\/p>\n<p style=\"text-align: justify;\">Conforme dissemos ao longo deste m\u00eas quando tratamos das outras voca\u00e7\u00f5es, todo crist\u00e3o cat\u00f3lico \u00e9 chamado por Deus a uma voca\u00e7\u00e3o. Desde o nosso batismo quando recebemos o Esp\u00edrito Santo somos chamados a ser sacerdotes, profetas e reis, e ainda, sal na terra e luz no mundo.<\/p>\n<p style=\"text-align: justify;\">No primeiro domingo recordamos a voca\u00e7\u00e3o ao minist\u00e9rio ordenado: Di\u00e1conos, padres e bispos, no segundo domingo recordamos a voca\u00e7\u00e3o ao matrim\u00f4nio, ou seja a vida em fam\u00edlia e a paternidade, no terceiro domingo a voca\u00e7\u00e3o a vida religiosa e consagrada, no quarto domingo a voca\u00e7\u00e3o aos diversos minist\u00e9rios e servi\u00e7os em nossas comunidades e no \u00faltimo domingo o Dia Nacional dos Catequistas.<\/p>\n<p style=\"text-align: justify;\">Rezemos a Deus e pe\u00e7amos a ilumina\u00e7\u00e3o do Esp\u00edrito Santo para ver em qual minist\u00e9rio, pastoral ou servi\u00e7o podemos ajudar na comunidade, e a qual voca\u00e7\u00e3o Deus nos chama. Quem sabe pode ser um bom catequista e ajudar aqueles que se preparam para os sacramentos. Em primeiro lugar reze \u00e0 Deus pedindo a luz do Esp\u00edrito Santo, em seguida procure o p\u00e1roco da sua par\u00f3quia, e ele indicara em que voc\u00ea pode ajudar na comunidade. Primeiro Deus chama, em seguida Ele espera a nossa resposta e a nossa a\u00e7\u00e3o.<\/p>\n<p style=\"text-align: justify;\">Quando algu\u00e9m se sente chamado a ser catequista precisa primeiro procurar o padre, conforme dissemos acima, fazer um per\u00edodo de discernimento, iniciar ajudando outro catequista at\u00e9 amadurecer um pouco e ser direcionado pelo p\u00e1roco para a escola catequ\u00e9tica. Porque \u00e9 necess\u00e1rio ter uma experi\u00eancia de catequista para ingressar na escola catequ\u00e9tica. Para ser catequista \u00e9 preciso uma viv\u00eancia comunit\u00e1ria, ter uma f\u00e9 madura e uma vida reta. O catequista em primeiro lugar nasce no seio da comunidade.<\/p>\n<p style=\"text-align: justify;\">Neste Domingo dedicado aos catequistas seria importante, al\u00e9m da homenagem que possa ser feita ao final das missas, renovar o compromisso assumido no in\u00edcio do minist\u00e9rio e o padre os enviar novamente para a miss\u00e3o. O agradecimento deve ser feito em forma de ora\u00e7\u00e3o, pedindo a Deus para que eles continuem ensinando com amor e entusiasmo as verdades da f\u00e9.<\/p>\n<p style=\"text-align: justify;\">Rezemos nesse Domingo por todos os minist\u00e9rios e servi\u00e7os de nossas comunidades e em especial por todos os catequistas. Que atrav\u00e9s do belo trabalho dos catequistas, a Igreja possa sempre se renovar e receber novos fi\u00e9is. Que o Esp\u00edrito Santo ilumine a todos e derrame o seu amor em toda a Igreja.<\/p>\n","protected":false},"excerpt":{"rendered":"<p>Dentro da perspectiva do m\u00eas vocacional recordamos no \u00faltimo domingo do m\u00eas de agosto o Dia Nacional do Catequista, ou seja, a voca\u00e7\u00e3o daqueles que s\u00e3o chamados ao minist\u00e9rio de catequista. O catequista n\u00e3o \u00e9 somente aquele que prepara para a primeira Eucaristia, mas, a catequese \u00e9 desde o batismo at\u00e9 o Crisma, ou seja, [&hellip;]<\/p>\n","protected":false},"author":5,"featured_media":55819,"comment_status":"open","ping_status":"closed","sticky":false,"template":"","format":"standard","meta":{"footnotes":""},"categories":[9],"tags":[],"class_list":["post-98826","post","type-post","status-publish","format-standard","has-post-thumbnail","hentry","category-artigos"],"_links":{"self":[{"href":"https:\/\/catolicanet.net\/wp-cnet\/wp-json\/wp\/v2\/posts\/98826","targetHints":{"allow":["GET"]}}],"collection":[{"href":"https:\/\/catolicanet.net\/wp-cnet\/wp-json\/wp\/v2\/posts"}],"about":[{"href":"https:\/\/catolicanet.net\/wp-cnet\/wp-json\/wp\/v2\/types\/post"}],"author":[{"embeddable":true,"href":"https:\/\/catolicanet.net\/wp-cnet\/wp-json\/wp\/v2\/users\/5"}],"replies":[{"embeddable":true,"href":"https:\/\/catolicanet.net\/wp-cnet\/wp-json\/wp\/v2\/comments?post=98826"}],"version-history":[{"count":1,"href":"https:\/\/catolicanet.net\/wp-cnet\/wp-json\/wp\/v2\/posts\/98826\/revisions"}],"predecessor-version":[{"id":98828,"href":"https:\/\/catolicanet.net\/wp-cnet\/wp-json\/wp\/v2\/posts\/98826\/revisions\/98828"}],"wp:featuredmedia":[{"embeddable":true,"href":"https:\/\/catolicanet.net\/wp-cnet\/wp-json\/wp\/v2\/media\/55819"}],"wp:attachment":[{"href":"https:\/\/catolicanet.net\/wp-cnet\/wp-json\/wp\/v2\/media?parent=98826"}],"wp:term":[{"taxonomy":"category","embeddable":true,"href":"https:\/\/catolicanet.net\/wp-cnet\/wp-json\/wp\/v2\/categories?post=98826"},{"taxonomy":"post_tag","embeddable":true,"href":"https:\/\/catolicanet.net\/wp-cnet\/wp-json\/wp\/v2\/tags?post=98826"}],"curies":[{"name":"wp","href":"https:\/\/api.w.org\/{rel}","templated":true}]}}