{"id":98820,"date":"2026-08-30T09:14:15","date_gmt":"2026-08-30T12:14:15","guid":{"rendered":"https:\/\/catolicanet.net\/wp-cnet\/?p=98820"},"modified":"2026-09-02T12:17:09","modified_gmt":"2026-09-02T15:17:09","slug":"22o-domingo-do-tempo-comum-mt-1621-27","status":"publish","type":"post","link":"https:\/\/catolicanet.net\/wp-cnet\/22o-domingo-do-tempo-comum-mt-1621-27\/","title":{"rendered":"22\u00ba Domingo do Tempo Comum. (Mt 16,21-27)."},"content":{"rendered":"<p style=\"text-align: center;\"><strong><em>Texto Referencial: Ent\u00e3o Jesus disse aos seus disc\u00edpulos: \u201cSe algu\u00e9m quer me seguir, renuncie a si mesmo, tome sua cruz e me siga. Pois, quem quiser salvar a sua vida vai perd\u00ea-la; e quem perder a sua vida por causa de mim, vai encontr\u00e1-la.\u00a0 (Mt 16, 24-25).<\/em><\/strong><\/p>\n<p style=\"text-align: justify;\">1 \u2013 Jesus deixara bem claro, que de fato, ele era o Messias \u2013 \u201cO Filho de Deus vivo\u201d. N\u00e3o podia haver d\u00favidas, em rela\u00e7\u00e3o a isso. Nunca, jamais. Por isso, ele se revelara paulatina e progressivamente, por palavras e sinais (milagres). Jesus, o fez conscientemente.\u00a0 Antes, os disc\u00edpulos deveriam saber bem, quem ele era, para ent\u00e3o, poder revela-lhes o aspecto mais dif\u00edcil e at\u00e9 cruel, de sua miss\u00e3o: a crucifica\u00e7\u00e3o, morte e muito sofrimento.<\/p>\n<p style=\"text-align: justify;\">2 \u2013 \u00c9 claro que seus disc\u00edpulos, n\u00e3o estavam engrado, de aceit\u00e1-lo, at\u00e9 porque, poderia sobrar tamb\u00e9m para eles, como de fato aconteceu. Pedro \u2013 sempre ele \u2013 reagiu falando em nome do grupo. Isso n\u00e3o. Nunca. Penso at\u00e9 que n\u00f3s todos far\u00edamos o mesmo. Sofrer certamente n\u00e3o \u00e9 pr\u00f3prio de nossa natureza; contudo, mesmo que n\u00e3o o desejando, ou n\u00e3o o querendo, dia mais, dia menos, ele vir\u00e1. Toda mat\u00e9ria sofre desgaste, mais ainda o corpo humano feito de carne e osso.<\/p>\n<p style=\"text-align: justify;\">3 \u2013 Jesus reagiu, com certa viol\u00eancia chamando-o (Pedro) de satan\u00e1s. Este, certamente, n\u00e3o quer nosso bem. \u00c9 fun\u00e7\u00e3o dele, desviar. F\u00ea-lo desde o in\u00edcio, com Ad\u00e3o e Eva os maiores males da humanidade: homic\u00eddios, abortos, chacinas, revolu\u00e7\u00f5es e guerras t\u00eam em \u00faltima an\u00e1lise o ponto de partida e presen\u00e7a dele.<\/p>\n<p style=\"text-align: justify;\">4 \u2013 Que mais manifestou Jesus? A necessidade, nossa de segui-lo, de imit\u00e1-lo; renunciando ao que n\u00e3o conv\u00e9m, come\u00e7ando com o carregar nossas cruzes, entre elas, a da prepara\u00e7\u00e3o de nossa morte. Envelhecer \u00e9 bom. Mas isso nos aproxima de nossa morte tamb\u00e9m. Sem querer tornar-me pessimista, devo afirmar: nascendo choramos, e morrendo, c\u00e1lidas lagrimas podem sulcar nossas j\u00e1 cansadas faces.<\/p>\n<p style=\"text-align: justify;\">5 \u2013 Renunciar \u00e9 tamb\u00e9m um verbo, que geralmente, n\u00e3o consta em nosso vocabul\u00e1rio, mas quem quiser defender sua sa\u00fade sabe o que deve fazer: n\u00e3o comer e beber demais. N\u00e3o trabalhar demais nem dormir demais. Contudo para ganhar mais na vida conv\u00e9m perder menos tempo estudar e trabalhar mais.<\/p>\n<p style=\"text-align: justify;\">6 \u2013 N\u00e3o podemos fazer mal neg\u00f3cio, em se tratando do sentido de nossa vida que costuma ser curta pois n\u00e3o conv\u00e9m trocar a eternidade pela vida presente. Seria mal neg\u00f3cio. N\u00e3o podemos esquecer-nos do evangelho a ser vivido: seria mal neg\u00f3cio tamb\u00e9m. A Deus, ningu\u00e9m conseguir\u00e1 engan\u00e1-lo, nem da presta\u00e7\u00e3o de contas, algu\u00e9m escapar\u00e1. Deus \u00e9 bom, infinitamente bom, mas tamb\u00e9m infinitamente juntos. Cabe ent\u00e3o escolher, entre t\u00ea-lo como amigo, ou ent\u00e3o como juiz. T\u00ea-lo meramente com o juiz, repito eu, mal neg\u00f3cio, ali\u00e1s \u00e9 p\u00e9ssimo.<\/p>\n<p style=\"text-align: justify;\">7 \u2013Onde e como quero passar a eternidade? Bem: a escolha \u00e9 minha e a gra\u00e7a n\u00e3o me (nos) faltar\u00e1. Quem avisa, amigo \u00e9. Felicidades na escolha.<\/p>\n","protected":false},"excerpt":{"rendered":"<p>Texto Referencial: Ent\u00e3o Jesus disse aos seus disc\u00edpulos: \u201cSe algu\u00e9m quer me seguir, renuncie a si mesmo, tome sua cruz e me siga. Pois, quem quiser salvar a sua vida vai perd\u00ea-la; e quem perder a sua vida por causa de mim, vai encontr\u00e1-la.\u00a0 (Mt 16, 24-25). 1 \u2013 Jesus deixara bem claro, que de [&hellip;]<\/p>\n","protected":false},"author":119,"featured_media":77698,"comment_status":"open","ping_status":"closed","sticky":false,"template":"","format":"standard","meta":{"footnotes":""},"categories":[9],"tags":[],"class_list":["post-98820","post","type-post","status-publish","format-standard","has-post-thumbnail","hentry","category-artigos"],"_links":{"self":[{"href":"https:\/\/catolicanet.net\/wp-cnet\/wp-json\/wp\/v2\/posts\/98820","targetHints":{"allow":["GET"]}}],"collection":[{"href":"https:\/\/catolicanet.net\/wp-cnet\/wp-json\/wp\/v2\/posts"}],"about":[{"href":"https:\/\/catolicanet.net\/wp-cnet\/wp-json\/wp\/v2\/types\/post"}],"author":[{"embeddable":true,"href":"https:\/\/catolicanet.net\/wp-cnet\/wp-json\/wp\/v2\/users\/119"}],"replies":[{"embeddable":true,"href":"https:\/\/catolicanet.net\/wp-cnet\/wp-json\/wp\/v2\/comments?post=98820"}],"version-history":[{"count":1,"href":"https:\/\/catolicanet.net\/wp-cnet\/wp-json\/wp\/v2\/posts\/98820\/revisions"}],"predecessor-version":[{"id":98822,"href":"https:\/\/catolicanet.net\/wp-cnet\/wp-json\/wp\/v2\/posts\/98820\/revisions\/98822"}],"wp:featuredmedia":[{"embeddable":true,"href":"https:\/\/catolicanet.net\/wp-cnet\/wp-json\/wp\/v2\/media\/77698"}],"wp:attachment":[{"href":"https:\/\/catolicanet.net\/wp-cnet\/wp-json\/wp\/v2\/media?parent=98820"}],"wp:term":[{"taxonomy":"category","embeddable":true,"href":"https:\/\/catolicanet.net\/wp-cnet\/wp-json\/wp\/v2\/categories?post=98820"},{"taxonomy":"post_tag","embeddable":true,"href":"https:\/\/catolicanet.net\/wp-cnet\/wp-json\/wp\/v2\/tags?post=98820"}],"curies":[{"name":"wp","href":"https:\/\/api.w.org\/{rel}","templated":true}]}}