{"id":98814,"date":"2026-09-01T10:10:34","date_gmt":"2026-09-01T13:10:34","guid":{"rendered":"https:\/\/catolicanet.net\/wp-cnet\/?p=98814"},"modified":"2026-09-02T12:11:34","modified_gmt":"2026-09-02T15:11:34","slug":"transformar-espadas-em-arados-uma-paz-que-comeca-dentro-de-nos","status":"publish","type":"post","link":"https:\/\/catolicanet.net\/wp-cnet\/transformar-espadas-em-arados-uma-paz-que-comeca-dentro-de-nos\/","title":{"rendered":"Transformar Espadas em Arados: Uma Paz que Come\u00e7a Dentro de N\u00f3s"},"content":{"rendered":"<h2 style=\"text-align: center;\"><em>Reflex\u00e3o sobre a mensagem do Papa Le\u00e3o XIV para o Dia Mundial de Ora\u00e7\u00e3o pelo Cuidado da Cria\u00e7\u00e3o<\/em><\/h2>\n<p style=\"text-align: justify;\">Queridos irm\u00e3os e irm\u00e3s,<\/p>\n<p style=\"text-align: justify;\">H\u00e1 uma imagem que atravessa a B\u00edblia e chega at\u00e9 os nossos dias com for\u00e7a impressionante: a de espadas transformadas em arados. O profeta Isa\u00edas \u2013 Is 2,4 \u2013 anunciou um tempo em que os instrumentos de morte se converteriam em ferramentas de vida, em que aquilo que servia para ferir passaria a servir para plantar. O Papa Le\u00e3o XIV recolheu essa imagem em sua mensagem para o Dia Mundial de Ora\u00e7\u00e3o pelo Cuidado da Cria\u00e7\u00e3o e nos convida, mais uma vez, a olhar para dentro do nosso pr\u00f3prio cora\u00e7\u00e3o.<\/p>\n<p style=\"text-align: justify;\">Confesso que, ao ler o texto do Santo Padre, lembrei de tantas conversas simples que tenho ao longo dos anos, com fam\u00edlias, com jovens, com quem trabalha e luta todos os dias. E percebo que a mensagem, embora fale de guerras entre na\u00e7\u00f5es, na verdade fala tamb\u00e9m das pequenas guerras que travamos dentro de casa, no trabalho, entre vizinhos, e at\u00e9 dentro de n\u00f3s mesmos.<\/p>\n<p style=\"text-align: justify;\"><strong>A vida em abund\u00e2ncia que Jesus promete<\/strong><strong>. <\/strong>Jesus disse claramente por que veio ao mundo, como lemos no Evangelho de Jo\u00e3o \u2013 Jo 10,10 \u2013: veio para que tenhamos vida, e a tenhamos em abund\u00e2ncia. N\u00e3o uma vida qualquer, cheia de pressa e de ansiedade, mas uma vida plena, com sentido, com paz. E \u00e9 justamente essa paz que Ele nos deixa como heran\u00e7a, quando diz, ainda em Jo\u00e3o \u2013 Jo 14,27 \u2013, que a sua paz n\u00e3o \u00e9 como a paz do mundo. A paz que o mundo oferece costuma ser feita de acordos fr\u00e1geis e tr\u00e9guas tempor\u00e1rias. A paz de Cristo nasce de outro lugar. Nasce do amor que Ele tem por cada um de n\u00f3s, sem excluir ningu\u00e9m.<\/p>\n<p style=\"text-align: justify;\"><strong>As guerras que n\u00e3o aparecem no notici\u00e1rio<\/strong><strong>: <\/strong>O Papa Le\u00e3o XIV fala, com raz\u00e3o, das guerras que destroem povos, separam fam\u00edlias e ferem a cria\u00e7\u00e3o de Deus. Mas existem tamb\u00e9m guerras menores, silenciosas, que travamos todos os dias e que deixam feridas igualmente profundas. A briga que n\u00e3o se resolve em casa. A palavra dura dita no trabalho. A indiferen\u00e7a com quem precisa de ajuda. O descuido com o lixo que jogamos fora, com a \u00e1gua que desperdi\u00e7amos, com a terra que exploramos sem pensar em quem vir\u00e1 depois de n\u00f3s.<\/p>\n<p style=\"text-align: justify;\">Essas pequenas guerras cotidianas nascem do mesmo lugar que as grandes guerras entre na\u00e7\u00f5es: do cora\u00e7\u00e3o humano. O Conc\u00edlio Ecum\u00eanico Vaticano II j\u00e1 ensinava que o desequil\u00edbrio que vemos no mundo tem raiz naquele desequil\u00edbrio fundamental que se radica no cora\u00e7\u00e3o do homem (Gaudium et Spes, 10). N\u00e3o \u00e9 f\u00e1cil admitir isso. \u00c9 mais confort\u00e1vel culpar os outros, os sistemas, os governos. Mas a Palavra de Deus nos convida a olhar primeiro para dentro, como ensina o livro dos Prov\u00e9rbios \u2013 Pr 4,23 \u2013: guarda o teu cora\u00e7\u00e3o, porque dele procede a vida.<\/p>\n<p style=\"text-align: justify;\"><strong>Onde nasce a verdadeira transforma\u00e7\u00e3o<\/strong><strong>: <\/strong>Se as guerras, grandes ou pequenas, nascem do cora\u00e7\u00e3o, \u00e9 tamb\u00e9m no cora\u00e7\u00e3o que deve come\u00e7ar a paz. N\u00e3o basta mudar as estruturas de fora se por dentro continuamos divididos entre o amor e a indiferen\u00e7a, entre a verdade e as pequenas mentiras que contamos a n\u00f3s mesmos. S\u00e3o Tiago descreve bem essa luta interior \u2013 Tg 1,14-15 \u2013, quando fala de como cada um \u00e9 tentado pelos pr\u00f3prios desejos desordenados. \u00c9 uma luta antiga, que todos n\u00f3s conhecemos de perto.<\/p>\n<p style=\"text-align: justify;\">A boa not\u00edcia \u00e9 que essa transforma\u00e7\u00e3o n\u00e3o depende apenas da nossa for\u00e7a de vontade. Ela \u00e9 fruto de um encontro real com Jesus Cristo, que reordena os nossos desejos e cura as feridas que carregamos h\u00e1 tanto tempo. O Papa Francisco, na Laudato Si&#8217;, j\u00e1 ensinava que os efeitos desse encontro com Cristo se tornam vis\u00edveis tamb\u00e9m na forma como cuidamos do mundo \u00e0 nossa volta (cf. Laudato Si&#8217;, 217). Cuidar da cria\u00e7\u00e3o, portanto, n\u00e3o \u00e9 apenas uma pauta ambiental. \u00c9 consequ\u00eancia natural de um cora\u00e7\u00e3o que se deixou transformar pelo amor de Deus.<\/p>\n<p style=\"text-align: justify;\"><strong>Um convite simples para hoje<\/strong><strong>: <\/strong>Talvez voc\u00ea esteja se perguntando o que fazer, na pr\u00e1tica, diante de tudo isso. A resposta do Papa Le\u00e3o XIV \u00e9 simples e, ao mesmo tempo, profunda: trocar a espada pelo arado. No seu dia, isso pode significar trocar a cr\u00edtica pela paci\u00eancia, o sil\u00eancio ofendido por uma conversa sincera, o descarte irrespons\u00e1vel por um pequeno gesto de cuidado com a natureza. Pode significar economizar \u00e1gua, separar o lixo, plantar uma muda, mas tamb\u00e9m perdoar quem te feriu e pedir perd\u00e3o a quem voc\u00ea feriu algum dia.<\/p>\n<p style=\"text-align: justify;\">Cada gesto de cuidado, mesmo pequeno, \u00e9 semente da civiliza\u00e7\u00e3o do amor que o Papa nos convida a construir. Ningu\u00e9m precisa resolver, sozinho, as guerras do mundo inteiro. Basta come\u00e7ar pela pr\u00f3pria casa, pelo pr\u00f3prio cora\u00e7\u00e3o, confiando que Deus multiplica o bem que fazemos, como multiplicou os p\u00e3es e os peixes na multid\u00e3o.<\/p>\n<p style=\"text-align: justify;\"><strong>Caminhando juntos rumo \u00e0 paz<\/strong>: Meus queridos, o caminho que o Santo Padre nos prop\u00f5e n\u00e3o \u00e9 f\u00e1cil, mas \u00e9 claro. Passa pela convers\u00e3o do cora\u00e7\u00e3o, pela ora\u00e7\u00e3o, pelo cuidado com o pr\u00f3ximo e com a cria\u00e7\u00e3o. \u00c9 um caminho de esperan\u00e7a, porque sabemos que n\u00e3o caminhamos s\u00f3s. Deus caminha conosco e nos d\u00e1 for\u00e7as para transformar, pouco a pouco, o deserto em jardim.<\/p>\n<p style=\"text-align: justify;\">Que este Dia Mundial de Ora\u00e7\u00e3o pelo Cuidado da Cria\u00e7\u00e3o seja, para cada um de n\u00f3s, uma oportunidade de recome\u00e7o. Que possamos, com humildade e f\u00e9, deixar que Deus transforme as nossas espadas interiores em instrumentos de vida, de paz e de esperan\u00e7a.<\/p>\n<p style=\"text-align: justify;\">Caminhai no Senhor!<\/p>\n","protected":false},"excerpt":{"rendered":"<p>Reflex\u00e3o sobre a mensagem do Papa Le\u00e3o XIV para o Dia Mundial de Ora\u00e7\u00e3o pelo Cuidado da Cria\u00e7\u00e3o Queridos irm\u00e3os e irm\u00e3s, H\u00e1 uma imagem que atravessa a B\u00edblia e chega at\u00e9 os nossos dias com for\u00e7a impressionante: a de espadas transformadas em arados. O profeta Isa\u00edas \u2013 Is 2,4 \u2013 anunciou um tempo em [&hellip;]<\/p>\n","protected":false},"author":53272,"featured_media":92837,"comment_status":"open","ping_status":"closed","sticky":false,"template":"","format":"standard","meta":{"footnotes":""},"categories":[9],"tags":[],"class_list":["post-98814","post","type-post","status-publish","format-standard","has-post-thumbnail","hentry","category-artigos"],"_links":{"self":[{"href":"https:\/\/catolicanet.net\/wp-cnet\/wp-json\/wp\/v2\/posts\/98814","targetHints":{"allow":["GET"]}}],"collection":[{"href":"https:\/\/catolicanet.net\/wp-cnet\/wp-json\/wp\/v2\/posts"}],"about":[{"href":"https:\/\/catolicanet.net\/wp-cnet\/wp-json\/wp\/v2\/types\/post"}],"author":[{"embeddable":true,"href":"https:\/\/catolicanet.net\/wp-cnet\/wp-json\/wp\/v2\/users\/53272"}],"replies":[{"embeddable":true,"href":"https:\/\/catolicanet.net\/wp-cnet\/wp-json\/wp\/v2\/comments?post=98814"}],"version-history":[{"count":1,"href":"https:\/\/catolicanet.net\/wp-cnet\/wp-json\/wp\/v2\/posts\/98814\/revisions"}],"predecessor-version":[{"id":98816,"href":"https:\/\/catolicanet.net\/wp-cnet\/wp-json\/wp\/v2\/posts\/98814\/revisions\/98816"}],"wp:featuredmedia":[{"embeddable":true,"href":"https:\/\/catolicanet.net\/wp-cnet\/wp-json\/wp\/v2\/media\/92837"}],"wp:attachment":[{"href":"https:\/\/catolicanet.net\/wp-cnet\/wp-json\/wp\/v2\/media?parent=98814"}],"wp:term":[{"taxonomy":"category","embeddable":true,"href":"https:\/\/catolicanet.net\/wp-cnet\/wp-json\/wp\/v2\/categories?post=98814"},{"taxonomy":"post_tag","embeddable":true,"href":"https:\/\/catolicanet.net\/wp-cnet\/wp-json\/wp\/v2\/tags?post=98814"}],"curies":[{"name":"wp","href":"https:\/\/api.w.org\/{rel}","templated":true}]}}