{"id":98809,"date":"2026-09-01T09:07:06","date_gmt":"2026-09-01T12:07:06","guid":{"rendered":"https:\/\/catolicanet.net\/wp-cnet\/?p=98809"},"modified":"2026-09-02T12:08:45","modified_gmt":"2026-09-02T15:08:45","slug":"das-espadas-as-enxadas-a-paz-que-o-brasil-precisa-aprender-a-cultivar","status":"publish","type":"post","link":"https:\/\/catolicanet.net\/wp-cnet\/das-espadas-as-enxadas-a-paz-que-o-brasil-precisa-aprender-a-cultivar\/","title":{"rendered":"Das Espadas \u00e0s Enxadas:  A Paz que o Brasil Precisa Aprender a Cultivar"},"content":{"rendered":"<h2 style=\"text-align: center;\"><em>Reflex\u00e3o pastoral \u00e0 luz da mensagem do Papa Le\u00e3o XIV para o Dia Mundial de Ora\u00e7\u00e3o pelo Cuidado da Cria\u00e7\u00e3o 2026<\/em><\/h2>\n<p style=\"text-align: justify;\">\n<p style=\"text-align: justify;\">Uma grande alegria nos invade ao acolhermos, mais uma vez, a voz do Sucessor de Pedro que nos convoca a olhar para o nosso cora\u00e7\u00e3o e para a nossa casa comum. O Papa Le\u00e3o XIV, ao escrever sua mensagem para este XI Dia Mundial de Ora\u00e7\u00e3o pelo Cuidado da Cria\u00e7\u00e3o, trouxe at\u00e9 n\u00f3s uma imagem antiga e sempre nova, colhida do profeta Isa\u00edas \u2013 Is 2,4 \u2013, que anuncia um tempo em que as espadas ser\u00e3o transformadas em relhas de arados e as lan\u00e7as em foices. \u00c9 uma imagem de esperan\u00e7a que atravessa s\u00e9culos e chega at\u00e9 as nossas ruas, \u00e0s nossas favelas, aos nossos campos e \u00e0s nossas fam\u00edlias brasileiras.<\/p>\n<p style=\"text-align: justify;\">Vivemos em um pa\u00eds generoso e ferido ao mesmo tempo. O Brasil que Deus nos confiou tem a beleza da Amaz\u00f4nia, a for\u00e7a do sert\u00e3o nordestino, a f\u00e9 simples do povo caboclo e a vibra\u00e7\u00e3o das grandes metr\u00f3poles. Mas \u00e9 tamb\u00e9m um pa\u00eds onde a viol\u00eancia urbana ceifa vidas jovens todos os dias, onde comunidades inteiras vivem sob o medo constante, e onde a floresta \u00e9 derrubada em nome de um lucro que n\u00e3o olha para as futuras gera\u00e7\u00f5es. O Santo Padre nos recorda que a guerra, seja ela declarada entre na\u00e7\u00f5es ou disfar\u00e7ada nas ruas das nossas cidades, deixa feridas que v\u00e3o muito al\u00e9m do momento do conflito. Ela separa fam\u00edlias, aumenta a injusti\u00e7a e destr\u00f3i tamb\u00e9m aquilo que a natureza levou anos para construir.<\/p>\n<p style=\"text-align: justify;\">Aqui no Rio de Janeiro, onde tenho a gra\u00e7a de servir como pastor, conhecemos bem essa realidade. Vivemos numa cidade de contrastes profundos, onde a beleza das nossas montanhas e do nosso mar convive, lado a lado, com o sofrimento de tantos irm\u00e3os que perdem a vida precocemente por causa da viol\u00eancia armada. E n\u00e3o podemos nos calar diante disso. Contudo, quero dizer com toda a for\u00e7a do meu cora\u00e7\u00e3o de pastor cisterciense que Deus habita esta cidade e habita este pa\u00eds. Ele n\u00e3o abandonou o Brasil, e \u00e9 justamente em meio a esta realidade dura que Ele nos convida a sermos, como nos ensinou Jesus, instrumentos de uma paz que o mundo n\u00e3o pode dar por si mesmo, pois \u00e9 \u00abDeixo-vos a paz; dou-vos a minha paz\u00bb (Jo 14,27).<\/p>\n<p style=\"text-align: justify;\">O Papa Le\u00e3o XIV vai direto ao ponto que mais nos interessa como crist\u00e3os: as guerras externas s\u00e3o, em grande parte, reflexo de uma guerra interior, aquela que travamos dentro do pr\u00f3prio cora\u00e7\u00e3o. Ele recorda as palavras do Conc\u00edlio Ecum\u00eanico Vaticano II sobre o desequil\u00edbrio fundamental que se radica no cora\u00e7\u00e3o do homem, e cita ainda o ap\u00f3stolo Tiago, que fala das lutas que nascem dos nossos pr\u00f3prios desejos desordenados \u2013 Tg 1,14-15 \u2013. Meus irm\u00e3os, isso \u00e9 muito concreto para n\u00f3s, brasileiros. Quantas vezes a viol\u00eancia que vemos nas telas de televis\u00e3o come\u00e7a, na verdade, numa pequena semente de intoler\u00e2ncia plantada dentro de casa? Quantas vezes o descuido com a nossa cria\u00e7\u00e3o, com os rios que polu\u00edmos e as matas que queimamos, nasce de um cora\u00e7\u00e3o que perdeu a medida do essencial e correu atr\u00e1s apenas do lucro imediato?<\/p>\n<p style=\"text-align: justify;\">\u00c9 por isso que o meu lema episcopal, &#8220;Ut Omnes Unum Sint&#8221;, para que todos sejam um, ganha aqui um sentido todo especial. A unidade n\u00e3o \u00e9 um ideal distante, \u00e9 um caminho concreto de convers\u00e3o que come\u00e7a em cada fam\u00edlia, em cada comunidade eclesial, em cada bairro das nossas cidades brasileiras. Quando lembramos que Jesus veio para que tenhamos vida, e a tenhamos em abund\u00e2ncia, como est\u00e1 escrito no Evangelho de Jo\u00e3o \u2013 Jo 10,10 \u2013, entendemos que essa vida plena s\u00f3 \u00e9 poss\u00edvel quando aprendemos a viver em comunh\u00e3o, cuidando uns dos outros e cuidando tamb\u00e9m da terra que Deus nos confiou como dom e como responsabilidade.<\/p>\n<p style=\"text-align: justify;\">Penso, por exemplo, nas nossas comunidades de periferia, onde tantas vezes encontramos, em meio \u00e0 dor, sinais lindos de fraternidade. M\u00e3es que se unem para proteger seus filhos da viol\u00eancia, catequistas que continuam ensinando o amor de Deus mesmo em bairros marcados pelo conflito, jovens que trocam o caminho das armas pelo caminho do trabalho e do estudo. Esses s\u00e3o, meus irm\u00e3os, os verdadeiros arados que substituem as espadas de que fala o profeta Isa\u00edas. S\u00e3o pequenos gestos, muitas vezes invis\u00edveis aos olhos do mundo, mas que Deus v\u00ea e multiplica, como multiplicou os p\u00e3es na multid\u00e3o.<\/p>\n<p style=\"text-align: justify;\">O Papa Francisco j\u00e1 havia nos ensinado, na Laudato Si&#8217;, que os frutos do nosso encontro pessoal com Jesus Cristo se manifestam tamb\u00e9m na forma como cuidamos do mundo \u00e0 nossa volta. E o Papa Le\u00e3o XIV, retomando esse ensinamento, nos convida a uma convers\u00e3o ecol\u00f3gica que n\u00e3o separa o cuidado com o meio ambiente do cuidado com a vida humana e com a paz entre os povos. Para n\u00f3s, brasileiros, isso significa cuidar da Amaz\u00f4nia como cuidamos de um filho, significa denunciar a explora\u00e7\u00e3o desenfreada dos nossos recursos naturais, mas significa tamb\u00e9m, e com igual for\u00e7a, cuidar da vida de cada jovem que corre risco nas nossas periferias, pois tudo isso faz parte da mesma cria\u00e7\u00e3o amada por Deus.<\/p>\n<p style=\"text-align: justify;\">A Sagrada Escritura nos ensina que devemos guardar o nosso cora\u00e7\u00e3o, porque dele procede a vida, como lemos no livro dos Prov\u00e9rbios \u2013 Pr 4,23 \u2013. Que este Dia Mundial de Ora\u00e7\u00e3o pelo Cuidado da Cria\u00e7\u00e3o seja, para cada fam\u00edlia brasileira, uma ocasi\u00e3o de rezar diante do Sant\u00edssimo Sacramento e pedir a Deus a gra\u00e7a da convers\u00e3o do cora\u00e7\u00e3o. Pe\u00e7amos \u00e0 Nossa Senhora Aparecida, Padroeira do Brasil, e \u00e0 Nossa Senhora da Penha, t\u00e3o querida do nosso povo carioca, que interceda por esta transforma\u00e7\u00e3o profunda que precisamos viver como na\u00e7\u00e3o.<\/p>\n<p style=\"text-align: justify;\">N\u00e3o percamos a esperan\u00e7a, meus irm\u00e3os. O Brasil tem uma voca\u00e7\u00e3o mission\u00e1ria muito grande, e cada um de n\u00f3s \u00e9 chamado a ser mission\u00e1rio da paz nos ambientes em que vive, na fam\u00edlia, no trabalho, na comunidade paroquial. Que possamos, com humildade e confian\u00e7a na gra\u00e7a de Deus, transformar as nossas espadas interiores, o ressentimento, a indiferen\u00e7a e o ego\u00edsmo, em ferramentas de vida, de justi\u00e7a e de cuidado fraterno.<\/p>\n<p style=\"text-align: justify;\">Que o Senhor nos conceda a coragem de caminhar juntos, para que, em nosso amado Brasil, a promessa do Evangelho se enra\u00edze cada vez mais profundamente, e a paz de Cristo reine sobre toda a cria\u00e7\u00e3o que Ele nos confiou.<\/p>\n<p style=\"text-align: justify;\">Rezemos para que ela nos leve a ser, cada dia mais, uma Igreja que semeia esperan\u00e7a em nossa na\u00e7\u00e3o.<\/p>\n","protected":false},"excerpt":{"rendered":"<p>Reflex\u00e3o pastoral \u00e0 luz da mensagem do Papa Le\u00e3o XIV para o Dia Mundial de Ora\u00e7\u00e3o pelo Cuidado da Cria\u00e7\u00e3o 2026 Uma grande alegria nos invade ao acolhermos, mais uma vez, a voz do Sucessor de Pedro que nos convoca a olhar para o nosso cora\u00e7\u00e3o e para a nossa casa comum. O Papa Le\u00e3o [&hellip;]<\/p>\n","protected":false},"author":5,"featured_media":55819,"comment_status":"open","ping_status":"closed","sticky":false,"template":"","format":"standard","meta":{"footnotes":""},"categories":[9],"tags":[],"class_list":["post-98809","post","type-post","status-publish","format-standard","has-post-thumbnail","hentry","category-artigos"],"_links":{"self":[{"href":"https:\/\/catolicanet.net\/wp-cnet\/wp-json\/wp\/v2\/posts\/98809","targetHints":{"allow":["GET"]}}],"collection":[{"href":"https:\/\/catolicanet.net\/wp-cnet\/wp-json\/wp\/v2\/posts"}],"about":[{"href":"https:\/\/catolicanet.net\/wp-cnet\/wp-json\/wp\/v2\/types\/post"}],"author":[{"embeddable":true,"href":"https:\/\/catolicanet.net\/wp-cnet\/wp-json\/wp\/v2\/users\/5"}],"replies":[{"embeddable":true,"href":"https:\/\/catolicanet.net\/wp-cnet\/wp-json\/wp\/v2\/comments?post=98809"}],"version-history":[{"count":1,"href":"https:\/\/catolicanet.net\/wp-cnet\/wp-json\/wp\/v2\/posts\/98809\/revisions"}],"predecessor-version":[{"id":98811,"href":"https:\/\/catolicanet.net\/wp-cnet\/wp-json\/wp\/v2\/posts\/98809\/revisions\/98811"}],"wp:featuredmedia":[{"embeddable":true,"href":"https:\/\/catolicanet.net\/wp-cnet\/wp-json\/wp\/v2\/media\/55819"}],"wp:attachment":[{"href":"https:\/\/catolicanet.net\/wp-cnet\/wp-json\/wp\/v2\/media?parent=98809"}],"wp:term":[{"taxonomy":"category","embeddable":true,"href":"https:\/\/catolicanet.net\/wp-cnet\/wp-json\/wp\/v2\/categories?post=98809"},{"taxonomy":"post_tag","embeddable":true,"href":"https:\/\/catolicanet.net\/wp-cnet\/wp-json\/wp\/v2\/tags?post=98809"}],"curies":[{"name":"wp","href":"https:\/\/api.w.org\/{rel}","templated":true}]}}