{"id":98793,"date":"2026-09-02T09:55:55","date_gmt":"2026-09-02T12:55:55","guid":{"rendered":"https:\/\/catolicanet.net\/wp-cnet\/?p=98793"},"modified":"2026-09-02T11:57:33","modified_gmt":"2026-09-02T14:57:33","slug":"gestao-justa-e-sustentavel-da-agua-e-a-intencao-de-oracao-do-papa-em-setembro","status":"publish","type":"post","link":"https:\/\/catolicanet.net\/wp-cnet\/gestao-justa-e-sustentavel-da-agua-e-a-intencao-de-oracao-do-papa-em-setembro\/","title":{"rendered":"Gest\u00e3o justa e sustent\u00e1vel da \u00e1gua \u00e9 a inten\u00e7\u00e3o de ora\u00e7\u00e3o do papa em setembro"},"content":{"rendered":"<p style=\"text-align: center;\">O Papa Le\u00e3o XIV alimenta peixes durante a inaugura\u00e7\u00e3o, em 5 de setembro de 2025, de Borgo Laudato Si&#8217;, uma ecovila na propriedade papal de Castel Gandolfo, a 29 quil\u00f4metros ao sul de Roma. | Cr\u00e9dito: Vatican Media.<\/p>\n<p style=\"text-align: justify;\">O papa Le\u00e3o XIV confiou a toda a Igreja \u00e0 inten\u00e7\u00e3o de ora\u00e7\u00e3o para o m\u00eas de setembro, centrada no cuidado com a \u00e1gua, atrav\u00e9s da iniciativa mundial Reze com o Papa, promovida pela Rede Mundial de Ora\u00e7\u00e3o do Papa.<\/p>\n<p style=\"text-align: justify;\">Na ora\u00e7\u00e3o que acompanha essa inten\u00e7\u00e3o mensal, Le\u00e3o XIV pede para rezar \u201cpor uma gest\u00e3o justa e sustent\u00e1vel da \u00e1gua, um recurso vital, para que todos possam ter acesso equitativo a ela\u201d.<\/p>\n<p style=\"text-align: justify;\">No texto divulgado neste m\u00eas, o papa convida os fi\u00e9is a reconhecer a \u00e1gua como um dom de Deus, a denunciar o seu desperd\u00edcio e polui\u00e7\u00e3o e a defender o acesso de todos a esse recurso essencial.<\/p>\n<p style=\"text-align: justify;\">A ora\u00e7\u00e3o come\u00e7a com um agradecimento a Deus pela \u00e1gua, descrita como uma \u201cfonte de fertilidade, frescor e esperan\u00e7a\u201d. O papa diz tamb\u00e9m que esse elemento vital \u201cmata a sede, enriquece a terra e limpa as feridas\u201d.<\/p>\n<p style=\"text-align: justify;\">Le\u00e3o XIV tamb\u00e9m enfatiza a dimens\u00e3o espiritual da \u00e1gua, dizendo que ela \u00e9 &#8220;um s\u00edmbolo da gra\u00e7a e do amor que nos renova atrav\u00e9s do Batismo&#8221;.<\/p>\n<p style=\"text-align: justify;\">Em sua ora\u00e7\u00e3o, o papa pede a Deus: \u201cHoje pedimos que nos ensines a cuidar dela com gratid\u00e3o, justi\u00e7a e responsabilidade\u201d.<\/p>\n<p style=\"text-align: justify;\">A ora\u00e7\u00e3o tem tamb\u00e9m um pedido de perd\u00e3o a Deus pela gest\u00e3o injusta desse bem fundamental. \u201cPedimos o Vosso perd\u00e3o por a termos transformado numa mercadoria, esquecendo que \u00e9 uma d\u00e1diva universal, um direito sem fronteiras, destinado a todos os Vossos filhos\u201d, diz Le\u00e3o XIV.<\/p>\n<p style=\"text-align: justify;\">O papa tamb\u00e9m voltou sua aten\u00e7\u00e3o para aqueles que sofrem com a falta de acesso \u00e0 \u00e1gua pot\u00e1vel. &#8220;Vemos com tristeza tantos irm\u00e3os e irm\u00e3s que n\u00e3o t\u00eam \u00e1gua pot\u00e1vel , que caminham quil\u00f4metros para encontr\u00e1-la, que adoecem por causa de sua escassez&#8221;, disse ele.<\/p>\n<p style=\"text-align: justify;\">Le\u00e3o XIV faz um apelo \u00e0 convers\u00e3o pessoal e comunit\u00e1ria. \u201cQue o Vosso Esp\u00edrito nos transforme em peregrinos do essencial, capazes de viver com sobriedade, denunciando o desperd\u00edcio e a polui\u00e7\u00e3o\u201d, diz a ora\u00e7\u00e3o.<\/p>\n<p style=\"text-align: justify;\">O texto tamb\u00e9m exorta \u00e0 defesa do acesso universal \u00e0 \u00e1gua, exigindo respeito pela dignidade de todas as pessoas. Especificamente, pede que os crist\u00e3os vivam \u201cdefendendo o direito de cada irm\u00e3o e irm\u00e3 de beber sem medo, sem desigualdade\u201d.<\/p>\n<p style=\"text-align: justify;\">A ora\u00e7\u00e3o termina com um apelo para que a conserva\u00e7\u00e3o da \u00e1gua se traduza num compromisso concreto com os mais vulner\u00e1veis \u200b\u200be com as gera\u00e7\u00f5es futuras. \u201cQue o nosso cuidado com a \u00e1gua seja um sinal de amor ao Criador e um compromisso com a vida dos mais pobres\u201d, reza o papa, dizendo ser necess\u00e1rio continuar \u201ca educar as novas gera\u00e7\u00f5es para que valorizem e protejam os recursos da Terra\u201d .<\/p>\n<p style=\"text-align: justify;\">A Rede Mundial de Ora\u00e7\u00e3o do Papa, obra pontif\u00edcia confiada \u00e0 Companhia de Jesus e presente em cerca de 90 pa\u00edses, re\u00fane milh\u00f5es de pessoas que, mensalmente, se unem espiritualmente \u00e0s inten\u00e7\u00f5es confiadas pelo papa. Sua miss\u00e3o \u00e9 mobilizar a ora\u00e7\u00e3o e a a\u00e7\u00e3o concreta dos fi\u00e9is diante dos grandes desafios que a humanidade enfrenta e da miss\u00e3o evangelizadora da Igreja.<\/p>\n","protected":false},"excerpt":{"rendered":"<p>O Papa Le\u00e3o XIV alimenta peixes durante a inaugura\u00e7\u00e3o, em 5 de setembro de 2025, de Borgo Laudato Si&#8217;, uma ecovila na propriedade papal de Castel Gandolfo, a 29 quil\u00f4metros ao sul de Roma. | Cr\u00e9dito: Vatican Media. O papa Le\u00e3o XIV confiou a toda a Igreja \u00e0 inten\u00e7\u00e3o de ora\u00e7\u00e3o para o m\u00eas de [&hellip;]<\/p>\n","protected":false},"author":1,"featured_media":98794,"comment_status":"open","ping_status":"closed","sticky":false,"template":"","format":"standard","meta":{"footnotes":""},"categories":[4,13],"tags":[],"class_list":["post-98793","post","type-post","status-publish","format-standard","has-post-thumbnail","hentry","category-cotidiano","category-featured"],"_links":{"self":[{"href":"https:\/\/catolicanet.net\/wp-cnet\/wp-json\/wp\/v2\/posts\/98793","targetHints":{"allow":["GET"]}}],"collection":[{"href":"https:\/\/catolicanet.net\/wp-cnet\/wp-json\/wp\/v2\/posts"}],"about":[{"href":"https:\/\/catolicanet.net\/wp-cnet\/wp-json\/wp\/v2\/types\/post"}],"author":[{"embeddable":true,"href":"https:\/\/catolicanet.net\/wp-cnet\/wp-json\/wp\/v2\/users\/1"}],"replies":[{"embeddable":true,"href":"https:\/\/catolicanet.net\/wp-cnet\/wp-json\/wp\/v2\/comments?post=98793"}],"version-history":[{"count":1,"href":"https:\/\/catolicanet.net\/wp-cnet\/wp-json\/wp\/v2\/posts\/98793\/revisions"}],"predecessor-version":[{"id":98796,"href":"https:\/\/catolicanet.net\/wp-cnet\/wp-json\/wp\/v2\/posts\/98793\/revisions\/98796"}],"wp:featuredmedia":[{"embeddable":true,"href":"https:\/\/catolicanet.net\/wp-cnet\/wp-json\/wp\/v2\/media\/98794"}],"wp:attachment":[{"href":"https:\/\/catolicanet.net\/wp-cnet\/wp-json\/wp\/v2\/media?parent=98793"}],"wp:term":[{"taxonomy":"category","embeddable":true,"href":"https:\/\/catolicanet.net\/wp-cnet\/wp-json\/wp\/v2\/categories?post=98793"},{"taxonomy":"post_tag","embeddable":true,"href":"https:\/\/catolicanet.net\/wp-cnet\/wp-json\/wp\/v2\/tags?post=98793"}],"curies":[{"name":"wp","href":"https:\/\/api.w.org\/{rel}","templated":true}]}}