{"id":98151,"date":"2026-07-03T09:37:19","date_gmt":"2026-07-03T12:37:19","guid":{"rendered":"https:\/\/catolicanet.net\/wp-cnet\/?p=98151"},"modified":"2026-07-03T11:39:55","modified_gmt":"2026-07-03T14:39:55","slug":"a-dor-de-uma-ruptura","status":"publish","type":"post","link":"https:\/\/catolicanet.net\/wp-cnet\/a-dor-de-uma-ruptura\/","title":{"rendered":"A dor de uma ruptura"},"content":{"rendered":"<div class=\"article__subTitle\" style=\"text-align: justify;\">Ato cism\u00e1tico e excomunh\u00f5es latae sententiae: a nova ruptura dos lefebvrianos e a constata\u00e7\u00e3o da Santa S\u00e9<\/div>\n<div class=\"title__separator\" style=\"text-align: justify;\"><\/div>\n<div class=\"article__text\">\n<p style=\"text-align: justify;\"><b>Andrea Tornielli<\/b><\/p>\n<p style=\"text-align: justify;\">No doloroso dia em que \u00e9 publicado o decreto que reconhece a excomunh\u00e3o na qual incorreram automaticamente, no exato momento da imposi\u00e7\u00e3o das m\u00e3os, os dois bispos lefebvrianos Alfonso de Galarreta e Bernard Fellay, bem como os quatro novos bispos consagrados, h\u00e1 quem, com raz\u00e3o, destaque a evidente contradi\u00e7\u00e3o da Fraternidade Sacerdotal S\u00e3o Pio X. Em palavras, nas declara\u00e7\u00f5es formais, afirma reconhecer a legitimidade e a autoridade do Sucessor de Pedro, Le\u00e3o XIV, dizer que o ama e que reza por ele.<\/p>\n<div style=\"text-align: justify;\">\n<div class=\"article__embed article__embed--unwrap article__embed--dark\">\n<div class=\"article__innerTitle\">Ou\u00e7a e compartilhe<\/div>\n<div>\n<audio class=\"wp-audio-shortcode\" id=\"audio-98151-1\" preload=\"none\" style=\"width: 100%;\" controls=\"controls\"><source type=\"audio\/mpeg\" src=\"https:\/\/media.vaticannews.va\/media2\/audio\/s1\/2026\/07\/03\/10\/139200972_F139200972.mp3?_=1\" \/><a href=\"https:\/\/media.vaticannews.va\/media2\/audio\/s1\/2026\/07\/03\/10\/139200972_F139200972.mp3\">https:\/\/media.vaticannews.va\/media2\/audio\/s1\/2026\/07\/03\/10\/139200972_F139200972.mp3<\/a><\/audio>\n<\/div>\n<\/div>\n<\/div>\n<p style=\"text-align: justify;\">Nos fatos \u2014 e os fatos contam sempre mais do que as palavras \u2014, por\u00e9m, n\u00e3o levou minimamente em considera\u00e7\u00e3o sua vontade expressa, seus reiterados apelos, seu pedido para que n\u00e3o fossem realizadas consagra\u00e7\u00f5es cism\u00e1ticas sem mandato pontif\u00edcio; mais ainda, consagra\u00e7\u00f5es cism\u00e1ticas explicitamente proibidas pelo Pont\u00edfice.<\/p>\n<p style=\"text-align: justify;\">Nestes dias, foram recordadas as palavras de S\u00e3o Pio X, o Papa de quem a Fraternidade toma o nome, que em 1912 afirmava: \u201cE como se deve amar o Papa? Non verbo neque lingua (n\u00e3o com palavras ou com a l\u00edngua), sed opere et veritate (mas com as obras e na verdade)&#8230; Para demonstrar o nosso amor ao Papa \u00e9 necess\u00e1rio obedecer-lhe. Por isso, quando se ama o Papa, n\u00e3o se discutem as disposi\u00e7\u00f5es ou exig\u00eancias que ele estabelece, nem at\u00e9 onde deve chegar a obedi\u00eancia, nem em quais coisas se deve obedecer\u201d. Tamb\u00e9m foi mencionado o paradoxo de tradicionalistas que consideram o rito intoc\u00e1vel, mas inventam uma f\u00f3rmula para suprir a aus\u00eancia de um elemento essencial em toda ordena\u00e7\u00e3o episcopal cat\u00f3lica: o mandato do Papa.<\/p>\n<p style=\"text-align: justify;\">O verdadeiro ponto, por\u00e9m, \u00e9 outro. E n\u00e3o tem nada a ver com a Missa segundo o rito pr\u00e9-conciliar (erroneamente chamada de \u201cMissa em latim\u201d), uma vez que aos fi\u00e9is ligados a essa forma lit\u00fargica continua sendo permitido celebr\u00e1-la em plena comunh\u00e3o com Pedro. A verdadeira quest\u00e3o central \u00e9 compreender o que seja a Tradi\u00e7\u00e3o e, sobretudo, quem deve guard\u00e1-la, fazendo crescer a nossa compreens\u00e3o dela sob a inspira\u00e7\u00e3o do Esp\u00edrito Santo. Se a Tradi\u00e7\u00e3o \u00e9 cristalizada em um sistema ideol\u00f3gico; se algu\u00e9m se arroga o direito de julgar um Conc\u00edlio presidido por dois Papas santos, com a participa\u00e7\u00e3o de tr\u00eas mil bispos do mundo inteiro, que promulgou documentos aprovados praticamente por unanimidade; se se pretende que o Sucessor de Pedro e toda a Igreja Cat\u00f3lica devam aceitar e fazer suas as ideias teol\u00f3gicas de um grupo particular, ent\u00e3o h\u00e1 algo de profundamente contradit\u00f3rio.<\/p>\n<p style=\"text-align: justify;\">Mas, sobretudo, h\u00e1 algo muito distante da f\u00e9 cat\u00f3lica, cujo segredo \u2014 explicava o grande escritor Vittorio Messori, falecido na \u00faltima Sexta-Feira Santa e que tanto se empenhou pelo retorno da Fraternidade S\u00e3o Pio X \u00e0 plena comunh\u00e3o \u2014 \u00e9 e continua sendo o \u201cet et\u201d (\u201ce&#8230; e\u201d), e n\u00e3o o \u201caut aut\u201d (\u201cou&#8230; ou\u201d).\u00a0Por isso, h\u00e1 lugar na Igreja para os fi\u00e9is ligados \u00e0 antiga liturgia; h\u00e1 lugar na Igreja para discutir, para ler e reler os documentos e interpret\u00e1-los. N\u00e3o, por\u00e9m, para julgar o Papa e desobedecer-lhe, realizando atos que dilaceram a unidade do \u201cCorpo M\u00edstico\u201d de Cristo, que \u00e9 a Igreja. N\u00e3o h\u00e1 lugar para criar uma hierarquia paralela contra uma proibi\u00e7\u00e3o expl\u00edcita daquele a quem Jesus disse: \u201cTu \u00e9s Pedro, e sobre esta pedra edificarei a minha Igreja\u201d.<\/p>\n<\/div>\n","protected":false},"excerpt":{"rendered":"<p>Ato cism\u00e1tico e excomunh\u00f5es latae sententiae: a nova ruptura dos lefebvrianos e a constata\u00e7\u00e3o da Santa S\u00e9 Andrea Tornielli No doloroso dia em que \u00e9 publicado o decreto que reconhece a excomunh\u00e3o na qual incorreram automaticamente, no exato momento da imposi\u00e7\u00e3o das m\u00e3os, os dois bispos lefebvrianos Alfonso de Galarreta e Bernard Fellay, bem como [&hellip;]<\/p>\n","protected":false},"author":1,"featured_media":98152,"comment_status":"open","ping_status":"closed","sticky":false,"template":"","format":"standard","meta":{"footnotes":""},"categories":[3],"tags":[],"class_list":["post-98151","post","type-post","status-publish","format-standard","has-post-thumbnail","hentry","category-vaticano"],"_links":{"self":[{"href":"https:\/\/catolicanet.net\/wp-cnet\/wp-json\/wp\/v2\/posts\/98151","targetHints":{"allow":["GET"]}}],"collection":[{"href":"https:\/\/catolicanet.net\/wp-cnet\/wp-json\/wp\/v2\/posts"}],"about":[{"href":"https:\/\/catolicanet.net\/wp-cnet\/wp-json\/wp\/v2\/types\/post"}],"author":[{"embeddable":true,"href":"https:\/\/catolicanet.net\/wp-cnet\/wp-json\/wp\/v2\/users\/1"}],"replies":[{"embeddable":true,"href":"https:\/\/catolicanet.net\/wp-cnet\/wp-json\/wp\/v2\/comments?post=98151"}],"version-history":[{"count":1,"href":"https:\/\/catolicanet.net\/wp-cnet\/wp-json\/wp\/v2\/posts\/98151\/revisions"}],"predecessor-version":[{"id":98154,"href":"https:\/\/catolicanet.net\/wp-cnet\/wp-json\/wp\/v2\/posts\/98151\/revisions\/98154"}],"wp:featuredmedia":[{"embeddable":true,"href":"https:\/\/catolicanet.net\/wp-cnet\/wp-json\/wp\/v2\/media\/98152"}],"wp:attachment":[{"href":"https:\/\/catolicanet.net\/wp-cnet\/wp-json\/wp\/v2\/media?parent=98151"}],"wp:term":[{"taxonomy":"category","embeddable":true,"href":"https:\/\/catolicanet.net\/wp-cnet\/wp-json\/wp\/v2\/categories?post=98151"},{"taxonomy":"post_tag","embeddable":true,"href":"https:\/\/catolicanet.net\/wp-cnet\/wp-json\/wp\/v2\/tags?post=98151"}],"curies":[{"name":"wp","href":"https:\/\/api.w.org\/{rel}","templated":true}]}}