{"id":97687,"date":"2026-04-08T10:41:23","date_gmt":"2026-04-08T13:41:23","guid":{"rendered":"https:\/\/catolicanet.net\/wp-cnet\/?p=97687"},"modified":"2026-04-08T16:42:36","modified_gmt":"2026-04-08T19:42:36","slug":"dez-frases-de-jesus-a-santa-faustina","status":"publish","type":"post","link":"https:\/\/catolicanet.net\/wp-cnet\/dez-frases-de-jesus-a-santa-faustina\/","title":{"rendered":"Dez frases de Jesus \u00e0 santa Faustina"},"content":{"rendered":"<p style=\"text-align: justify;\">Foi em suas apari\u00e7\u00f5es a santa Faustina Kowalska que Jesus apresentou ao mundo a devo\u00e7\u00e3o da Divina Miseric\u00f3rdia, sua festa, a imagem, o ter\u00e7o. \u00c0 religiosa polonesa, o Senhor deixou tamb\u00e9m palavras que expressam essa imensa gra\u00e7a, as quais foram registradas por ela em seu Di\u00e1rio.<\/p>\n<div style=\"text-align: justify;\">A seguir, confira algumas frases ditas pelo Senhor Jesus \u00e0 santa Faustina:<\/div>\n<p style=\"text-align: justify;\">\u201c&#8230; necessito de sacrif\u00edcio repleto de amor, porque apenas este tem valor diante de Mim. Grandes s\u00e3o as d\u00edvidas contra\u00eddas pelo Mundo diante de Mim. Podem pag\u00e1-las as almas puras, pelo seu sacrif\u00edcio, praticando a miseric\u00f3rdia em esp\u00edrito\u201d (Di\u00e1rio, 1316).<\/p>\n<p style=\"text-align: justify;\">\u201cSe a alma n\u00e3o praticar a miseric\u00f3rdia de um ou outro modo, n\u00e3o alcan\u00e7ar\u00e1 a Minha miseric\u00f3rdia no dia do Ju\u00edzo. Oh! Se as almas soubessem armazenar os tesouros eternos, n\u00e3o seriam julgadas, antecipando o Meu julgamento com obras de miseric\u00f3rdia\u201d (Di\u00e1rio, 1317).<\/p>\n<p style=\"text-align: justify;\">\u201c\u00c0s tr\u00eas horas da tarde, implora \u00e0 Minha miseric\u00f3rdia especialmente pelos pecadores e, ao menos por um breve tempo, reflete sobre a Minha Paix\u00e3o, especialmente sobre o abandono em que Me encontrei no momento da agonia&#8221; (Di\u00e1rio, 1320).<\/p>\n<p style=\"text-align: justify;\">\u201cEsta \u00e9 a Hora de grande miseric\u00f3rdia para o Mundo inteiro. Permitirei que penetres na Minha tristeza mortal. Nessa hora nada negarei \u00e0 alma que Me pedir pela Minha Paix\u00e3o\u201d (Di\u00e1rio, 1320).<\/p>\n<p style=\"text-align: justify;\">\u201cAinda que a alma esteja em decomposi\u00e7\u00e3o como um cad\u00e1ver e ainda que humanamente j\u00e1 n\u00e3o haja possibilidade de restaura\u00e7\u00e3o, e tudo j\u00e1 esteja perdido, Deus n\u00e3o v\u00ea as coisas dessa maneira. O milagre da miseric\u00f3rdia de Deus far\u00e1 ressurgir aquela alma para uma vida plena\u201d (Di\u00e1rio, 1448).<\/p>\n<p style=\"text-align: justify;\">\u201cA humanidade n\u00e3o encontrar\u00e1 a paz enquanto n\u00e3o se voltar, com confian\u00e7a, para a minha miseric\u00f3rdia\u201d (Di\u00e1rio, 300).<\/p>\n<p style=\"text-align: justify;\">\u201cComo desejo a salva\u00e7\u00e3o das almas! Minha car\u00edssima secret\u00e1ria, escreve que desejo derramar a Minha Vida Divina nas almas dos homens e santific\u00e1-los, desde que queiram aceitar a Minha gra\u00e7a. Os maiores pecadores atingiriam uma grande santidade, desde que tivessem confian\u00e7a na Minha miseric\u00f3rdia. As Minhas entranhas est\u00e3o repletas de miseric\u00f3rdia, que est\u00e1 derramada sobre tudo o que criei. O Meu prazer \u00e9 agir na alma humana, ench\u00ea-la da Minha miseric\u00f3rdia e justific\u00e1-la. O Meu reino est\u00e1 sobre a terra \u2013 a Minha vida, na alma humana&#8221; (Di\u00e1rio, 1784).<\/p>\n<p style=\"text-align: justify;\">\u201cRecita, sem cessar, este Ter\u00e7o que te ensinei. Todo aquele que o recitar alcan\u00e7ar\u00e1 grande miseric\u00f3rdia na hora da sua morte. Os sacerdotes o recomendar\u00e3o aos pecadores como a \u00faltima t\u00e1bua de salva\u00e7\u00e3o. Ainda que o pecador seja o mais endurecido, se recitar este Ter\u00e7o uma s\u00f3 vez, alcan\u00e7ar\u00e1 a gra\u00e7a da Minha infinita miseric\u00f3rdia&#8221; (Di\u00e1rio, 687).<\/p>\n<p style=\"text-align: justify;\">\u201cOh! Que grandes gra\u00e7as concederei \u00e0s almas que recitarem esse Ter\u00e7o. (&#8230;) Anota estas palavras, Minha filha, fala ao mundo da Minha miseric\u00f3rdia, que toda a humanidade conhe\u00e7a a Minha insond\u00e1vel miseric\u00f3rdia. Este \u00e9 o sinal para os \u00faltimos tempos; depois dele vir\u00e1 o dia da justi\u00e7a. Enquanto \u00e9 tempo, recorram \u00e0 fonte da Minha miseric\u00f3rdia, tirem proveito do Sangue e da \u00c1gua que jorraram para eles\u201d (Di\u00e1rio, 848).<\/p>\n<p style=\"text-align: justify;\">\u201cMeu Cora\u00e7\u00e3o est\u00e1 repleto de grande miseric\u00f3rdia para com as almas, e especialmente para com os pobres pecadores. Oxal\u00e1 possam compreender que Eu sou para eles o melhor Pai, que por eles jorrou do Meu Cora\u00e7\u00e3o o Sangue e a \u00c1gua como de uma fonte transbordante de miseric\u00f3rdia. Para eles resido no Sacr\u00e1rio e como Rei de Miseric\u00f3rdia desejo conceder gra\u00e7as \u00e0s almas (&#8230;) Oh! Como \u00e9 grande a indiferen\u00e7a das almas para com tanta bondade, para com tantas provas de amor. (&#8230;) para tudo t\u00eam tempo, apenas n\u00e3o t\u00eam tempo para vir buscar as Minhas gra\u00e7as\u201d (Di\u00e1rio, 367).<\/p>\n","protected":false},"excerpt":{"rendered":"<p>Foi em suas apari\u00e7\u00f5es a santa Faustina Kowalska que Jesus apresentou ao mundo a devo\u00e7\u00e3o da Divina Miseric\u00f3rdia, sua festa, a imagem, o ter\u00e7o. \u00c0 religiosa polonesa, o Senhor deixou tamb\u00e9m palavras que expressam essa imensa gra\u00e7a, as quais foram registradas por ela em seu Di\u00e1rio. A seguir, confira algumas frases ditas pelo Senhor Jesus [&hellip;]<\/p>\n","protected":false},"author":1,"featured_media":97688,"comment_status":"open","ping_status":"closed","sticky":false,"template":"","format":"standard","meta":{"footnotes":""},"categories":[4,13],"tags":[],"class_list":["post-97687","post","type-post","status-publish","format-standard","has-post-thumbnail","hentry","category-cotidiano","category-featured"],"_links":{"self":[{"href":"https:\/\/catolicanet.net\/wp-cnet\/wp-json\/wp\/v2\/posts\/97687","targetHints":{"allow":["GET"]}}],"collection":[{"href":"https:\/\/catolicanet.net\/wp-cnet\/wp-json\/wp\/v2\/posts"}],"about":[{"href":"https:\/\/catolicanet.net\/wp-cnet\/wp-json\/wp\/v2\/types\/post"}],"author":[{"embeddable":true,"href":"https:\/\/catolicanet.net\/wp-cnet\/wp-json\/wp\/v2\/users\/1"}],"replies":[{"embeddable":true,"href":"https:\/\/catolicanet.net\/wp-cnet\/wp-json\/wp\/v2\/comments?post=97687"}],"version-history":[{"count":1,"href":"https:\/\/catolicanet.net\/wp-cnet\/wp-json\/wp\/v2\/posts\/97687\/revisions"}],"predecessor-version":[{"id":97690,"href":"https:\/\/catolicanet.net\/wp-cnet\/wp-json\/wp\/v2\/posts\/97687\/revisions\/97690"}],"wp:featuredmedia":[{"embeddable":true,"href":"https:\/\/catolicanet.net\/wp-cnet\/wp-json\/wp\/v2\/media\/97688"}],"wp:attachment":[{"href":"https:\/\/catolicanet.net\/wp-cnet\/wp-json\/wp\/v2\/media?parent=97687"}],"wp:term":[{"taxonomy":"category","embeddable":true,"href":"https:\/\/catolicanet.net\/wp-cnet\/wp-json\/wp\/v2\/categories?post=97687"},{"taxonomy":"post_tag","embeddable":true,"href":"https:\/\/catolicanet.net\/wp-cnet\/wp-json\/wp\/v2\/tags?post=97687"}],"curies":[{"name":"wp","href":"https:\/\/api.w.org\/{rel}","templated":true}]}}