{"id":97635,"date":"2026-04-04T13:43:14","date_gmt":"2026-04-04T16:43:14","guid":{"rendered":"https:\/\/catolicanet.net\/wp-cnet\/?p=97635"},"modified":"2026-04-07T13:46:15","modified_gmt":"2026-04-07T16:46:15","slug":"o-grande-silencio-a-esperanca-no-tumulo","status":"publish","type":"post","link":"https:\/\/catolicanet.net\/wp-cnet\/o-grande-silencio-a-esperanca-no-tumulo\/","title":{"rendered":"O Grande Sil\u00eancio: A Esperan\u00e7a no T\u00famulo"},"content":{"rendered":"<p style=\"text-align: justify;\">\u00a0\u00a0\u00a0\u00a0\u00a0\u00a0\u00a0\u00a0 Um grande sil\u00eancio reina hoje sobre a terra. Um sil\u00eancio denso, que n\u00e3o nasce da aus\u00eancia de sons, mas da profundidade de um mist\u00e9rio que a nossa raz\u00e3o custa a abra\u00e7ar. Se ontem o mundo se agitava entre gritos de condena\u00e7\u00e3o, o estalar dos a\u00e7oites e o clamor do Calv\u00e1rio, hoje tudo emudeceu. O Rei dorme. O Verbo de Deus, por quem tudo foi feito, jaz agora no sil\u00eancio de um sepulcro cavado na rocha.<\/p>\n<p style=\"text-align: justify;\">\u00a0\u00a0\u00a0\u00a0\u00a0\u00a0\u00a0\u00a0 O S\u00e1bado Santo \u00e9 o dia do aparente vazio. Entramos nas nossas igrejas e encontramos o altar desnudado, o sacr\u00e1rio aberto e a l\u00e2mpada apagada. \u00c9 o \u00fanico dia do ano em que a Igreja se priva da Eucaristia, como se estivesse em estado de choque, velando o corpo Daquele que \u00e9 a Pr\u00f3pria Vida. No entanto, este n\u00e3o \u00e9 um sil\u00eancio de derrota ou de fim de linha. \u00c9 o sil\u00eancio da semente debaixo da terra; o sil\u00eancio da gesta\u00e7\u00e3o; o repouso do Guerreiro que, ap\u00f3s a batalha da Cruz, desce agora \u00e0s profundezas para resgatar os seus.<\/p>\n<p style=\"text-align: justify;\">\u00a0\u00a0\u00a0\u00a0\u00a0\u00a0\u00a0\u00a0 Enquanto o mundo v\u00ea apenas um t\u00famulo selado por uma pedra pesada, a nossa f\u00e9 professa que Jesus &#8220;desceu \u00e0 mans\u00e3o dos mortos&#8221;. Ele n\u00e3o est\u00e1 inativo. Ele atravessa os limiares da escurid\u00e3o para segurar as m\u00e3os de Ad\u00e3o e Eva, de todos os justos que esperavam a liberta\u00e7\u00e3o. Jesus desce ao ponto mais baixo da condi\u00e7\u00e3o humana para que ningu\u00e9m mais se sinta s\u00f3, nem mesmo na morte. No S\u00e1bado de manh\u00e3, aprendemos que Deus trabalha no sil\u00eancio. Muitas vezes, em nossas vidas, atravessamos &#8220;s\u00e1bados santos&#8221; \u2014 momentos de luto, de deserto e de espera angustiante onde Deus parece mudo. Este serm\u00e3o nos recorda que o sil\u00eancio de Deus n\u00e3o \u00e9 abandono, mas uma prepara\u00e7\u00e3o silenciosa para um novo agir.<\/p>\n<p style=\"text-align: justify;\">\u00a0\u00a0\u00a0\u00a0\u00a0\u00a0\u00a0\u00a0 No centro deste dia, brilha a figura de Maria. Se os disc\u00edpulos se dispersaram ou se trancaram no cen\u00e1culo dominados pelo medo, a Virgem da Soledade permanece de p\u00e9 na esperan\u00e7a. Ela \u00e9 a guardi\u00e3 da f\u00e9 da Igreja. Em seu cora\u00e7\u00e3o, a chama do &#8220;Sim&#8221; n\u00e3o se apagou. Maria nos ensina que o S\u00e1bado Santo \u00e9 o dia da paci\u00eancia, o dia de aguardar que a promessa se cumpra, mesmo quando os olhos humanos s\u00f3 enxergam o fim.<\/p>\n<p style=\"text-align: justify;\">\u00a0\u00a0\u00a0\u00a0\u00a0\u00a0\u00a0\u00a0 Irm\u00e3os e irm\u00e3s, n\u00e3o tenhamos pressa de chegar ao &#8220;Aleluia&#8221;. Deixemos que o sil\u00eancio de hoje cure a nossa ansiedade e a nossa mania de querer resolver tudo com as nossas pr\u00f3prias for\u00e7as. O corpo de Cristo descansa, e com Ele, devemos descansar as nossas preocupa\u00e7\u00f5es. O t\u00famulo n\u00e3o \u00e9 uma pris\u00e3o, \u00e9 apenas um lugar de passagem. A pedra \u00e9 pesada, mas o sopro do Esp\u00edrito j\u00e1 come\u00e7a a aquecer a frieza da rocha. Vivamos este dia em ora\u00e7\u00e3o e vigil\u00e2ncia, acompanhando a solid\u00e3o da M\u00e3e e a espera de toda a humanidade, pois no cora\u00e7\u00e3o desta noite, a luz que nunca se apaga voltar\u00e1 a brilhar.<\/p>\n","protected":false},"excerpt":{"rendered":"<p>\u00a0\u00a0\u00a0\u00a0\u00a0\u00a0\u00a0\u00a0 Um grande sil\u00eancio reina hoje sobre a terra. Um sil\u00eancio denso, que n\u00e3o nasce da aus\u00eancia de sons, mas da profundidade de um mist\u00e9rio que a nossa raz\u00e3o custa a abra\u00e7ar. Se ontem o mundo se agitava entre gritos de condena\u00e7\u00e3o, o estalar dos a\u00e7oites e o clamor do Calv\u00e1rio, hoje tudo emudeceu. O [&hellip;]<\/p>\n","protected":false},"author":53272,"featured_media":92837,"comment_status":"open","ping_status":"closed","sticky":false,"template":"","format":"standard","meta":{"footnotes":""},"categories":[9],"tags":[],"class_list":["post-97635","post","type-post","status-publish","format-standard","has-post-thumbnail","hentry","category-artigos"],"_links":{"self":[{"href":"https:\/\/catolicanet.net\/wp-cnet\/wp-json\/wp\/v2\/posts\/97635","targetHints":{"allow":["GET"]}}],"collection":[{"href":"https:\/\/catolicanet.net\/wp-cnet\/wp-json\/wp\/v2\/posts"}],"about":[{"href":"https:\/\/catolicanet.net\/wp-cnet\/wp-json\/wp\/v2\/types\/post"}],"author":[{"embeddable":true,"href":"https:\/\/catolicanet.net\/wp-cnet\/wp-json\/wp\/v2\/users\/53272"}],"replies":[{"embeddable":true,"href":"https:\/\/catolicanet.net\/wp-cnet\/wp-json\/wp\/v2\/comments?post=97635"}],"version-history":[{"count":1,"href":"https:\/\/catolicanet.net\/wp-cnet\/wp-json\/wp\/v2\/posts\/97635\/revisions"}],"predecessor-version":[{"id":97637,"href":"https:\/\/catolicanet.net\/wp-cnet\/wp-json\/wp\/v2\/posts\/97635\/revisions\/97637"}],"wp:featuredmedia":[{"embeddable":true,"href":"https:\/\/catolicanet.net\/wp-cnet\/wp-json\/wp\/v2\/media\/92837"}],"wp:attachment":[{"href":"https:\/\/catolicanet.net\/wp-cnet\/wp-json\/wp\/v2\/media?parent=97635"}],"wp:term":[{"taxonomy":"category","embeddable":true,"href":"https:\/\/catolicanet.net\/wp-cnet\/wp-json\/wp\/v2\/categories?post=97635"},{"taxonomy":"post_tag","embeddable":true,"href":"https:\/\/catolicanet.net\/wp-cnet\/wp-json\/wp\/v2\/tags?post=97635"}],"curies":[{"name":"wp","href":"https:\/\/api.w.org\/{rel}","templated":true}]}}