{"id":97629,"date":"2026-04-03T13:29:18","date_gmt":"2026-04-03T16:29:18","guid":{"rendered":"https:\/\/catolicanet.net\/wp-cnet\/?p=97629"},"modified":"2026-04-07T13:30:09","modified_gmt":"2026-04-07T16:30:09","slug":"coleta-para-os-lugares-santos-5","status":"publish","type":"post","link":"https:\/\/catolicanet.net\/wp-cnet\/coleta-para-os-lugares-santos-5\/","title":{"rendered":"Coleta para os Lugares Santos"},"content":{"rendered":"<p style=\"text-align: justify;\">Na celebra\u00e7\u00e3o da Sexta-Feira Santa n\u00e3o h\u00e1 ofert\u00f3rio, at\u00e9 porque n\u00e3o h\u00e1 celebra\u00e7\u00e3o de Missa. \u00c9 o \u00fanico dia do ano em que a Igreja n\u00e3o celebra a Missa, mas somente a A\u00e7\u00e3o Lit\u00fargica da Paix\u00e3o do Senhor e a Adora\u00e7\u00e3o da Cruz. Mesmo assim, somos convidados a contribuir com a Coleta para os Lugares Santos durante e ap\u00f3s a adora\u00e7\u00e3o \u00e0 Santa Cruz, antes da comunh\u00e3o.<\/p>\n<p style=\"text-align: justify;\">Os Lugares Santos s\u00e3o igrejas e edif\u00edcios sagrados de forte apelo popular, localizados em v\u00e1rias partes do mundo, sobretudo na Terra Santa. Esses locais, para se manterem, precisam da ajuda da Igreja, para que os templos possam estar sempre bem conservados e preparados para receber os fi\u00e9is.<\/p>\n<p style=\"text-align: justify;\">Principalmente no per\u00edodo da Semana Santa e da P\u00e1scoa, os Lugares Santos recebiam muitos fi\u00e9is e agora necessitam da ajuda do povo de Deus para manter os religiosos que neles trabalham, conservar os templos, manter as despesas em dia e acolher bem os peregrinos que procuram esses locais. Infelizmente, neste ano, devido \u00e0 guerra no Oriente M\u00e9dio e \u00e0 tens\u00e3o instaurada na Faixa de Gaza, o n\u00famero de peregrinos diminuiu muito e at\u00e9 mesmo zerou. Mesmo assim, a Igreja permanece presente ali, e \u00e9 necess\u00e1rio manter os templos. Os respons\u00e1veis pelos lugares santos nos pedem generosidade para ajudarmos os nossos irm\u00e3os cat\u00f3licos em todos os servi\u00e7os lit\u00fargicos e sociais na terra santa.<\/p>\n<p style=\"text-align: justify;\">Sejamos generosos em nossa coleta na Sexta-Feira Santa, tendo a certeza, em nosso cora\u00e7\u00e3o, de que o dinheiro que iremos doar n\u00e3o ficar\u00e1 na par\u00f3quia, mas ser\u00e1 destinado \u00e0 C\u00faria Diocesana, que o encaminhar\u00e1 aos respons\u00e1veis pelos lugares santos. A Terra Santa \u00e9 o ber\u00e7o do cristianismo, e essa coleta resulta em diversas a\u00e7\u00f5es: desde a acolhida dos peregrinos at\u00e9 a aquisi\u00e7\u00e3o de material lit\u00fargico e tudo o que \u00e9 necess\u00e1rio para a miss\u00e3o dos religiosos naquela regi\u00e3o assim como muitos trabalhos educacionais e sociais.<\/p>\n<p style=\"text-align: justify;\">As coletas acontecem todos os anos, geram muitos frutos e costumam ser generosas. Inclusive, durante a pandemia da Covid-19, as par\u00f3quias destinaram contribui\u00e7\u00f5es significativas. Novamente, neste ano, pede-se a colabora\u00e7\u00e3o de todos os fi\u00e9is para a Sexta-Feira Santa, dia 3 de abril, diante do cen\u00e1rio de guerras e conflitos que vivemos. Cristo morreu na Cruz por amor a todos n\u00f3s; por isso, tamb\u00e9m devemos amar o pr\u00f3ximo e ajudar as igrejas que acolhem os peregrinos.<\/p>\n<p style=\"text-align: justify;\">Ao longo de todo o ano, a Igreja conta com a ajuda do povo de Deus em cinco coletas principais: Coleta para a Evangeliza\u00e7\u00e3o (Advento), Coleta da Campanha da Fraternidade (Domingo de Ramos), Coleta para os Lugares Santos (Sexta-Feira Santa), \u00d3bolo de S\u00e3o Pedro (Dia do Papa) e Miss\u00f5es e Santa Inf\u00e2ncia (outubro), al\u00e9m das promovidas pelas igrejas particulares, de acordo com o calend\u00e1rio da Confer\u00eancia Episcopal. No Brasil, h\u00e1 a coleta para as voca\u00e7\u00f5es, em agosto, destinada aos semin\u00e1rios diocesanos. S\u00e3o ocasi\u00f5es em que todo o povo de Deus \u00e9 chamado a contribuir, como membros da Igreja.<\/p>\n<p style=\"text-align: justify;\">A Coleta para os Lugares Santos foi institu\u00edda por S\u00e3o Paulo VI, em 25 de mar\u00e7o de 1974, por meio da Exorta\u00e7\u00e3o Apost\u00f3lica Nobis in animo. O Papa Paulo VI nutria grande preocupa\u00e7\u00e3o pela Igreja de Jerusal\u00e9m e temia que os templos ali existentes ficassem sem manuten\u00e7\u00e3o adequada e, com isso, diminu\u00edsse a presen\u00e7a de fi\u00e9is naquele lugar, ber\u00e7o da nossa f\u00e9. Por meio dessa Exorta\u00e7\u00e3o Apost\u00f3lica, ele incentiva toda a Igreja a olhar com aten\u00e7\u00e3o e carinho para a miss\u00e3o, sobretudo nos Lugares Santos.<\/p>\n<p style=\"text-align: justify;\">\u201cA Igreja de Jerusal\u00e9m ocupa um lugar de elei\u00e7\u00e3o na solicitude da Santa S\u00e9 e na preocupa\u00e7\u00e3o de todo o mundo crist\u00e3o, enquanto o interesse pelos Lugares Santos, e em particular pela cidade de Jerusal\u00e9m, emerge mesmo nos grandes consensos das na\u00e7\u00f5es e nas maiores organiza\u00e7\u00f5es internacionais\u201d, afirmou o Santo Padre na Exorta\u00e7\u00e3o Apost\u00f3lica.<\/p>\n<p style=\"text-align: justify;\">Ao contribuir com a Coleta para os Lugares Santos, cumprimos o mandato de Jesus e nos tornamos mission\u00e1rios. Mesmo n\u00e3o estando fisicamente no campo de miss\u00e3o, colaboramos para que o Reino de Deus seja anunciado naquele lugar. O termo \u201ccat\u00f3lico\u201d significa universal: a Igreja n\u00e3o anuncia o Evangelho apenas em um local, mas no mundo inteiro. Esse car\u00e1ter universal tamb\u00e9m expressa comunh\u00e3o, ou seja, a uni\u00e3o de todos os fi\u00e9is com Cristo. Ao fazermos a nossa parte, contribuindo com essa coleta, vivemos essa comunh\u00e3o com Cristo e com todos os crist\u00e3os.<\/p>\n<p style=\"text-align: justify;\">Esse dinheiro arrecadado \u00e9 necess\u00e1rio n\u00e3o apenas para a manuten\u00e7\u00e3o dos templos, mas tamb\u00e9m para sustentar sacerdotes e religiosos, garantindo a celebra\u00e7\u00e3o da Eucaristia e a continuidade da miss\u00e3o e para os v\u00e1rios servi\u00e7os sociais e educacionais. Sem os sacerdotes, n\u00e3o h\u00e1 Eucaristia; sem os religiosos, n\u00e3o h\u00e1 presen\u00e7a junto aos enfermos nem an\u00fancio do Reino de Deus. Por isso, a Igreja, com sabedoria, realiza essa coleta na Sexta-Feira Santa, para que Cristo, que morreu e ressuscitou, continue presente naquele lugar.<\/p>\n<p style=\"text-align: justify;\">A Coleta para os Lugares Santos \u00e9 tamb\u00e9m uma forma concreta de vivermos a caridade, t\u00e3o recomendada durante o tempo quaresmal. Na Quaresma, somos convidados a praticar tr\u00eas dimens\u00f5es essenciais: ora\u00e7\u00e3o, jejum e caridade, que est\u00e3o profundamente unidas. A coleta realizada na Sexta-Feira Santa \u00e9 uma express\u00e3o concreta dessa caridade. A Igreja \u00e9, por sua natureza, caridosa; a caridade est\u00e1 em seu centro, e por isso ela olha com especial aten\u00e7\u00e3o para aqueles que mais necessitam \u2014 e o povo da Terra Santa, hoje, necessita de nossa ajuda.<\/p>\n<p style=\"text-align: justify;\">Assim, com a colabora\u00e7\u00e3o de toda a comunidade, a Igreja poder\u00e1 manter viva a evangeliza\u00e7\u00e3o na Terra Santa e nos demais locais de miss\u00e3o. A Igreja Cat\u00f3lica, sendo universal, conta com o apoio dos fi\u00e9is nos quatro cantos do mundo e est\u00e1 presente em toda a terra.<\/p>\n<p style=\"text-align: justify;\">Sejamos generosos na coleta desta Sexta-Feira Santa, conscientes de que estaremos exercendo a caridade quaresmal. O que ofertarmos n\u00e3o ficar\u00e1 na par\u00f3quia nem com o sacerdote, mas ser\u00e1 destinado \u00e0 miss\u00e3o da Igreja, especialmente na Terra Santa, onde nasceu a nossa f\u00e9 e que tanto necessita de ajuda neste tempo de guerras e conflitos. Lembremo-nos tamb\u00e9m de que muitos inocentes est\u00e3o morrendo por causa da guerra, e inclusive a Igreja Cat\u00f3lica ali presente corre grandes riscos.<\/p>\n","protected":false},"excerpt":{"rendered":"<p>Na celebra\u00e7\u00e3o da Sexta-Feira Santa n\u00e3o h\u00e1 ofert\u00f3rio, at\u00e9 porque n\u00e3o h\u00e1 celebra\u00e7\u00e3o de Missa. \u00c9 o \u00fanico dia do ano em que a Igreja n\u00e3o celebra a Missa, mas somente a A\u00e7\u00e3o Lit\u00fargica da Paix\u00e3o do Senhor e a Adora\u00e7\u00e3o da Cruz. Mesmo assim, somos convidados a contribuir com a Coleta para os Lugares [&hellip;]<\/p>\n","protected":false},"author":5,"featured_media":55819,"comment_status":"open","ping_status":"closed","sticky":false,"template":"","format":"standard","meta":{"footnotes":""},"categories":[9],"tags":[],"class_list":["post-97629","post","type-post","status-publish","format-standard","has-post-thumbnail","hentry","category-artigos"],"_links":{"self":[{"href":"https:\/\/catolicanet.net\/wp-cnet\/wp-json\/wp\/v2\/posts\/97629","targetHints":{"allow":["GET"]}}],"collection":[{"href":"https:\/\/catolicanet.net\/wp-cnet\/wp-json\/wp\/v2\/posts"}],"about":[{"href":"https:\/\/catolicanet.net\/wp-cnet\/wp-json\/wp\/v2\/types\/post"}],"author":[{"embeddable":true,"href":"https:\/\/catolicanet.net\/wp-cnet\/wp-json\/wp\/v2\/users\/5"}],"replies":[{"embeddable":true,"href":"https:\/\/catolicanet.net\/wp-cnet\/wp-json\/wp\/v2\/comments?post=97629"}],"version-history":[{"count":1,"href":"https:\/\/catolicanet.net\/wp-cnet\/wp-json\/wp\/v2\/posts\/97629\/revisions"}],"predecessor-version":[{"id":97631,"href":"https:\/\/catolicanet.net\/wp-cnet\/wp-json\/wp\/v2\/posts\/97629\/revisions\/97631"}],"wp:featuredmedia":[{"embeddable":true,"href":"https:\/\/catolicanet.net\/wp-cnet\/wp-json\/wp\/v2\/media\/55819"}],"wp:attachment":[{"href":"https:\/\/catolicanet.net\/wp-cnet\/wp-json\/wp\/v2\/media?parent=97629"}],"wp:term":[{"taxonomy":"category","embeddable":true,"href":"https:\/\/catolicanet.net\/wp-cnet\/wp-json\/wp\/v2\/categories?post=97629"},{"taxonomy":"post_tag","embeddable":true,"href":"https:\/\/catolicanet.net\/wp-cnet\/wp-json\/wp\/v2\/tags?post=97629"}],"curies":[{"name":"wp","href":"https:\/\/api.w.org\/{rel}","templated":true}]}}