{"id":97626,"date":"2026-04-03T13:28:17","date_gmt":"2026-04-03T16:28:17","guid":{"rendered":"https:\/\/catolicanet.net\/wp-cnet\/?p=97626"},"modified":"2026-04-07T13:29:05","modified_gmt":"2026-04-07T16:29:05","slug":"sexta-feira-santa-o-descendimento-da-cruz","status":"publish","type":"post","link":"https:\/\/catolicanet.net\/wp-cnet\/sexta-feira-santa-o-descendimento-da-cruz\/","title":{"rendered":"Sexta-feira santa O descendimento da Cruz"},"content":{"rendered":"<p style=\"text-align: justify;\">A a\u00e7\u00e3o da piedade popular do descendimento da Cruz \u201cconclui\u201d o dia da Sexta-Feira Santa. A Sexta-Feira Santa, como bem sabemos, \u00e9 um dia de ora\u00e7\u00e3o, reflex\u00e3o, sil\u00eancio, jejum e abstin\u00eancia de carne. O primeiro ato lit\u00fargico da Sexta-Feira Santa do qual podemos participar \u00e9 a adora\u00e7\u00e3o ao Sant\u00edssimo Sacramento na parte da manh\u00e3; ainda em algumas par\u00f3quias, podemos participar do serm\u00e3o das Sete Palavras de Cristo na Cruz. O segundo momento do qual podemos participar nessa Sexta-Feira Santa \u00e9 a A\u00e7\u00e3o Lit\u00fargica da Paix\u00e3o e adora\u00e7\u00e3o \u00e0 Santa Cruz; em seguida, a prociss\u00e3o com a imagem de Nosso Senhor morto e Nossa Senhora das Dores pelas ruas do bairro.<\/p>\n<p style=\"text-align: justify;\">Antes da prociss\u00e3o acontece o serm\u00e3o do descendimento da Cruz. O padre profere o serm\u00e3o quando todos os fi\u00e9is, reunidos no lugar apropriado, presenciam a instala\u00e7\u00e3o da cena do Calv\u00e1rio, com as tr\u00eas cruzes: a de Jesus e as do bom e do mau ladr\u00e3o. O serm\u00e3o \u00e9 de uma riqueza teol\u00f3gica muito grande, e precisamos resgatar esses momentos para reavivar a f\u00e9 popular do povo. Aqui em nossa Arquidiocese temos os v\u00e1rios autos da paix\u00e3o, o principal do qual ocorre nos arcos da lapa. \u00c9 um modo art\u00edstico e cultural de passar esse acontecimento ao nosso povo.<\/p>\n<p style=\"text-align: justify;\">\u00c9 importante que, ao chegar da prociss\u00e3o, se permita aos fi\u00e9is venerar e rezar diante da imagem do Senhor morto e de Nossa Senhora das Dores. O povo de Deus precisa compreender melhor o mist\u00e9rio da Paix\u00e3o, morte e ressurrei\u00e7\u00e3o de Nosso Senhor.<\/p>\n<p style=\"text-align: justify;\">Outros serm\u00f5es enriquecem e fazem parte da Semana Santa, como, por exemplo, o serm\u00e3o das dores de Nossa Senhora, o serm\u00e3o do encontro, o serm\u00e3o do dep\u00f3sito e o serm\u00e3o das Sete Palavras de Cristo na Cruz. Procuremos participar desses serm\u00f5es da Semana Santa e enriquecer teologicamente a nossa f\u00e9. S\u00f3 temos uma Semana Santa ao longo de todo o ano e apenas uma Sexta-Feira Santa; portanto, fa\u00e7amos o esfor\u00e7o de participar dela.<\/p>\n<p style=\"text-align: justify;\">Al\u00e9m do serm\u00e3o proferido pelo sacerdote, esse momento, na medida do poss\u00edvel, \u00e9 encenado: usa-se uma cruz pr\u00f3pria ou algum paroquiano representa esse momento, encenando Jesus. \u00c0 medida que se encena, d\u00e1-se mais vivacidade ao momento. Normalmente, esse ato \u00e9 realizado em um lugar alto, na frente da igreja, para que todos os fi\u00e9is possam ver e participar.<\/p>\n<p style=\"text-align: justify;\">N\u00e3o podemos deixar o Senhor pregado na Cruz; temos que tir\u00e1-lo dessa Cruz, limpar as suas feridas e entreg\u00e1-lo \u00e0 sua M\u00e3e para que possa sepult\u00e1-lo. Sabemos que o Senhor venceu a morte: n\u00e3o est\u00e1 mais no sepulcro nem na Cruz; o madeiro est\u00e1 vazio, pois o Senhor da vida venceu a morte. Precisamos tir\u00e1-lo da Cruz para que Ele possa ressurgir glorioso no S\u00e1bado Santo. Jesus ressurgir\u00e1 glorioso com a marca dos pregos e da lan\u00e7a em seu corpo. Pe\u00e7amos que os nossos pecados tenham sido pregados na Cruz, e que possamos ressurgir para uma vida nova na Vig\u00edlia da Ressurrei\u00e7\u00e3o. Essa \u00e9 a proposta da Quaresma e da P\u00e1scoa: deixar \u201cmorrer\u201d em n\u00f3s o homem velho e ressurgir para uma vida nova.<\/p>\n<p style=\"text-align: justify;\">Ao tirar o corpo do Senhor da Cruz e entreg\u00e1-lo \u00e0 sua M\u00e3e, podemos lembrar de tantas m\u00e3es que recebem os corpos de seus filhos nos bra\u00e7os, que infelizmente s\u00e3o mortos precocemente devido \u00e0 viol\u00eancia, \u00e0s drogas ou a acidentes. Com certeza, a dor de Nossa Senhora foi a mesma; mas Ela recebeu o conforto de Deus e guardava tudo em seu cora\u00e7\u00e3o, tendo a certeza de que Ele ressuscitaria dos mortos. Rezemos por essas m\u00e3es dos dias de hoje, que recebem o corpo de seus filhos em seus bra\u00e7os, para que recebam de Deus o conforto e acreditem na vida eterna. Ningu\u00e9m quer ver o outro sofrer, ainda mais sendo filho; por mais que seus pecados tenham sido grandes, n\u00e3o cabe a n\u00f3s julgar as suas atitudes. Entreguemos aqueles que morrem precocemente \u00e0 miseric\u00f3rdia de Deus.<\/p>\n<p style=\"text-align: justify;\">A partir do evento da Cruz e Ressurrei\u00e7\u00e3o, os evangelhos come\u00e7aram a ser escritos. Os evangelhos fazem mem\u00f3ria de tudo aquilo que Jesus fez e t\u00eam o intuito de guardar em perp\u00e9tua mem\u00f3ria tudo aquilo que Ele realizou enquanto esteve entre n\u00f3s. Normalmente, escreve-se sobre uma pessoa ap\u00f3s a sua morte, para que tudo aquilo que ela fez permane\u00e7a vivo na mem\u00f3ria.<\/p>\n<p style=\"text-align: justify;\">Na celebra\u00e7\u00e3o da Paix\u00e3o, adoramos a Santa Cruz, mas n\u00e3o adoramos o madeiro em si; adoramos Aquele que morreu nela e venceu a morte. \u00c9 comum, enquanto adoramos a Cruz, entoarmos este c\u00e2ntico: \u201cVit\u00f3ria, tu reinar\u00e1s; \u00f3 Cruz, tu nos salvar\u00e1s\u201d. A Cruz, que para muitos \u00e9 derrota ou o fim, para n\u00f3s \u00e9 vit\u00f3ria e o in\u00edcio de uma nova vida. Desde o nosso Batismo, somos marcados com a Cruz de Cristo, e a f\u00e9 na Cruz nos acompanhar\u00e1 ao longo de toda a vida, at\u00e9 o dia de nossa morte.<\/p>\n<p style=\"text-align: justify;\">Jesus se entrega \u00e0 Cruz livremente. Ele, que foi aclamado como Rei ao entrar em Jerusal\u00e9m, \u00e9 crucificado e recebe como \u201csinal\u201d de realeza a coroa de espinhos. Como um cordeiro conduzido ao matadouro, Ele sofre em sil\u00eancio e \u00e9 entregue \u00e0 morte de Cruz. Jesus, desde o in\u00edcio, \u00e9 um rei diferente: nunca quis o poder terreno, n\u00e3o vivia em pal\u00e1cio nem vestia roupas de ouro, mas viveu sempre a humildade e ensinou unicamente o amor. A vida p\u00fablica de Jesus foi uma subida rumo a Jerusal\u00e9m e tinha como meta selar eternamente a alian\u00e7a de amor de Deus com a humanidade.<\/p>\n<p style=\"text-align: justify;\">O descendimento da Cruz inicia-se tirando primeiro a inscri\u00e7\u00e3o \u201cINRI\u201d, que significa: Jesus Nazareno, Rei dos Judeus, escrito em hebraico, latim e grego. Essa inscri\u00e7\u00e3o se torna para n\u00f3s uma profiss\u00e3o de f\u00e9, e rezamos diariamente no Pai-Nosso: \u201cVenha a n\u00f3s o vosso Reino\u201d. O Reino de Deus s\u00f3 se far\u00e1 presente em nossa vida a partir do momento em que fizermos a vontade de Deus. Ele \u00e9 o caminho, a verdade e a vida.<\/p>\n<p style=\"text-align: justify;\">\u201cTirem a coroa de espinhos\u201d: essa coroa n\u00e3o era digna de um rei, ainda mais de um rei como Jesus. Puseram uma coroa falsa naquele que era o verdadeiro Rei. Os espinhos simbolizam as consequ\u00eancias do pecado. Muitas vezes, n\u00f3s cravamos essa coroa em Jesus quando n\u00e3o realizamos a sua vontade e cometemos pecados.<\/p>\n<p style=\"text-align: justify;\">\u201cDesprendam o bra\u00e7o direito\u201d: ao ser crucificado, Jesus recebeu pregos em suas m\u00e3os e p\u00e9s. Imaginemos a dor que Ele sentiu. N\u00f3s tamb\u00e9m colocamos esses pregos em Jesus todas as vezes que pecamos e n\u00e3o fazemos a sua vontade. Ferimos Jesus tamb\u00e9m quando n\u00e3o permitimos que as nossas crian\u00e7as tenham uma educa\u00e7\u00e3o de qualidade.<\/p>\n<p style=\"text-align: justify;\">\u201cDesprendam o bra\u00e7o esquerdo\u201d: \u00e9 preciso desatar os bra\u00e7os do Mestre \u2014 o bra\u00e7o que foi estendido e preso na Cruz, o bra\u00e7o que foi feito para aben\u00e7oar e fazer o bem, n\u00e3o pode permanecer preso. Que, todas as vezes que o nosso bra\u00e7o nos levar a pecar, lembremo-nos das feridas que Jesus sofreu ao ter seu bra\u00e7o preso na Cruz.<\/p>\n<p style=\"text-align: justify;\">\u201cDesprendam os p\u00e9s\u201d: os pregos de seus p\u00e9s, certamente, eram maiores que os das m\u00e3os, pois pregaram seus dois p\u00e9s juntos. Imaginemos tamanha dor, somada ao flagelo, \u00e0 coroa de espinhos e aos pregos das m\u00e3os. Que, todas as vezes que impedirmos algu\u00e9m de caminhar ou privarmos algu\u00e9m de liberdade, recordemos o que Jesus sofreu ao ter seus p\u00e9s pregados.<\/p>\n<p style=\"text-align: justify;\">Por fim, \u201cdes\u00e7am o corpo de Jesus\u201d: nesse momento, fa\u00e7amos um profundo sil\u00eancio em sinal de respeito ao Mestre, que, falecido, \u00e9 retirado da Cruz. Imaginemos a cena do corpo de Jesus sendo entregue a Maria, sua M\u00e3e. Lembremo-nos, ent\u00e3o, de tantas m\u00e3es que recebem seus filhos mortos em seus bra\u00e7os \u2014 v\u00edtimas da viol\u00eancia, de balas perdidas, do tr\u00e1fico, de doen\u00e7as, entre outras causas. Que o Esp\u00edrito Santo conforte o cora\u00e7\u00e3o dessas m\u00e3es, do mesmo modo que confortou o cora\u00e7\u00e3o de Maria Sant\u00edssima.<\/p>\n<p style=\"text-align: justify;\">Ap\u00f3s retirar o corpo do Senhor da Cruz, sepultemo-lo, crendo que Ele ressuscitar\u00e1 dois dias depois. Da mesma forma que Jesus disse a L\u00e1zaro: <em>\u201cVem para fora\u201d<\/em>, digamos tamb\u00e9m: <em>\u201cSenhor, vem para fora\u201d<\/em>. Vem nos libertar da fome, da pobreza, da viol\u00eancia, das drogas e da falta de f\u00e9. Vem trazer moradia digna para todos. Que, com a Ressurrei\u00e7\u00e3o no S\u00e1bado Santo, tudo se fa\u00e7a novo e o mundo se renove com a luz que ilumina as trevas.<\/p>\n","protected":false},"excerpt":{"rendered":"<p>A a\u00e7\u00e3o da piedade popular do descendimento da Cruz \u201cconclui\u201d o dia da Sexta-Feira Santa. A Sexta-Feira Santa, como bem sabemos, \u00e9 um dia de ora\u00e7\u00e3o, reflex\u00e3o, sil\u00eancio, jejum e abstin\u00eancia de carne. O primeiro ato lit\u00fargico da Sexta-Feira Santa do qual podemos participar \u00e9 a adora\u00e7\u00e3o ao Sant\u00edssimo Sacramento na parte da manh\u00e3; ainda [&hellip;]<\/p>\n","protected":false},"author":5,"featured_media":55819,"comment_status":"open","ping_status":"closed","sticky":false,"template":"","format":"standard","meta":{"footnotes":""},"categories":[9],"tags":[],"class_list":["post-97626","post","type-post","status-publish","format-standard","has-post-thumbnail","hentry","category-artigos"],"_links":{"self":[{"href":"https:\/\/catolicanet.net\/wp-cnet\/wp-json\/wp\/v2\/posts\/97626","targetHints":{"allow":["GET"]}}],"collection":[{"href":"https:\/\/catolicanet.net\/wp-cnet\/wp-json\/wp\/v2\/posts"}],"about":[{"href":"https:\/\/catolicanet.net\/wp-cnet\/wp-json\/wp\/v2\/types\/post"}],"author":[{"embeddable":true,"href":"https:\/\/catolicanet.net\/wp-cnet\/wp-json\/wp\/v2\/users\/5"}],"replies":[{"embeddable":true,"href":"https:\/\/catolicanet.net\/wp-cnet\/wp-json\/wp\/v2\/comments?post=97626"}],"version-history":[{"count":1,"href":"https:\/\/catolicanet.net\/wp-cnet\/wp-json\/wp\/v2\/posts\/97626\/revisions"}],"predecessor-version":[{"id":97628,"href":"https:\/\/catolicanet.net\/wp-cnet\/wp-json\/wp\/v2\/posts\/97626\/revisions\/97628"}],"wp:featuredmedia":[{"embeddable":true,"href":"https:\/\/catolicanet.net\/wp-cnet\/wp-json\/wp\/v2\/media\/55819"}],"wp:attachment":[{"href":"https:\/\/catolicanet.net\/wp-cnet\/wp-json\/wp\/v2\/media?parent=97626"}],"wp:term":[{"taxonomy":"category","embeddable":true,"href":"https:\/\/catolicanet.net\/wp-cnet\/wp-json\/wp\/v2\/categories?post=97626"},{"taxonomy":"post_tag","embeddable":true,"href":"https:\/\/catolicanet.net\/wp-cnet\/wp-json\/wp\/v2\/tags?post=97626"}],"curies":[{"name":"wp","href":"https:\/\/api.w.org\/{rel}","templated":true}]}}