{"id":97612,"date":"2026-04-04T09:13:26","date_gmt":"2026-04-04T12:13:26","guid":{"rendered":"https:\/\/catolicanet.net\/wp-cnet\/?p=97612"},"modified":"2026-04-07T13:14:39","modified_gmt":"2026-04-07T16:14:39","slug":"oracao-e-silencio-no-sabado-santo-4","status":"publish","type":"post","link":"https:\/\/catolicanet.net\/wp-cnet\/oracao-e-silencio-no-sabado-santo-4\/","title":{"rendered":"Ora\u00e7\u00e3o e Sil\u00eancio no S\u00e1bado Santo"},"content":{"rendered":"<p style=\"text-align: justify;\">O S\u00e1bado Santo \u00e9 um dia de recolhimento, ora\u00e7\u00e3o e sil\u00eancio. Iniciado no final da celebra\u00e7\u00e3o da Quinta-Feira \u00e0 noite, esse clima de sil\u00eancio e ora\u00e7\u00e3o continua at\u00e9 a proclama\u00e7\u00e3o da P\u00e1scoa no s\u00e1bado \u00e0 noite. Por isso, na Quinta-Feira \u00e0 noite iniciamos o Tr\u00edduo Pascal, que terminar\u00e1 no final da vig\u00edlia ou do domingo.<\/p>\n<p style=\"text-align: justify;\">Podemos ainda fazer jejum neste S\u00e1bado Santo, ou seja, comer com parcim\u00f4nia e continuar as pr\u00e1ticas penitenciais que iniciamos na Quaresma. No s\u00e1bado \u00e0 noite, ap\u00f3s a proclama\u00e7\u00e3o da P\u00e1scoa, a\u00ed sim estaremos liberados do jejum e das pr\u00e1ticas penitenciais quaresmais.<\/p>\n<p style=\"text-align: justify;\">Podemos ainda, ao longo deste S\u00e1bado Santo, rezar o ter\u00e7o nos mist\u00e9rios dolorosos, meditar as Sete Dores de Nossa Senhora e tamb\u00e9m a Via-Sacra. Podemos reunir a fam\u00edlia e rezar juntos ou em comunidade, podendo meditar ainda as Sete Palavras de Cristo na Cruz. Neste s\u00e1bado, n\u00e3o \u00e9 dia de fazer muitas coisas nem de passear ou sair, mas \u00e9 um dia de reflex\u00e3o e ora\u00e7\u00e3o. O nosso costume \u00e9 celebrar o Of\u00edcio de Trevas.<\/p>\n<p style=\"text-align: justify;\">O s\u00e1bado \u00e9 um dia de ora\u00e7\u00e3o e sil\u00eancio porque o Senhor foi tirado do meio de n\u00f3s. O Senhor Jesus est\u00e1 no t\u00famulo e desceu \u00e0 mans\u00e3o dos mortos. N\u00f3s sabemos que Jesus ressuscitou e est\u00e1 vivo, mas vivemos essa expectativa em sil\u00eancio e ora\u00e7\u00e3o at\u00e9 a noite. Logo mais, na Vig\u00edlia Pascal, entoaremos o t\u00e3o esperado \u201cAleluia\u201d, que n\u00e3o cantamos durante toda a Quaresma. Preparemo-nos, ao longo do dia, para entoarmos com alegria esse Aleluia na Vig\u00edlia Pascal.<\/p>\n<p style=\"text-align: justify;\">O mundo est\u00e1 nas trevas, o Senhor foi tirado do meio de n\u00f3s, a luz se apagou \u2014 mas por um momento. Logo mais, na Vig\u00edlia Pascal, a luz voltar\u00e1. Se, na celebra\u00e7\u00e3o da Paix\u00e3o de ontem, cantamos: \u201cEis o lenho da cruz, do qual pendeu a salva\u00e7\u00e3o do mundo\u201d, na Vig\u00edlia Pascal de logo mais cantaremos: \u201cEis a luz de Cristo\u201d, a luz de Cristo que veio para iluminar as trevas do mundo.<\/p>\n<p style=\"text-align: justify;\">Todas as celebra\u00e7\u00f5es da Semana Santa t\u00eam um significado especial e todas elas nos remetem ao mist\u00e9rio pascal de Cristo. No Of\u00edcio de Trevas, que celebramos toda a Igreja vai ficando no escuro e, no final da celebra\u00e7\u00e3o, permanece uma \u00fanica vela acesa, que representa a luz de Cristo que n\u00e3o se apaga e vem iluminar as trevas. Quando meditamos as Dores de Maria, o Serm\u00e3o do Encontro, enfim, em todas essas celebra\u00e7\u00f5es, o sil\u00eancio e a medita\u00e7\u00e3o devem se fazer presentes, e contemplamos o mist\u00e9rio pascal de Cristo. Neste s\u00e1bado, sabemos que a luz de Cristo foi tirada por um tempo do nosso meio, mas, \u00e0 noite, essa luz ressurgir\u00e1 e vir\u00e1 iluminar as trevas.<\/p>\n<p style=\"text-align: justify;\">As par\u00f3quias tamb\u00e9m usam o S\u00e1bado Santo para limpar e ornamentar a Igreja para a celebra\u00e7\u00e3o da Vig\u00edlia \u00e0 noite \u2014 \u00e9 claro, tudo sendo feito com parcim\u00f4nia e sem muito barulho. Algumas par\u00f3quias ainda meditam as Sete Palavras de Cristo na Cruz. A Igreja, neste dia, est\u00e1 em ora\u00e7\u00e3o pelo Senhor que desceu ao sepulcro, foi \u00e0s profundezas da mans\u00e3o dos mortos a fim de resgatar aqueles que l\u00e1 se encontravam. Ele se entrega na Sexta-Feira e ressurge glorioso na madrugada do domingo. A Igreja permanece em ora\u00e7\u00e3o neste dia, pedindo a Deus que tudo se renove com a ressurrei\u00e7\u00e3o do Senhor.<\/p>\n<p style=\"text-align: justify;\">A Vig\u00edlia s\u00f3 pode iniciar depois do por do sol e deve se concluir antes do nascer do sol, pois o Senhor ressuscitou na madrugada de s\u00e1bado para domingo. Durante todo o s\u00e1bado, devemos nos guardar por meio da medita\u00e7\u00e3o e da ora\u00e7\u00e3o para celebrar a grande Vig\u00edlia da Ressurrei\u00e7\u00e3o. N\u00e3o devemos deixar de participar da Vig\u00edlia Pascal: ela \u00e9 a m\u00e3e de todas as vig\u00edlias e a celebra\u00e7\u00e3o mais importante do ano.<\/p>\n<p style=\"text-align: justify;\">O S\u00e1bado Santo tamb\u00e9m \u00e9 conhecido como \u201cS\u00e1bado de Aleluia\u201d, porque, durante a Quaresma, a Igreja n\u00e3o canta o Aleluia nem o Gl\u00f3ria; ambos os c\u00e2nticos retornam na solene Vig\u00edlia Pascal. Durante a Vig\u00edlia do S\u00e1bado de Aleluia, finalmente se canta o Aleluia para anunciar a alegria da P\u00e1scoa.<\/p>\n<p style=\"text-align: justify;\">No S\u00e1bado Santo, os disc\u00edpulos estavam muito tristes, pois Jesus estava \u201cmorto\u201d. Eles n\u00e3o tinham compreendido aquilo que Jesus havia dito: que era necess\u00e1rio que o Filho do Homem sofresse tudo aquilo para nos salvar. Apesar de acontecerem coisas dif\u00edceis em nossa vida, nunca devemos perder a esperan\u00e7a; devemos acreditar que \u00e9 necess\u00e1rio passar pelo calv\u00e1rio para se chegar \u00e0 gl\u00f3ria da ressurrei\u00e7\u00e3o.<\/p>\n<p style=\"text-align: justify;\">O S\u00e1bado Santo \u00e9 um dia de recordarmos o amor de Deus por n\u00f3s, a tal ponto de entregar o seu Filho para morrer em favor de toda a humanidade. Neste dia, temos a certeza de que Jesus que morreu na cruz na Sexta-Feira Santa e ressuscitar\u00e1 logo mais \u00e0 noite. Diferente do que aconteceu quando Jesus morreu, os disc\u00edpulos, apesar de tudo o que Ele lhes havia falado, tinham certo medo de que Ele n\u00e3o ressuscitasse.<\/p>\n<p style=\"text-align: justify;\">Aproveitemos este s\u00e1bado para nos recolhermos um pouco, procurar um lugar sossegado em casa, na Igreja ou em alguma pra\u00e7a, e escutar Deus falar conosco. Meditemos no grande presente de amor que o Pai nos deu: permitiu que seu Filho morresse na Cruz para nos salvar. Quando nos sentirmos envoltos em \u201ctrevas\u201d, quando acharmos que as coisas n\u00e3o t\u00eam sa\u00edda, procuremos o sil\u00eancio, escutemos Deus falar conosco, para que possamos ver a luz.<\/p>\n<p style=\"text-align: justify;\">O sil\u00eancio neste S\u00e1bado Santo nos ajuda a compreender que a morte n\u00e3o \u00e9 o fim, mas o come\u00e7o de uma nova vida. N\u00e3o \u00e9 um sil\u00eancio de luto, mas um sil\u00eancio orante e de confian\u00e7a na vida eterna. Por meio do sil\u00eancio, poderemos encontrar respostas para os momentos que estamos atravessando em nossa vida.<\/p>\n<p style=\"text-align: justify;\">Preparemo-nos neste S\u00e1bado Santo por meio do jejum e da ora\u00e7\u00e3o silenciosa para a grande Vig\u00edlia Pascal que celebraremos logo mais \u00e0 noite. Tenhamos a certeza de que, durante o dia, o Senhor est\u00e1 no sepulcro, mas, \u00e0 noite, na madrugada, Ele o deixa vazio. Lembrando que este dia ainda n\u00e3o \u00e9 momento de festa, de qualquer tipo de comemora\u00e7\u00e3o ou de excessos. O S\u00e1bado Santo ainda \u00e9 dia de recolhimento e ora\u00e7\u00e3o. Aproveitemos para rezar pelo nosso pa\u00eds e pelo mundo, que tanto precisam de ora\u00e7\u00e3o.<\/p>\n","protected":false},"excerpt":{"rendered":"<p>O S\u00e1bado Santo \u00e9 um dia de recolhimento, ora\u00e7\u00e3o e sil\u00eancio. Iniciado no final da celebra\u00e7\u00e3o da Quinta-Feira \u00e0 noite, esse clima de sil\u00eancio e ora\u00e7\u00e3o continua at\u00e9 a proclama\u00e7\u00e3o da P\u00e1scoa no s\u00e1bado \u00e0 noite. Por isso, na Quinta-Feira \u00e0 noite iniciamos o Tr\u00edduo Pascal, que terminar\u00e1 no final da vig\u00edlia ou do domingo. [&hellip;]<\/p>\n","protected":false},"author":5,"featured_media":55819,"comment_status":"open","ping_status":"closed","sticky":false,"template":"","format":"standard","meta":{"footnotes":""},"categories":[9],"tags":[],"class_list":["post-97612","post","type-post","status-publish","format-standard","has-post-thumbnail","hentry","category-artigos"],"_links":{"self":[{"href":"https:\/\/catolicanet.net\/wp-cnet\/wp-json\/wp\/v2\/posts\/97612","targetHints":{"allow":["GET"]}}],"collection":[{"href":"https:\/\/catolicanet.net\/wp-cnet\/wp-json\/wp\/v2\/posts"}],"about":[{"href":"https:\/\/catolicanet.net\/wp-cnet\/wp-json\/wp\/v2\/types\/post"}],"author":[{"embeddable":true,"href":"https:\/\/catolicanet.net\/wp-cnet\/wp-json\/wp\/v2\/users\/5"}],"replies":[{"embeddable":true,"href":"https:\/\/catolicanet.net\/wp-cnet\/wp-json\/wp\/v2\/comments?post=97612"}],"version-history":[{"count":1,"href":"https:\/\/catolicanet.net\/wp-cnet\/wp-json\/wp\/v2\/posts\/97612\/revisions"}],"predecessor-version":[{"id":97614,"href":"https:\/\/catolicanet.net\/wp-cnet\/wp-json\/wp\/v2\/posts\/97612\/revisions\/97614"}],"wp:featuredmedia":[{"embeddable":true,"href":"https:\/\/catolicanet.net\/wp-cnet\/wp-json\/wp\/v2\/media\/55819"}],"wp:attachment":[{"href":"https:\/\/catolicanet.net\/wp-cnet\/wp-json\/wp\/v2\/media?parent=97612"}],"wp:term":[{"taxonomy":"category","embeddable":true,"href":"https:\/\/catolicanet.net\/wp-cnet\/wp-json\/wp\/v2\/categories?post=97612"},{"taxonomy":"post_tag","embeddable":true,"href":"https:\/\/catolicanet.net\/wp-cnet\/wp-json\/wp\/v2\/tags?post=97612"}],"curies":[{"name":"wp","href":"https:\/\/api.w.org\/{rel}","templated":true}]}}