{"id":97442,"date":"2026-03-29T09:07:43","date_gmt":"2026-03-29T12:07:43","guid":{"rendered":"https:\/\/catolicanet.net\/wp-cnet\/?p=97442"},"modified":"2026-04-01T15:08:32","modified_gmt":"2026-04-01T18:08:32","slug":"domingo-de-ramos-da-paixao-do-senhor-mt-211-11","status":"publish","type":"post","link":"https:\/\/catolicanet.net\/wp-cnet\/domingo-de-ramos-da-paixao-do-senhor-mt-211-11\/","title":{"rendered":"Domingo de Ramos da Paix\u00e3o do Senhor (Mt 21,1-11)"},"content":{"rendered":"<p style=\"text-align: justify;\"><strong><em>\u00a0Texto Referencial: Quando Jesus entrou em Jerusal\u00e9m, a cidade inteira se agitou, e dizia: \u201cQuem \u00e9 esse homem?\u201d E as multid\u00f5es respondiam: \u201cEsse \u00e9 o profeta Jesus, de Nazar\u00e9 da Galileia.\u201d (Mt 21,10-11)<\/em><\/strong><\/p>\n<p style=\"text-align: justify;\">1 \u2013 Jesus est\u00e1 se dirigindo para Jerusal\u00e9m, e n\u00e3o deixa de passar ao lado do Monte das Oliveiras. O momento mais significativo de sua vida se est\u00e1 aproximando. Trata-se da sua hora na vers\u00e3o de Jo\u00e3o. Jesus contempla a cidade prof\u00e9tica e chora (Lc 19,41). Chora, porque ela n\u00e3o entendeu a hora de sua visita\u00e7\u00e3o. Ele (Jesus) tinha lugar no belo templo, mas n\u00e3o no cora\u00e7\u00e3o dos dirigentes: Doutores da lei, saduceus e fariseus. O que deve ter passado no cora\u00e7\u00e3o de Jesus, naquele momento? N\u00e3o sabemos bem, mas suas l\u00e1grimas o deixaram entender.<\/p>\n<p style=\"text-align: justify;\">2 \u2013 N\u00e3o havia lugar no cora\u00e7\u00e3o deles, naquele tempo. E hoje h\u00e1? O evangelho \u00e9 acolhido? A participa\u00e7\u00e3o da constru\u00e7\u00e3o do Reino de Deus \u00e9 significativa? Ent\u00e3o, por que tantos suic\u00eddios, feminic\u00eddios e guerras, fome, abortos e drogas? N\u00e3o \u00e9 por isso, que o n\u00famero de seitas cresce, e o dos cat\u00f3licos no Brasil diminui? (falo somente do Brasil&#8230;), como est\u00e3o as voca\u00e7\u00f5es para o sacerd\u00f3cio e para a vida religiosa? N\u00e3o se registram s\u00e9rias preocupa\u00e7\u00f5es? Sim. Certamente falta a verdadeira experi\u00eancia de Deus entre n\u00f3s&#8230;<\/p>\n<p style=\"text-align: justify;\">3 \u2013 Multid\u00f5es, hoje como outrora, para prociss\u00f5es, n\u00e3o faltam. Santo Ant\u00f4nio, S\u00e3o Benedito s\u00e3o campe\u00f5es. Gritar hosana o filho de Davi e jogar p\u00e9talas de flores \u00e9 f\u00e1cil tamb\u00e9m hoje. Nossa Senhora Aparecida, tamb\u00e9m tem f\u00e3s, que chegam a fazer at\u00e9 muitos quil\u00f4metros a p\u00e9. Mas comprometer-se com Cristo e o an\u00fancio do Evangelho, como o discipulado, a viv\u00eancia \u00e9 moral, a prote\u00e7\u00e3o da fam\u00edlia e com os necessitados e a prote\u00e7\u00e3o da educa\u00e7\u00e3o crist\u00e3? A quantidade, mas falta qualidade, ou seja, testemunho, entre n\u00f3s.<\/p>\n<p style=\"text-align: justify;\">4 \u2013 N\u00e3o quero tornar-me azedo, mas apenas realista e provocar um pouco, ensejando mudan\u00e7as para melhor. \u00a0Por isso, desejo uma aben\u00e7oada e intensa viv\u00eancia da Semana Santa, n\u00e3o percamos momentos de gra\u00e7as como esse.<\/p>\n","protected":false},"excerpt":{"rendered":"<p>\u00a0Texto Referencial: Quando Jesus entrou em Jerusal\u00e9m, a cidade inteira se agitou, e dizia: \u201cQuem \u00e9 esse homem?\u201d E as multid\u00f5es respondiam: \u201cEsse \u00e9 o profeta Jesus, de Nazar\u00e9 da Galileia.\u201d (Mt 21,10-11) 1 \u2013 Jesus est\u00e1 se dirigindo para Jerusal\u00e9m, e n\u00e3o deixa de passar ao lado do Monte das Oliveiras. O momento mais [&hellip;]<\/p>\n","protected":false},"author":119,"featured_media":77698,"comment_status":"open","ping_status":"closed","sticky":false,"template":"","format":"standard","meta":{"footnotes":""},"categories":[9],"tags":[],"class_list":["post-97442","post","type-post","status-publish","format-standard","has-post-thumbnail","hentry","category-artigos"],"_links":{"self":[{"href":"https:\/\/catolicanet.net\/wp-cnet\/wp-json\/wp\/v2\/posts\/97442","targetHints":{"allow":["GET"]}}],"collection":[{"href":"https:\/\/catolicanet.net\/wp-cnet\/wp-json\/wp\/v2\/posts"}],"about":[{"href":"https:\/\/catolicanet.net\/wp-cnet\/wp-json\/wp\/v2\/types\/post"}],"author":[{"embeddable":true,"href":"https:\/\/catolicanet.net\/wp-cnet\/wp-json\/wp\/v2\/users\/119"}],"replies":[{"embeddable":true,"href":"https:\/\/catolicanet.net\/wp-cnet\/wp-json\/wp\/v2\/comments?post=97442"}],"version-history":[{"count":1,"href":"https:\/\/catolicanet.net\/wp-cnet\/wp-json\/wp\/v2\/posts\/97442\/revisions"}],"predecessor-version":[{"id":97444,"href":"https:\/\/catolicanet.net\/wp-cnet\/wp-json\/wp\/v2\/posts\/97442\/revisions\/97444"}],"wp:featuredmedia":[{"embeddable":true,"href":"https:\/\/catolicanet.net\/wp-cnet\/wp-json\/wp\/v2\/media\/77698"}],"wp:attachment":[{"href":"https:\/\/catolicanet.net\/wp-cnet\/wp-json\/wp\/v2\/media?parent=97442"}],"wp:term":[{"taxonomy":"category","embeddable":true,"href":"https:\/\/catolicanet.net\/wp-cnet\/wp-json\/wp\/v2\/categories?post=97442"},{"taxonomy":"post_tag","embeddable":true,"href":"https:\/\/catolicanet.net\/wp-cnet\/wp-json\/wp\/v2\/tags?post=97442"}],"curies":[{"name":"wp","href":"https:\/\/api.w.org\/{rel}","templated":true}]}}