{"id":97439,"date":"2026-03-29T09:06:46","date_gmt":"2026-03-29T12:06:46","guid":{"rendered":"https:\/\/catolicanet.net\/wp-cnet\/?p=97439"},"modified":"2026-04-01T15:07:28","modified_gmt":"2026-04-01T18:07:28","slug":"domingo-de-ramos-12","status":"publish","type":"post","link":"https:\/\/catolicanet.net\/wp-cnet\/domingo-de-ramos-12\/","title":{"rendered":"Domingo de Ramos"},"content":{"rendered":"<p style=\"text-align: justify;\">Nesta Eucaristia solene que abre a Grande Semana da nossa f\u00e9, a Semana sant\u00edssima, que culminar\u00e1 com a Solenidade da P\u00e1scoa, Domingo pr\u00f3ximo. Neste dia fazemos a mem\u00f3ria da Entrada do Senhor Jesus em Jerusal\u00e9m. Ele \u00e9 o Filho de Davi, o Messias esperado por Israel, que vem tomar posse de sua Cidade Santa. Mas, que surpresa! \u00c9 um Messias humilde, que entra n\u00e3o a cavalo, mas num humilde burrico, sinal de servi\u00e7o e pequenez. Ei-lo: seu servi\u00e7o ser\u00e1 dar a vida pela multid\u00e3o. Ele \u00e9 Rei, mas rei coroado de espinhos e n\u00e3o de humana vangl\u00f3ria. Termos seguido o Senhor nessa solene prociss\u00e3o com ramos \u00e9 t\u00ea-lo reconhecido como nosso rei, rei pobre e humilde. T\u00ea-lo seguido \u00e9 nos dispor a segui-lo nas pobrezas e humildades da vida, dispondo-nos a participar de sua paix\u00e3o e cruz para ter parte na gl\u00f3ria de sua ressurrei\u00e7\u00e3o.<\/p>\n<p style=\"text-align: justify;\">O meio que Deus escolheu para nos salvar n\u00e3o foi o que \u00e9 grande e vistoso, t\u00e3o apreciado pelo mundo. Ao inv\u00e9s, o Pai nos salvou pela humilde obedi\u00eancia do Filho Jesus. Reconhe\u00e7amos na voz do Servo sofredor da primeira leitura \u2013 Is 50,4-7 \u2013 a voz do Filho de Deus: \u201cO Senhor Deus me desperta cada manh\u00e3 e me excita o ouvido, para prestar aten\u00e7\u00e3o como um disc\u00edpulo. O Senhor abriu-me os ouvidos; n\u00e3o lhes resisti nem voltei atr\u00e1s. Ofereci as costas para me baterem e as faces para arrancarem a barba. O Senhor \u00e9 o meu Auxiliador, por isso n\u00e3o me deixei abater o \u00e2nimo, porque sei que n\u00e3o serei humilhado\u201d. Palavras impressionantes.<\/p>\n<p style=\"text-align: justify;\">O Filho buscou humildemente, na obedi\u00eancia de um disc\u00edpulo, a vontade do Pai \u2013 e a\u00ed encontrou for\u00e7a e consolo, encontrou a certeza de sua vida. S\u00e3o Paulo, na segunda leitura deste domingo \u2013 Fl 2,6-11 \u2013, confirma isso com palavras n\u00e3o menos impressionantes: \u201cJesus Cristo, existindo na condi\u00e7\u00e3o divina, esvaziou-se de si mesmo, humilhou-se, fazendo-se obediente at\u00e9 a morte, e morte de cruz\u201d. Car\u00edssimos em Cristo, num mundo que nos tenta a ser os donos da verdade, desprezando os preceitos do Senhor Deus e seus planos para n\u00f3s, aprendamos a humilde obedi\u00eancia de Cristo Jesus, entremos em comunh\u00e3o com o Cristo obediente ao Pai at\u00e9 a morte. S\u00f3 ent\u00e3o seremos livres realmente, somente ent\u00e3o viveremos de verdade!<\/p>\n<p style=\"text-align: justify;\">O Conc\u00edlio Ecum\u00eanico Vaticano II, na Constitui\u00e7\u00e3o Pastoral <strong><em>Gaudium et Spes<\/em><\/strong>, n\u00ba 22, diz: De certo modo, o pr\u00f3prio Filho de Deus se uniu a cada homem pela sua Encarna\u00e7\u00e3o. Trabalhou com m\u00e3os humanas, pensou com mente humana, amou com cora\u00e7\u00e3o de homem. Nascido de Maria Virgem, fez-se verdadeiramente um de n\u00f3s, igual a n\u00f3s em tudo menos no pecado.<\/p>\n<p style=\"text-align: justify;\">A entrada triunfal de Jesus foi bastante ef\u00eamera para muitos. Os ramos verdes murcharam rapidamente. O hosana entusi\u00e1stico transformou-se, cinco dias mais tarde, num grito furioso: Crucifica-o! Por que foi t\u00e3o brusca a mudan\u00e7a, por que tanta inconsist\u00eancia? S\u00e3o Bernardo comenta: \u201cComo eram diferentes umas vozes e outras! Fora, fora, crucifica-o e bendito o que vem em nome do Senhor, Hosana nas alturas! Como s\u00e3o diferentes as vozes que agora o aclamam Rei de Israel e dentro de poucos dias dir\u00e3o: N\u00e3o temos outro rei al\u00e9m de C\u00e9sar! Como s\u00e3o diferentes os ramos verdes e a Cruz, as flores e os espinhos! \u00c0quele a quem antes estendiam as pr\u00f3prias vestes, dali a pouco o despojam das suas e lan\u00e7am a sorte sobres elas.<\/p>\n<p style=\"text-align: justify;\">Os ramos que trazemos nas m\u00e3os significam que reconhecemos Jesus como o Messias de Israel, prometido por Deus. Significam tamb\u00e9m que nos dispomos a segui-lo como o Servo que d\u00e1 a vida na cruz. Levaremos estes ramos para casa. Devemos guard\u00e1-los num lugar vis\u00edvel durante todo o ano, para recordar nosso compromisso de seguir o Cristo num caminho de humildade e despojamento; segui-lo ainda quando n\u00e3o compreendermos bem os des\u00edgnios de Deus para n\u00f3s.<\/p>\n<p style=\"text-align: justify;\">A Igreja nos lembra que a entrada triunfal vai perpassar todos os passos da Paix\u00e3o de Cristo. Terminada a prociss\u00e3o mergulha-se no mist\u00e9rio da Paix\u00e3o de Jesus Cristo: Em Is 50 4-7 descreve o Servo sofredor, na esperan\u00e7a da vit\u00f3ria final. Vemos nele a pr\u00f3pria pessoa de Jesus Cristo. Em Fl 2,6-11 temos a chave principal de todo o mist\u00e9rio deste Domingo de Ramos: Jesus humilhou-se e por isso Deus o exaltou!<\/p>\n<p style=\"text-align: justify;\">Nesta liturgia somos convidados a iniciar com f\u00e9 a grande semana, pois, nesta vivenciamos grandes mist\u00e9rios na vida de Cristo. Ao olhar para cada um deles, possamos crescer na f\u00e9, no amor e na humildade. S\u00e3o dons que precisamos exercer a cada dia de nossa vida, e nada melhor que aprender com Jesus.<\/p>\n","protected":false},"excerpt":{"rendered":"<p>Nesta Eucaristia solene que abre a Grande Semana da nossa f\u00e9, a Semana sant\u00edssima, que culminar\u00e1 com a Solenidade da P\u00e1scoa, Domingo pr\u00f3ximo. Neste dia fazemos a mem\u00f3ria da Entrada do Senhor Jesus em Jerusal\u00e9m. Ele \u00e9 o Filho de Davi, o Messias esperado por Israel, que vem tomar posse de sua Cidade Santa. Mas, [&hellip;]<\/p>\n","protected":false},"author":5,"featured_media":55819,"comment_status":"open","ping_status":"closed","sticky":false,"template":"","format":"standard","meta":{"footnotes":""},"categories":[9],"tags":[],"class_list":["post-97439","post","type-post","status-publish","format-standard","has-post-thumbnail","hentry","category-artigos"],"_links":{"self":[{"href":"https:\/\/catolicanet.net\/wp-cnet\/wp-json\/wp\/v2\/posts\/97439","targetHints":{"allow":["GET"]}}],"collection":[{"href":"https:\/\/catolicanet.net\/wp-cnet\/wp-json\/wp\/v2\/posts"}],"about":[{"href":"https:\/\/catolicanet.net\/wp-cnet\/wp-json\/wp\/v2\/types\/post"}],"author":[{"embeddable":true,"href":"https:\/\/catolicanet.net\/wp-cnet\/wp-json\/wp\/v2\/users\/5"}],"replies":[{"embeddable":true,"href":"https:\/\/catolicanet.net\/wp-cnet\/wp-json\/wp\/v2\/comments?post=97439"}],"version-history":[{"count":1,"href":"https:\/\/catolicanet.net\/wp-cnet\/wp-json\/wp\/v2\/posts\/97439\/revisions"}],"predecessor-version":[{"id":97441,"href":"https:\/\/catolicanet.net\/wp-cnet\/wp-json\/wp\/v2\/posts\/97439\/revisions\/97441"}],"wp:featuredmedia":[{"embeddable":true,"href":"https:\/\/catolicanet.net\/wp-cnet\/wp-json\/wp\/v2\/media\/55819"}],"wp:attachment":[{"href":"https:\/\/catolicanet.net\/wp-cnet\/wp-json\/wp\/v2\/media?parent=97439"}],"wp:term":[{"taxonomy":"category","embeddable":true,"href":"https:\/\/catolicanet.net\/wp-cnet\/wp-json\/wp\/v2\/categories?post=97439"},{"taxonomy":"post_tag","embeddable":true,"href":"https:\/\/catolicanet.net\/wp-cnet\/wp-json\/wp\/v2\/tags?post=97439"}],"curies":[{"name":"wp","href":"https:\/\/api.w.org\/{rel}","templated":true}]}}