{"id":97430,"date":"2026-03-31T09:02:21","date_gmt":"2026-03-31T12:02:21","guid":{"rendered":"https:\/\/catolicanet.net\/wp-cnet\/?p=97430"},"modified":"2026-04-01T15:03:43","modified_gmt":"2026-04-01T18:03:43","slug":"terca-feira-santa-jo-1321-33-36-38","status":"publish","type":"post","link":"https:\/\/catolicanet.net\/wp-cnet\/terca-feira-santa-jo-1321-33-36-38\/","title":{"rendered":"Ter\u00e7a-feira Santa (Jo 13,21-33.36\u201338)."},"content":{"rendered":"<p style=\"text-align: center;\"><strong><em>Texto Referencial: Respondeu Jesus: \u201cdar\u00e1s tua vida por mim? Em verdade em verdade te digo, o galo n\u00e3o cantar\u00e1 antes que me tenhas negado tr\u00eas vezes\u201d.<\/em><\/strong><\/p>\n<p style=\"text-align: justify;\"><strong><em>\u00a0<\/em><\/strong>1 \u2013 Estamos, como disc\u00edpulos de Jesus que somos, no hoje de nossas vidas. Olhemos retrospectivamente, porque somos seres hist\u00f3ricos, mas visamos melhorar nosso presente e assim alimentar mais nossa esperan\u00e7a, num mundo melhor. N\u00e3o est\u00e1 nada f\u00e1cil, pois tamb\u00e9m hoje n\u00e3o faltam os Judas, com uma diferen\u00e7a: Jesus sabia quem o haveria de trair, n\u00f3s n\u00e3o. H\u00e1 os que o fazem beijando como Judas. Outros, o fazem como brutos pelas costas. O pecado fez e faz escala e n\u00e3o faltam discentes.<\/p>\n<p style=\"text-align: justify;\">2 \u2013 Pedro quer saber quem haver\u00e1 de trair o mestre. Soube-o. Mas esqueceu de perguntar a sua pr\u00f3pria consci\u00eancia, pois tamb\u00e9m ele traiu e foi diante de uma empregada\u2026 fosse ao menos diante de um Cassius Clay, Maguila vai l\u00e1&#8230;, mas diante de uma inofensiva mulher, n\u00e3o se justifica. O galo, ent\u00e3o cantou, como predito por Jesus. Pedro ent\u00e3o chorou amargamente, percebendo a ignom\u00ednia de sua atitude. Se, hoje, os galos cantassem diante das trai\u00e7\u00f5es existentes, ningu\u00e9m mais haveria de dormir.<\/p>\n<p style=\"text-align: justify;\">3 \u2013 N\u00e3o basta querer saber, quem vai trair Jesus, na viv\u00eancia do discipulado. Eu, n\u00f3s, n\u00e3o devemos faz\u00ea-lo. Cabe-nos trabalhar nossa forma\u00e7\u00e3o crist\u00e3, e assim, assumir com f\u00e9 e amor nossa miss\u00e3o. Receber hoje a Eucaristia irresponsavelmente, \u00e9 tamb\u00e9m trair. \u00c9 dar uma de Judas, ou ao menos de Pedro, como vimos.<\/p>\n<p style=\"text-align: justify;\">4 \u2013 Jesus, assumiu sua miss\u00e3o e foi fiel at\u00e9 o fim. N\u00e3o nos traiu, mas ofereceu sua vida por n\u00f3s e ainda antes de morrer nos perdoou, dizendo: \u201cPai, perdoa-lhes porque n\u00e3o sabem o que fazem\u201d. Rezemos ent\u00e3o como o \u201cbom\u201d ladr\u00e3o, que foi crucificado com Jesus. Ouviremos ent\u00e3o: \u201cainda hoje estar\u00e1s comigo no Para\u00edso\u201d. (Lc 23,43).<\/p>\n","protected":false},"excerpt":{"rendered":"<p>Texto Referencial: Respondeu Jesus: \u201cdar\u00e1s tua vida por mim? Em verdade em verdade te digo, o galo n\u00e3o cantar\u00e1 antes que me tenhas negado tr\u00eas vezes\u201d. \u00a01 \u2013 Estamos, como disc\u00edpulos de Jesus que somos, no hoje de nossas vidas. Olhemos retrospectivamente, porque somos seres hist\u00f3ricos, mas visamos melhorar nosso presente e assim alimentar mais [&hellip;]<\/p>\n","protected":false},"author":119,"featured_media":77698,"comment_status":"open","ping_status":"closed","sticky":false,"template":"","format":"standard","meta":{"footnotes":""},"categories":[9],"tags":[],"class_list":["post-97430","post","type-post","status-publish","format-standard","has-post-thumbnail","hentry","category-artigos"],"_links":{"self":[{"href":"https:\/\/catolicanet.net\/wp-cnet\/wp-json\/wp\/v2\/posts\/97430","targetHints":{"allow":["GET"]}}],"collection":[{"href":"https:\/\/catolicanet.net\/wp-cnet\/wp-json\/wp\/v2\/posts"}],"about":[{"href":"https:\/\/catolicanet.net\/wp-cnet\/wp-json\/wp\/v2\/types\/post"}],"author":[{"embeddable":true,"href":"https:\/\/catolicanet.net\/wp-cnet\/wp-json\/wp\/v2\/users\/119"}],"replies":[{"embeddable":true,"href":"https:\/\/catolicanet.net\/wp-cnet\/wp-json\/wp\/v2\/comments?post=97430"}],"version-history":[{"count":1,"href":"https:\/\/catolicanet.net\/wp-cnet\/wp-json\/wp\/v2\/posts\/97430\/revisions"}],"predecessor-version":[{"id":97432,"href":"https:\/\/catolicanet.net\/wp-cnet\/wp-json\/wp\/v2\/posts\/97430\/revisions\/97432"}],"wp:featuredmedia":[{"embeddable":true,"href":"https:\/\/catolicanet.net\/wp-cnet\/wp-json\/wp\/v2\/media\/77698"}],"wp:attachment":[{"href":"https:\/\/catolicanet.net\/wp-cnet\/wp-json\/wp\/v2\/media?parent=97430"}],"wp:term":[{"taxonomy":"category","embeddable":true,"href":"https:\/\/catolicanet.net\/wp-cnet\/wp-json\/wp\/v2\/categories?post=97430"},{"taxonomy":"post_tag","embeddable":true,"href":"https:\/\/catolicanet.net\/wp-cnet\/wp-json\/wp\/v2\/tags?post=97430"}],"curies":[{"name":"wp","href":"https:\/\/api.w.org\/{rel}","templated":true}]}}