{"id":97350,"date":"2026-03-19T09:22:36","date_gmt":"2026-03-19T12:22:36","guid":{"rendered":"https:\/\/catolicanet.net\/wp-cnet\/?p=97350"},"modified":"2026-03-25T20:23:30","modified_gmt":"2026-03-25T23:23:30","slug":"solenidade-de-sao-jose-mt-116-18-21-24a","status":"publish","type":"post","link":"https:\/\/catolicanet.net\/wp-cnet\/solenidade-de-sao-jose-mt-116-18-21-24a\/","title":{"rendered":"Solenidade de S\u00e3o Jos\u00e9 (Mt 1,16.18-21.24a)"},"content":{"rendered":"<p style=\"text-align: justify;\"><strong><em>Texto Referencial: (Jac\u00f3 gerou Jos\u00e9, o esposo de Maria, da qual nasceu Jesus, que \u00e9 chamado o Cristo) \u201cJos\u00e9, filho de Davi, n\u00e3o tem tenhas medo de receber Maria, como tua esposa, porque ela concebeu pela a\u00e7\u00e3o do Esp\u00edrito Santo\u201d (Mt.1.20).<\/em><\/strong><strong><em>\u00a0<\/em><\/strong><\/p>\n<p style=\"text-align: justify;\">1 \u2013 S\u00e3o Jos\u00e9: Homem justo e santo. \u00c9 admir\u00e1vel pois foi escolhido por Deus, enquanto da linhagem de Davi e descendente de Abra\u00e3o. Ligou assim Jesus a descend\u00eancia de Davi, segundo a profecia. Foi justo, pois era um homem de profunda viv\u00eancia de sua miss\u00e3o, que n\u00e3o foi nada f\u00e1cil. Deus nos ajuda com sua gra\u00e7a, mas sempre espera que fa\u00e7amos nossa parte S\u00e3o Jos\u00e9 o fez e por isso \u00e9 considerado como esposo exemplar de Maria, padroeiro universal da Igreja, advogado dos lares crist\u00e3os, modelo e bem como patrono do mundo do trabalho. Assim sendo, com imensa gratid\u00e3o e venera\u00e7\u00e3o a Igreja cultiva sua mem\u00f3ria.<\/p>\n<p style=\"text-align: justify;\">2 \u2013 Al\u00e9m de esposo exemplar e pai adotivo de Jesus, fun\u00e7\u00f5es que exerceu com dedica\u00e7\u00e3o, mesmo enfrentando enormes dificuldades, pois teve que fugir para o Egito para defender a vida do menino Jesus, diante das persegui\u00e7\u00f5es, sofrendo al\u00e9m do mais, pois n\u00e3o era para ele bem claro (no in\u00edcio) a proced\u00eancia do profetizado Messias.<\/p>\n<p style=\"text-align: justify;\">3 \u2013 Defensor da fam\u00edlia enquanto ela \u00e9 patrim\u00f4nio da humanidade (Bento XVI) e escola do surgimento e d\u00e1 forma\u00e7\u00e3o das mais sublimes virtudes crist\u00e3s, al\u00e9m de patrono exemplar do mundo do trabalho (como j\u00e1 afirmado), \u00e9 preciso por isso, priorizar e valorizar mais sua figura neste mundo t\u00e3o carente de ideais, e t\u00e3o pobre no campo axiol\u00f3gico, onde se constata um crescente esfacelamento da fam\u00edlia, acrescida do n\u00e3o sentido da vida por parte da juventude.<\/p>\n<p style=\"text-align: justify;\">4 \u2013 Digamos pois: S\u00e3o Jos\u00e9, esposo de Maria, pai adotivo de Jesus e oper\u00e1rio exemplar, bem como padroeiro universal da Igreja e o advogado dos lares crist\u00e3os: Rogai por n\u00f3s!<\/p>\n","protected":false},"excerpt":{"rendered":"<p>Texto Referencial: (Jac\u00f3 gerou Jos\u00e9, o esposo de Maria, da qual nasceu Jesus, que \u00e9 chamado o Cristo) \u201cJos\u00e9, filho de Davi, n\u00e3o tem tenhas medo de receber Maria, como tua esposa, porque ela concebeu pela a\u00e7\u00e3o do Esp\u00edrito Santo\u201d (Mt.1.20).\u00a0 1 \u2013 S\u00e3o Jos\u00e9: Homem justo e santo. \u00c9 admir\u00e1vel pois foi escolhido por [&hellip;]<\/p>\n","protected":false},"author":119,"featured_media":77698,"comment_status":"open","ping_status":"closed","sticky":false,"template":"","format":"standard","meta":{"footnotes":""},"categories":[9],"tags":[],"class_list":["post-97350","post","type-post","status-publish","format-standard","has-post-thumbnail","hentry","category-artigos"],"_links":{"self":[{"href":"https:\/\/catolicanet.net\/wp-cnet\/wp-json\/wp\/v2\/posts\/97350","targetHints":{"allow":["GET"]}}],"collection":[{"href":"https:\/\/catolicanet.net\/wp-cnet\/wp-json\/wp\/v2\/posts"}],"about":[{"href":"https:\/\/catolicanet.net\/wp-cnet\/wp-json\/wp\/v2\/types\/post"}],"author":[{"embeddable":true,"href":"https:\/\/catolicanet.net\/wp-cnet\/wp-json\/wp\/v2\/users\/119"}],"replies":[{"embeddable":true,"href":"https:\/\/catolicanet.net\/wp-cnet\/wp-json\/wp\/v2\/comments?post=97350"}],"version-history":[{"count":1,"href":"https:\/\/catolicanet.net\/wp-cnet\/wp-json\/wp\/v2\/posts\/97350\/revisions"}],"predecessor-version":[{"id":97352,"href":"https:\/\/catolicanet.net\/wp-cnet\/wp-json\/wp\/v2\/posts\/97350\/revisions\/97352"}],"wp:featuredmedia":[{"embeddable":true,"href":"https:\/\/catolicanet.net\/wp-cnet\/wp-json\/wp\/v2\/media\/77698"}],"wp:attachment":[{"href":"https:\/\/catolicanet.net\/wp-cnet\/wp-json\/wp\/v2\/media?parent=97350"}],"wp:term":[{"taxonomy":"category","embeddable":true,"href":"https:\/\/catolicanet.net\/wp-cnet\/wp-json\/wp\/v2\/categories?post=97350"},{"taxonomy":"post_tag","embeddable":true,"href":"https:\/\/catolicanet.net\/wp-cnet\/wp-json\/wp\/v2\/tags?post=97350"}],"curies":[{"name":"wp","href":"https:\/\/api.w.org\/{rel}","templated":true}]}}