{"id":97189,"date":"2026-03-18T09:44:28","date_gmt":"2026-03-18T12:44:28","guid":{"rendered":"https:\/\/catolicanet.net\/wp-cnet\/?p=97189"},"modified":"2026-03-18T16:46:40","modified_gmt":"2026-03-18T19:46:40","slug":"leao-xiv-a-saude-nao-e-um-luxo-mas-uma-condicao-para-a-paz-social","status":"publish","type":"post","link":"https:\/\/catolicanet.net\/wp-cnet\/leao-xiv-a-saude-nao-e-um-luxo-mas-uma-condicao-para-a-paz-social\/","title":{"rendered":"Le\u00e3o XIV: a sa\u00fade n\u00e3o \u00e9 um luxo, mas uma condi\u00e7\u00e3o para a paz social"},"content":{"rendered":"<div class=\"article__subTitle\" style=\"text-align: justify;\">Ao receber os participantes da confer\u00eancia &#8220;Quem \u00e9 meu pr\u00f3ximo hoje?&#8221;, o Papa fez um apelo por cuidados acess\u00edveis a todos, &#8220;para evitar que uma injusti\u00e7a se torne semente de conflito&#8221;. &#8220;Cuidar da humanidade dos outros&#8221;, sublinhou o Pont\u00edfice, &#8220;ajuda a viver a pr\u00f3pria&#8221;. A Igreja tamb\u00e9m pode dar uma contribui\u00e7\u00e3o significativa no combate \u00e0s desigualdades no campo da sa\u00fade.<\/div>\n<div class=\"title__separator\" style=\"text-align: justify;\"><\/div>\n<div class=\"article__text\">\n<p style=\"text-align: justify;\"><b>Benedetta Capelli \u2013 Vatican News<\/b><\/p>\n<p style=\"text-align: justify;\">A paz baseia-se na luta contra as desigualdades, baseia-se na prote\u00e7\u00e3o da dignidade dos vulner\u00e1veis, muitas vezes &#8220;descartados&#8221;. Os crist\u00e3os s\u00e3o chamados a olhar para construir uma sociedade justa e criar &#8220;comunidades solid\u00e1rias&#8221; marcadas pelo bem-estar de todos.<\/p>\n<div style=\"text-align: justify;\">\n<div class=\"article__embed article__embed--unwrap article__embed--dark\">\n<div class=\"article__innerTitle\">Ou\u00e7a e compartilhe<\/div>\n<div>\n<audio class=\"wp-audio-shortcode\" id=\"audio-97189-1\" preload=\"none\" style=\"width: 100%;\" controls=\"controls\"><source type=\"audio\/mpeg\" src=\"https:\/\/media.vaticannews.va\/media2\/audio\/s1\/2026\/03\/18\/15\/139059441_F139059441.mp3?_=1\" \/><a href=\"https:\/\/media.vaticannews.va\/media2\/audio\/s1\/2026\/03\/18\/15\/139059441_F139059441.mp3\">https:\/\/media.vaticannews.va\/media2\/audio\/s1\/2026\/03\/18\/15\/139059441_F139059441.mp3<\/a><\/audio>\n<\/div>\n<\/div>\n<\/div>\n<p style=\"text-align: justify;\">Estes s\u00e3o os conceitos fortes da reflex\u00e3o do Papa Le\u00e3o XIV durante o encontro, nesta quarta-feira (18\/03), antes da Audi\u00eancia Geral, com os participantes da confer\u00eancia &#8220;Quem \u00e9 meu pr\u00f3ximo hoje?&#8221;. Uma iniciativa promovida pelo Conselho das Confer\u00eancias Episcopais da Europa, pela Organiza\u00e7\u00e3o Mundial de Sa\u00fade (OMS) &#8211; Regi\u00e3o Europa e pela Confer\u00eancia Episcopal Italiana. O encontro realizou-se no dia da publica\u00e7\u00e3o do segundo &#8220;Relat\u00f3rio Europeu da OMS sobre o estado da equidade na sa\u00fade&#8221;.<\/p>\n<h2 style=\"text-align: justify;\">Sementes do conflito<\/h2>\n<p style=\"text-align: justify;\">O Papa pediu uma mudan\u00e7a de ritmo imediata diante das crescentes desigualdades no campo da sa\u00fade, alertando particularmente para a sa\u00fade mental das pessoas, especialmente dos jovens, &#8220;porque as feridas invis\u00edveis da psique&#8221;, afirma, &#8220;n\u00e3o s\u00e3o menos graves do que as vis\u00edveis&#8221;.<\/p>\n<div style=\"text-align: justify;\">\n<div class=\"article__embed article__embed--border embed_style\">\n<blockquote><p>\u201cA sa\u00fade n\u00e3o pode ser um luxo para poucos, mas sim uma condi\u00e7\u00e3o essencial para a paz social. A cobertura universal de sa\u00fade n\u00e3o \u00e9 apenas um objetivo t\u00e9cnico a ser alcan\u00e7ado; \u00e9, antes de tudo, um imperativo moral para as sociedades que desejam se definir justas. O acesso \u00e0 sa\u00fade e \u00e0 prote\u00e7\u00e3o deve ser garantido aos mais vulner\u00e1veis, pois isso \u00e9 necess\u00e1rio para a sua dignidade e tamb\u00e9m para evitar que a injusti\u00e7a se torne semente de conflito.\u201d<\/p><\/blockquote>\n<\/div>\n<\/div>\n<h2 style=\"text-align: justify;\">Descartados, pilares de uma sociedade justa<\/h2>\n<p style=\"text-align: justify;\">&#8220;Quem \u00e9 o meu pr\u00f3ximo hoje?&#8221; \u00e9 a pergunta extra\u00edda do Evangelho de Lucas que ainda interpela o homem contempor\u00e2neo. Le\u00e3o XIV exortou a ir ao encontro do outro, especialmente de quem sofre, embora &#8220;a dist\u00e2ncia, a distra\u00e7\u00e3o e o costume de ver a viol\u00eancia e o sofrimento alheio nos levem \u00e0 indiferen\u00e7a&#8221;.<\/p>\n<div style=\"text-align: justify;\">\n<div class=\"article__embed article__embed--border embed_style\">\n<blockquote><p>\u201cTodo homem e mulher, especialmente os crist\u00e3os, \u00e9 chamado a fixar o olhar naquele que sofre, na dor das pessoas sozinhas, naqueles que, por diversas raz\u00f5es, s\u00e3o marginalizados e &#8220;descartados&#8221;, porque sem eles n\u00e3o poderemos construir sociedades justas, \u00e0 medida da pessoa.\u201d<\/p><\/blockquote>\n<\/div>\n<\/div>\n<h2 style=\"text-align: justify;\">Cuidar da humanidade<\/h2>\n<p style=\"text-align: justify;\">&#8220;\u00c9 uma ilus\u00e3o&#8221;, enfatizou o Papa, &#8220;pensar que ignorando esses irm\u00e3os e irm\u00e3s, seja mais f\u00e1cil alcan\u00e7ar a felicidade&#8221;. N\u00e3o podemos ser ego\u00edstas. O bem s\u00f3 se alcan\u00e7a na uni\u00e3o.<\/p>\n<div style=\"text-align: justify;\">\n<div class=\"article__embed article__embed--border embed_style\">\n<blockquote><p>\u201cSomente juntos podemos construir comunidades solid\u00e1rias e capazes de cuidar de cada pessoa, nas quais o bem-estar e a paz se desenvolvam, para o benef\u00edcio de todos. Cuidar da humanidade dos outros ajuda a viver a nossa pr\u00f3pria.\u201d<\/p><\/blockquote>\n<\/div>\n<\/div>\n<h2 style=\"text-align: justify;\">A dimens\u00e3o &#8220;samaritana&#8221;<\/h2>\n<p style=\"text-align: justify;\">Ao concluir seu discurso, o Papa Le\u00e3o reiterou que a Igreja, por desempenhar um papel p\u00fablico, est\u00e1 sempre &#8220;a servi\u00e7o da promo\u00e7\u00e3o do ser humano e da fraternidade universal&#8221; e que, em colabora\u00e7\u00e3o com as organiza\u00e7\u00f5es internacionais, pode ter um impacto decisivo na luta contra as &#8220;desigualdades na \u00e1rea da sa\u00fade, em favor das popula\u00e7\u00f5es mais vulner\u00e1veis&#8221;.<\/p>\n<div>\n<div class=\"article__embed article__embed--border embed_style\">\n<blockquote><p>\u201cRenovo, portanto, a minha esperan\u00e7a, que se transforma numa exorta\u00e7\u00e3o, de que \u00abem nosso estilo de vida crist\u00e3o nunca falte esta dimens\u00e3o fraterna, &#8220;samaritana&#8221;, inclusiva, corajosa, comprometida e solid\u00e1ria, que tem a sua raiz mais \u00edntima na nossa uni\u00e3o com Deus, na f\u00e9 em Jesus Cristo\u00bb.\u201d<\/p><\/blockquote>\n<\/div>\n<\/div>\n<\/div>\n","protected":false},"excerpt":{"rendered":"<p>Ao receber os participantes da confer\u00eancia &#8220;Quem \u00e9 meu pr\u00f3ximo hoje?&#8221;, o Papa fez um apelo por cuidados acess\u00edveis a todos, &#8220;para evitar que uma injusti\u00e7a se torne semente de conflito&#8221;. &#8220;Cuidar da humanidade dos outros&#8221;, sublinhou o Pont\u00edfice, &#8220;ajuda a viver a pr\u00f3pria&#8221;. A Igreja tamb\u00e9m pode dar uma contribui\u00e7\u00e3o significativa no combate \u00e0s [&hellip;]<\/p>\n","protected":false},"author":1,"featured_media":97190,"comment_status":"open","ping_status":"closed","sticky":false,"template":"","format":"standard","meta":{"footnotes":""},"categories":[3],"tags":[],"class_list":["post-97189","post","type-post","status-publish","format-standard","has-post-thumbnail","hentry","category-vaticano"],"_links":{"self":[{"href":"https:\/\/catolicanet.net\/wp-cnet\/wp-json\/wp\/v2\/posts\/97189","targetHints":{"allow":["GET"]}}],"collection":[{"href":"https:\/\/catolicanet.net\/wp-cnet\/wp-json\/wp\/v2\/posts"}],"about":[{"href":"https:\/\/catolicanet.net\/wp-cnet\/wp-json\/wp\/v2\/types\/post"}],"author":[{"embeddable":true,"href":"https:\/\/catolicanet.net\/wp-cnet\/wp-json\/wp\/v2\/users\/1"}],"replies":[{"embeddable":true,"href":"https:\/\/catolicanet.net\/wp-cnet\/wp-json\/wp\/v2\/comments?post=97189"}],"version-history":[{"count":1,"href":"https:\/\/catolicanet.net\/wp-cnet\/wp-json\/wp\/v2\/posts\/97189\/revisions"}],"predecessor-version":[{"id":97192,"href":"https:\/\/catolicanet.net\/wp-cnet\/wp-json\/wp\/v2\/posts\/97189\/revisions\/97192"}],"wp:featuredmedia":[{"embeddable":true,"href":"https:\/\/catolicanet.net\/wp-cnet\/wp-json\/wp\/v2\/media\/97190"}],"wp:attachment":[{"href":"https:\/\/catolicanet.net\/wp-cnet\/wp-json\/wp\/v2\/media?parent=97189"}],"wp:term":[{"taxonomy":"category","embeddable":true,"href":"https:\/\/catolicanet.net\/wp-cnet\/wp-json\/wp\/v2\/categories?post=97189"},{"taxonomy":"post_tag","embeddable":true,"href":"https:\/\/catolicanet.net\/wp-cnet\/wp-json\/wp\/v2\/tags?post=97189"}],"curies":[{"name":"wp","href":"https:\/\/api.w.org\/{rel}","templated":true}]}}