{"id":97004,"date":"2026-01-20T13:00:01","date_gmt":"2026-01-20T16:00:01","guid":{"rendered":"https:\/\/catolicanet.net\/wp-cnet\/?p=97004"},"modified":"2026-01-20T13:00:01","modified_gmt":"2026-01-20T16:00:01","slug":"sao-sebastiao-missionario-de-comunhao-e-unidade","status":"publish","type":"post","link":"https:\/\/catolicanet.net\/wp-cnet\/sao-sebastiao-missionario-de-comunhao-e-unidade\/","title":{"rendered":"S\u00e3o Sebasti\u00e3o, mission\u00e1rio de comunh\u00e3o e unidade!"},"content":{"rendered":"<p style=\"text-align: justify;\">No dia 20 de janeiro, temos a gra\u00e7a de celebrar o padroeiro de nossa Arquidiocese: S\u00e3o Sebasti\u00e3o. S\u00e3o Sebasti\u00e3o \u00e9 um dos santos mais conhercidos entre o povo brasileiro. Por causa de sua poderosa intercess\u00e3o e dos incont\u00e1veis milagres obtidos, ele se tornou padroeiro de muitas cidades, e outras tantas cidades e bairros por todo o Brasil receberam o nome de S\u00e3o Sebasti\u00e3o.<\/p>\n<p style=\"text-align: justify;\">Sebasti\u00e3o nasceu em Narbonne na Fran\u00e7a; seus pais eram oriundos de Mil\u00e3o, na It\u00e1lia, no s\u00e9culo III. Desde cedo, S\u00e3o Sebasti\u00e3o foi muito generoso e dado ao servi\u00e7o. Recebeu a gra\u00e7a do santo Batismo e zelou por ela em sua pr\u00f3pria vida e na vida dos irm\u00e3os. Nossa Arquidiocese do Rio de Janeiro j\u00e1 iniciou os preparativos para a Trezena de S\u00e3o Sebasti\u00e3o, considerado o padroeiro da cidade e dos fi\u00e9is cariocas. O lema da Trezena \u00e9: <em>\u201cS\u00e3o Sebasti\u00e3o, mission\u00e1rio de comunh\u00e3o e unidade\u201d<\/em>. Esse lema, em sintonia com o Ano Jubilar Arquidiocesano, \u00e9 iluminado pelo tema: <em>\u201cAlegres na esperan\u00e7a, fortes na tribula\u00e7\u00e3o, perseverantes na ora\u00e7\u00e3o e enviados em miss\u00e3o\u201d.<\/em><\/p>\n<p style=\"text-align: justify;\">Ao ingressar no servi\u00e7o do Imp\u00e9rio como soldado, possu\u00eda muita sa\u00fade no corpo, na mente e, principalmente, na alma. N\u00e3o demorou muito para tornar-se o primeiro capit\u00e3o da guarda imperial. Esse grande homem de Deus tornou-se conhecido por muitos crist\u00e3os, pois, sem que as autoridades soubessem \u2014 num tempo em que, sob o Imp\u00e9rio de Diocleciano, a Igreja e os crist\u00e3os eram duramente perseguidos, j\u00e1 que o imperador adorava os deuses \u2014, ele permanecia fiel \u00e0 f\u00e9 crist\u00e3. Enquanto isso, os crist\u00e3os n\u00e3o adoravam coisas, mas as tr\u00eas Pessoas da Sant\u00edssima Trindade.<\/p>\n<p style=\"text-align: justify;\">Esse mist\u00e9rio da f\u00e9 o levava a consolar os crist\u00e3os que eram presos, de maneira secreta, mas muito s\u00e1bia: uma evangeliza\u00e7\u00e3o eficaz por meio do testemunho, que n\u00e3o podia ser expl\u00edcito.<\/p>\n<p style=\"text-align: justify;\">S\u00e3o Sebasti\u00e3o tornou-se defensor da Igreja como soldado, como capit\u00e3o e tamb\u00e9m como ap\u00f3stolo dos confessores, daqueles que estavam presos. Foi tamb\u00e9m ap\u00f3stolo dos m\u00e1rtires, que confessavam Jesus em todas as situa\u00e7\u00f5es, renunciando \u00e0 pr\u00f3pria vida. O cora\u00e7\u00e3o de S\u00e3o Sebasti\u00e3o alimentava esse desejo: tornar-se m\u00e1rtir. Contudo, um ap\u00f3stata o denunciou ao Imp\u00e9rio, e ali estava ele diante do imperador revoltado. Mas o santo deixou claro, com muita sabedoria, auxiliado pelo Esp\u00edrito Santo, que o melhor servi\u00e7o que prestava ao Imp\u00e9rio era justamente esse: denunciar o paganismo e a injusti\u00e7a.<\/p>\n<p style=\"text-align: justify;\">S\u00e3o Sebasti\u00e3o foi defensor da verdade no amor apaixonado a Deus. O imperador, com o cora\u00e7\u00e3o fechado, mandou prend\u00ea-lo a um tronco, e muitas flechas foram lan\u00e7adas contra ele, a ponto de julgarem que estivesse morto. Contudo, uma mulher, esposa de um m\u00e1rtir, que o conhecia, aproximou-se e percebeu que ele ainda estava vivo, por gra\u00e7a de Deus. Ela cuidou de suas feridas. Ap\u00f3s algum tempo, ao recobrar a sa\u00fade, S\u00e3o Sebasti\u00e3o apresentou-se novamente ao imperador, pois desejava o bem dele e o bem de todo o Imp\u00e9rio. Evangelizou e testemunhou mais uma vez, mas, dessa vez, no ano de 288, foi duramente martirizado.<\/p>\n<p style=\"text-align: justify;\">S\u00e3o Sebasti\u00e3o \u00e9 um exemplo de coragem diante dos obst\u00e1culos da vida e de fidelidade mesmo perante as contrariedades e persegui\u00e7\u00f5es. \u00c9 interessante notar seu empenho em fazer o bem de modo oculto, aproveitando todas as circunst\u00e2ncias para semear alegria, consolo e \u00e2nimo \u00e0s pessoas pr\u00f3ximas, mesmo sabendo que, ao ser descoberto, poderia enfrentar s\u00e9rias consequ\u00eancias. Ele tamb\u00e9m se destaca por sua prontid\u00e3o em fazer a vontade de Deus e por seu enorme esp\u00edrito de servi\u00e7o, pois, ap\u00f3s recobrar a sa\u00fade, voltou-se novamente para os outros, desejando continuar a fazer o bem, sem considerar que j\u00e1 tivesse feito o suficiente ou que precisasse repousar.<\/p>\n<p style=\"text-align: justify;\">A vida de S\u00e3o Sebasti\u00e3o nos mostra que tudo ele venceu com muito amor, tanto que o tema de nossa Trezena e de nossa festa neste ano \u00e9: <em>\u201cS\u00e3o Sebasti\u00e3o superou tudo com amor\u201d<\/em>. Ao olharmos para a vida desse grande santo, percebemos que sua coragem s\u00f3 foi poss\u00edvel por causa de seu grande amor pelo Evangelho e por Jesus Cristo. Ah, como precisamos aprender com S\u00e3o Sebasti\u00e3o a amar a Deus e ao pr\u00f3ximo, com constante disposi\u00e7\u00e3o para a doa\u00e7\u00e3o de si! S\u00e3o Sebasti\u00e3o compreendeu que sua perman\u00eancia em Mil\u00e3o seria insignificante; era preciso dialogar com o que parecia hostil. Sua a\u00e7\u00e3o n\u00e3o foi tanto a de ir buscar os que estavam fora, mas a de levar aquilo que carregava dentro de si: o amor gratuito de Deus por cada homem e mulher que v\u00eam a este mundo. Ao dirigir-se a Roma, decidiu dedicar-se a essa miss\u00e3o.<\/p>\n<p style=\"text-align: justify;\">Que o exemplo de S\u00e3o Sebasti\u00e3o nos ensine a ser verdadeiros crist\u00e3os, amando sempre a Deus e ao pr\u00f3ximo. Queremos pedir a intercess\u00e3o de nosso padroeiro para que reine em nossa Arquidiocese o dom do servi\u00e7o e da entrega em favor do outro. \u00d3 glorioso S\u00e3o Sebasti\u00e3o, dai-nos a gra\u00e7a de sempre buscar a justi\u00e7a e o Reino de Deus!<\/p>\n","protected":false},"excerpt":{"rendered":"<p>No dia 20 de janeiro, temos a gra\u00e7a de celebrar o padroeiro de nossa Arquidiocese: S\u00e3o Sebasti\u00e3o. S\u00e3o Sebasti\u00e3o \u00e9 um dos santos mais conhercidos entre o povo brasileiro. Por causa de sua poderosa intercess\u00e3o e dos incont\u00e1veis milagres obtidos, ele se tornou padroeiro de muitas cidades, e outras tantas cidades e bairros por todo [&hellip;]<\/p>\n","protected":false},"author":5,"featured_media":55819,"comment_status":"open","ping_status":"closed","sticky":false,"template":"","format":"standard","meta":{"footnotes":""},"categories":[9],"tags":[],"class_list":["post-97004","post","type-post","status-publish","format-standard","has-post-thumbnail","hentry","category-artigos"],"_links":{"self":[{"href":"https:\/\/catolicanet.net\/wp-cnet\/wp-json\/wp\/v2\/posts\/97004","targetHints":{"allow":["GET"]}}],"collection":[{"href":"https:\/\/catolicanet.net\/wp-cnet\/wp-json\/wp\/v2\/posts"}],"about":[{"href":"https:\/\/catolicanet.net\/wp-cnet\/wp-json\/wp\/v2\/types\/post"}],"author":[{"embeddable":true,"href":"https:\/\/catolicanet.net\/wp-cnet\/wp-json\/wp\/v2\/users\/5"}],"replies":[{"embeddable":true,"href":"https:\/\/catolicanet.net\/wp-cnet\/wp-json\/wp\/v2\/comments?post=97004"}],"version-history":[{"count":1,"href":"https:\/\/catolicanet.net\/wp-cnet\/wp-json\/wp\/v2\/posts\/97004\/revisions"}],"predecessor-version":[{"id":97006,"href":"https:\/\/catolicanet.net\/wp-cnet\/wp-json\/wp\/v2\/posts\/97004\/revisions\/97006"}],"wp:featuredmedia":[{"embeddable":true,"href":"https:\/\/catolicanet.net\/wp-cnet\/wp-json\/wp\/v2\/media\/55819"}],"wp:attachment":[{"href":"https:\/\/catolicanet.net\/wp-cnet\/wp-json\/wp\/v2\/media?parent=97004"}],"wp:term":[{"taxonomy":"category","embeddable":true,"href":"https:\/\/catolicanet.net\/wp-cnet\/wp-json\/wp\/v2\/categories?post=97004"},{"taxonomy":"post_tag","embeddable":true,"href":"https:\/\/catolicanet.net\/wp-cnet\/wp-json\/wp\/v2\/tags?post=97004"}],"curies":[{"name":"wp","href":"https:\/\/api.w.org\/{rel}","templated":true}]}}