{"id":97001,"date":"2026-01-18T09:00:35","date_gmt":"2026-01-18T12:00:35","guid":{"rendered":"https:\/\/catolicanet.net\/wp-cnet\/?p=97001"},"modified":"2026-01-20T12:58:36","modified_gmt":"2026-01-20T15:58:36","slug":"2o-domingo-do-tempo-comum-4","status":"publish","type":"post","link":"https:\/\/catolicanet.net\/wp-cnet\/2o-domingo-do-tempo-comum-4\/","title":{"rendered":"2\u00ba Domingo do Tempo Comum"},"content":{"rendered":"<p style=\"text-align: center;\"><em>\u201cEis o Cordeiro de Deus, que tira o pecado do mundo\u201d (Jo 1,29)<\/em><\/p>\n<p style=\"text-align: justify;\"><strong>\u00a0<\/strong>Celebramos nesse domingo o segundo desse Tempo Comum. Na Segunda-feira, dia 12 de janeiro, iniciamos a primeira semana do Tempo Comum e neste domingo celebramos o segundo domingo do Tempo Comum.<\/p>\n<p style=\"text-align: justify;\">O Tempo Comum \u00e9 o per\u00edodo mais extenso da Igreja, inicia-se agora com a primeira parte e vai at\u00e9 a Ter\u00e7a-feira de carnaval, depois retoma ap\u00f3s a solenidade de Pentecostes e vai at\u00e9 a Solenidade de Jesus Cristo Rei do Universo. Ao todo s\u00e3o trinta e quatro semanas, ao longo do Tempo Comum acompanhamos Jesus anunciando o Reino de Deus e caminhando por toda a Jud\u00e9ia at\u00e9 entrar em Jerusal\u00e9m. A cor predominante ao longo do Tempo Comum \u00e9 a verde que nos remete a esperan\u00e7a na vinda do Reino de Deus.<\/p>\n<p style=\"text-align: justify;\">Participemos com nossa fam\u00edlia da celebra\u00e7\u00e3o Eucar\u00edstica nesse domingo e pe\u00e7amos as b\u00ean\u00e7\u00e3os do Senhor. Como sabemos os cat\u00f3licos devem participar das missas aos domingos, pois \u00e9 dia de preceito, dediquemos uma parte do nosso domingo ao Senhor e com certeza receberemos muitas gra\u00e7as. \u00c9 muito importante ter a fam\u00edlia reunida na Igreja ouvindo a Palavra do Senhor, fam\u00edlia que reza unida permanece unida.<\/p>\n<p style=\"text-align: justify;\">No Evangelho Jo\u00e3o d\u00e1 testemunho de Jesus, diz para os que o ouviam que Jesus \u00e9 o Messias esperado e viu descer sobre Ele o Esp\u00edrito Santo. Jo\u00e3o aponta Jesus como o Cordeiro de Deus, aquele que veio tirar o pecado do mundo, que possamos tamb\u00e9m n\u00f3s reconhecer Jesus como o Cordeiro de Deus que tira o pecado do mundo e os nossos pecados. Jo\u00e3o Batista \u00e9 aquele que fecha o Antigo Testamento e ao mesmo tempo abre o novo testamento, e a partir de Jesus inaugura-se um novo tempo da gra\u00e7a do Senhor.<\/p>\n<p style=\"text-align: justify;\">A primeira leitura da missa desse Domingo \u00e9 do profeta Isa\u00edas (Is 49, 3. 5-6), o profeta diz que em determinado momento de ora\u00e7\u00e3o o Senhor falou em seu \u00edntimo, que Ele foi o escolhido por Deus para reconduzir o povo de Israel para a sua terra e dar um novo \u00e2nimo para aquele povo. Desde o ventre materno Deus o escolheu para ser o seu servo e luz para todas as na\u00e7\u00f5es, o povo que andava na escurid\u00e3o veria uma grande luz. Nesse momento o profeta Isa\u00edas seria essa luz e posteriormente Jesus seria essa luz. Isa\u00edas teria a miss\u00e3o de preparar esse povo para a chegada do Messias. Isa\u00edas era um profeta vision\u00e1rio e muitas das coisas que ele dizia se concretizaria em Jesus.<\/p>\n<p style=\"text-align: justify;\">Essa leitura do profeta Isa\u00edas vai ao encontro com o Evangelho de hoje, do mesmo modo que Deus escolheu o profeta desde o ventre materno para ser o seu servo, Ele escolheu o seu filho Jesus para ser luz para todas as na\u00e7\u00f5es. O Esp\u00edrito Santo movia o profeta e do mesmo modo depois moveu Jesus para anunciar o Reino de Deus.<\/p>\n<p style=\"text-align: justify;\">O salmo responsorial \u00e9 o 39 (40), que diz em seu refr\u00e3o: \u201cEu disse: Eis que venho, Senhor, com prazer fa\u00e7o a vossa vontade\u201d, esse refr\u00e3o \u00e9 como se fosse a resposta do profeta ao chamado do Senhor e do mesmo modo deve ser a nossa resposta ao chamado de Deus. Estejamos dispostos a anunciar a Palavra do Senhor, sejamos profetas nos dias de hoje. Esperemos sempre no Senhor que Ele far\u00e1 o melhor.<\/p>\n<p style=\"text-align: justify;\">A segunda leitura \u00e9 do in\u00edcio da primeira carta de S\u00e3o Paulo aos Cor\u00edntios (1 Cor 1, 1-3), essa leitura \u00e9 o in\u00edcio da segunda carta de S\u00e3o Paulo aos Cor\u00edntios, Paulo diz que ele foi chamado por Deus e aceitou por voca\u00e7\u00e3o esse chamado. Todos n\u00f3s somos chamados a ser santos a partir do nosso batismo e devemos trilhar a nossa vida segundo o Esp\u00edrito Santo de Deus e ouvir menos a voz da carne.<\/p>\n<p style=\"text-align: justify;\">O Evangelho desse Domingo \u00e9 de Jo\u00e3o (Jo 1, 29-34), esse trecho do Evangelho de Jo\u00e3o retrata o batismo de Jesus feito por Jo\u00e3o Batista no rio Jord\u00e3o. Jo\u00e3o ao ver Jesus vindo de longe, diz aos que estavam ao redor: \u201cEis o Cordeiro de Deus, que tira o pecado do mundo\u201d, Jo\u00e3o preparou o caminho para a chegada de Jesus, por isso o batismo que ele pregava era um batismo de convers\u00e3o, para preparar as pessoas para o encontro com o Messias.<\/p>\n<p style=\"text-align: justify;\">Jesus veio depois, mas passaria a frente, pois era o Messias, Jo\u00e3o batizava com \u00e1gua e a partir de Jesus surge um novo batismo, o batismo na \u00e1gua e no Esp\u00edrito Santo. O mesmo Esp\u00edrito Santo que desceu sobre Jesus na hora do batismo, o levou para o deserto e depois o acompanhou em sua vida p\u00fablica, acompanha a vida da Igreja nos dias de hoje e acompanha cada um de n\u00f3s. \u00c9 por meio desse mesmo Esp\u00edrito Santo que surge a cada dia novos fi\u00e9is e que a Igreja todo dia celebra a Eucaristia.<\/p>\n<p style=\"text-align: justify;\">H\u00e1 momentos certos ao longo da hist\u00f3ria da salva\u00e7\u00e3o em que Deus Pai revela as outras duas pessoas da Sant\u00edssima Trindade. No momento oportuno revela o seu Filho, nascido de uma mulher, o verbo se faz carne, com o batismo Deus Pai manifesta o seu Filho ao mundo. A partir desse momento o Esp\u00edrito Santo come\u00e7a a agir e tudo o que Jesus realizava era por meio do Esp\u00edrito Santo, e antes, voltar em definitivo ao Pai, sopra o Esp\u00edrito Santo sobre os disc\u00edpulos, e eles saem para anunciar o Evangelho com a for\u00e7a do Esp\u00edrito Santo. Esse mesmo Esp\u00edrito Santo guia e conduz a Igreja at\u00e9 os dias de hoje.<\/p>\n<p style=\"text-align: justify;\">Celebremos com alegria esse segundo Domingo do Tempo Comum, recordemos a data em que fomos batizados, e ainda, recordemos que somos todos mission\u00e1rios do Senhor e chamados e enviados por Deus a anunciar o Evangelho. Pautemos a nossa vida segundo o Esp\u00edrito Santo e trilhemos uma vida de santidade.<\/p>\n<p style=\"text-align: justify;\">Participemos em fam\u00edlia, sobretudo das missas dominicais, e sejamos gratos ao Senhor por nos dar a oportunidade, de a cada ano celebrar o mist\u00e9rio da paix\u00e3o, morte e ressurei\u00e7\u00e3o de Jesus.<\/p>\n","protected":false},"excerpt":{"rendered":"<p>\u201cEis o Cordeiro de Deus, que tira o pecado do mundo\u201d (Jo 1,29) \u00a0Celebramos nesse domingo o segundo desse Tempo Comum. Na Segunda-feira, dia 12 de janeiro, iniciamos a primeira semana do Tempo Comum e neste domingo celebramos o segundo domingo do Tempo Comum. O Tempo Comum \u00e9 o per\u00edodo mais extenso da Igreja, inicia-se [&hellip;]<\/p>\n","protected":false},"author":5,"featured_media":55819,"comment_status":"open","ping_status":"closed","sticky":false,"template":"","format":"standard","meta":{"footnotes":""},"categories":[9],"tags":[],"class_list":["post-97001","post","type-post","status-publish","format-standard","has-post-thumbnail","hentry","category-artigos"],"_links":{"self":[{"href":"https:\/\/catolicanet.net\/wp-cnet\/wp-json\/wp\/v2\/posts\/97001","targetHints":{"allow":["GET"]}}],"collection":[{"href":"https:\/\/catolicanet.net\/wp-cnet\/wp-json\/wp\/v2\/posts"}],"about":[{"href":"https:\/\/catolicanet.net\/wp-cnet\/wp-json\/wp\/v2\/types\/post"}],"author":[{"embeddable":true,"href":"https:\/\/catolicanet.net\/wp-cnet\/wp-json\/wp\/v2\/users\/5"}],"replies":[{"embeddable":true,"href":"https:\/\/catolicanet.net\/wp-cnet\/wp-json\/wp\/v2\/comments?post=97001"}],"version-history":[{"count":1,"href":"https:\/\/catolicanet.net\/wp-cnet\/wp-json\/wp\/v2\/posts\/97001\/revisions"}],"predecessor-version":[{"id":97003,"href":"https:\/\/catolicanet.net\/wp-cnet\/wp-json\/wp\/v2\/posts\/97001\/revisions\/97003"}],"wp:featuredmedia":[{"embeddable":true,"href":"https:\/\/catolicanet.net\/wp-cnet\/wp-json\/wp\/v2\/media\/55819"}],"wp:attachment":[{"href":"https:\/\/catolicanet.net\/wp-cnet\/wp-json\/wp\/v2\/media?parent=97001"}],"wp:term":[{"taxonomy":"category","embeddable":true,"href":"https:\/\/catolicanet.net\/wp-cnet\/wp-json\/wp\/v2\/categories?post=97001"},{"taxonomy":"post_tag","embeddable":true,"href":"https:\/\/catolicanet.net\/wp-cnet\/wp-json\/wp\/v2\/tags?post=97001"}],"curies":[{"name":"wp","href":"https:\/\/api.w.org\/{rel}","templated":true}]}}