{"id":96955,"date":"2026-01-13T10:51:26","date_gmt":"2026-01-13T13:51:26","guid":{"rendered":"https:\/\/catolicanet.net\/wp-cnet\/?p=96955"},"modified":"2026-01-13T10:51:26","modified_gmt":"2026-01-13T13:51:26","slug":"cardeal-parolin-e-o-testemunho-da-sua-amada-venezuela","status":"publish","type":"post","link":"https:\/\/catolicanet.net\/wp-cnet\/cardeal-parolin-e-o-testemunho-da-sua-amada-venezuela\/","title":{"rendered":"Cardeal Parolin e o testemunho da sua \u201camada Venezuela\u201d"},"content":{"rendered":"<p style=\"text-align: justify;\"><span class=\"SubHeading_subheading__NJ_eJ\" aria-label=\"post subtitle\">Palavras densas de significado norteiam o caminho espiritual desse tempo na Venezuela<\/span><\/p>\n<div style=\"text-align: justify;\"><\/div>\n<div class=\"  \" style=\"text-align: justify;\">\n<p>O ar na Bas\u00edlica de S\u00e3o Pedro, em Roma, parecia carregar o peso de um pa\u00eds inteiro. N\u00e3o era apenas o incenso que subia aos c\u00e9us naquele outubro de 2025; eram as preces, as l\u00e1grimas e o suspiro de al\u00edvio de uma na\u00e7\u00e3o que, por um instante, esqueceu as fronteiras e as ideologias para se reconhecer nos seus santos. A Venezuela n\u00e3o era manchete de crise econ\u00f4mica ou disputa pol\u00edtica, mas a &#8220;amada Venezuela&#8221; que o Cardeal Pietro Parolin, Secret\u00e1rio de Estado da Santa S\u00e9, invocou com a voz embargada de quem conhece as feridas daquela terra.<\/p>\n<\/div>\n<div class=\"  \" style=\"text-align: justify;\">\n<p>A Missa de a\u00e7\u00e3o de Gra\u00e7as pela canoniza\u00e7\u00e3o de S\u00e3o Jos\u00e9 Gregorio Hern\u00e1ndez e de Santa Carmen Rendiles Mart\u00ednez, filhos ilustres daquela p\u00e1tria.\u00a0<strong><em>Mas o tom dado por Parolin, o diplomata n\u00famero um do Vaticano e antigo N\u00fancio em Caracas, foi muito al\u00e9m da liturgia<\/em><\/strong>. Ele falou para os que estavam nos bancos da Bas\u00edlica Vaticano, mas parece seu olhar contemplava os que ouviam pelo r\u00e1dio nos rinc\u00f5es dos Andes e os jovens que acompanhariam sua mensagem pela internet nas favelas de Petare.<\/p>\n<\/div>\n<h2 class=\"Heading_heading__PlVsb\" style=\"text-align: justify;\">Justi\u00e7a do alto<\/h2>\n<div class=\"  \" style=\"text-align: justify;\">\n<p>&#8220;A santidade \u00e9 o bem supremo, mas ela floresce onde existe justi\u00e7a&#8221;, pontuou o Cardeal. Nesta ocasi\u00e3o, o Vaticano usou o &#8220;poder suave&#8221; dos santos para enviar um recado direto: o bem comum n\u00e3o \u00e9 uma abstra\u00e7\u00e3o, mas uma urg\u00eancia. Parolin n\u00e3o se esquivou.\u00a0<strong><em>Ao lado das rel\u00edquias dos santos Venezuelanos, ele lembrou que a f\u00e9 \u00e9 uma for\u00e7a de resist\u00eancia que clama por dignidade e por uma conviv\u00eancia pac\u00edfica fundada na verdade.<\/em><\/strong><\/p>\n<\/div>\n<div class=\"  \" style=\"text-align: justify;\">\n<p>A canoniza\u00e7\u00e3o de S\u00e3o Jos\u00e9 Gregorio Hern\u00e1ndez, o m\u00e9dico que morreu atropelado enquanto levava rem\u00e9dios a uma senhora pobre, serve como o s\u00edmbolo perfeito dessa mensagem. O Cardeal Parolin refor\u00e7ou que o &#8220;M\u00e9dico dos Pobres&#8221; \u00e9 o modelo de cidad\u00e3o que a Venezuela precisa para se reconstruir: algu\u00e9m que coloca a ci\u00eancia a servi\u00e7o da caridade e a pol\u00edtica a servi\u00e7o do pr\u00f3ximo.<\/p>\n<\/div>\n<div class=\"  \" style=\"text-align: justify;\">\n<p>Segundo Parolin, \u201cMadre Carmen Rendiles \u00e9 sin\u00f4nimo de supera\u00e7\u00e3o, mesmo em meio \u00e0s suas limita\u00e7\u00f5es f\u00edsicas. \u00c9 a const\u00e2ncia da f\u00e9 depositada em Deus, que n\u00e3o nos abandona. Coube a ela a guarda do servi\u00e7o a Jesus em seu mist\u00e9rio mais sublime, o da Eucaristia. Nela, a Igreja quer homenagear a mulher forte que trabalha, constr\u00f3i e \u00e9 garante da transmiss\u00e3o da f\u00e9 \u00e0s gera\u00e7\u00f5es. Nela, a Igreja celebra a for\u00e7a do g\u00eanio feminino venezuelano e reconhece as mulheres consagradas que, no in\u00edcio do s\u00e9culo XX, conduziram a reconstru\u00e7\u00e3o da catolicidade na Venezuela\u201d.<\/p>\n<\/div>\n<h2 class=\"Heading_heading__PlVsb\" style=\"text-align: justify;\">Cruz e esperan\u00e7a<\/h2>\n<div class=\"  \" style=\"text-align: justify;\">\n<p>As canoniza\u00e7\u00f5es ocorridas em outubro do ano passado marcaram um sinal de esperan\u00e7a contrastando com o regime totalit\u00e1rio instalado no pa\u00eds e com as dificuldades di\u00e1rias dos cidad\u00e3os.<\/p>\n<\/div>\n<div class=\"  \" style=\"text-align: justify;\">\n<p>Parolin, correndo os olhos sobre os presentes na cerim\u00f4nia, deve ter se recordado dos olhares com os quais cruzou em Caracas e nas florestas do pa\u00eds em que\u00a0 foi N\u00fancio Apost\u00f3lico por quatro anos. O Cardeal, com emo\u00e7\u00e3o, \u00a0foi enf\u00e1tico ao dizer que o Vaticano continua acompanhando cada passo do povo venezuelano. A mensagem foi clara: a Igreja n\u00e3o busca o poder, busca a paz. E essa paz s\u00f3 ser\u00e1 s\u00f3lida se for &#8220;justa e duradoura&#8221;.<\/p>\n<\/div>\n<h2 class=\"Heading_heading__PlVsb\" style=\"text-align: justify;\">A f\u00e9 na Venezuela<\/h2>\n<div style=\"text-align: justify;\"><\/div>\n<div class=\"  \" style=\"text-align: justify;\">\n<p>Os santos, agora oficialmente elevados aos altares, tornaram-se embaixadores permanentes de uma causa que n\u00e3o tem partido: a dignidade humana.<\/p>\n<\/div>\n<blockquote class=\"Quote_container__XMwM_\">\n<div class=\"  \">\n<p><em>O Cardeal Pietro Parolin, ao final de sua homilia, dirigiu uma mensagem, em forma de ora\u00e7\u00e3o. N\u00e3o era um discurso pol\u00edtico, n\u00e3o era uma prece, mas era um sentimento profundo no qual chamava o pa\u00eds em que serviu como \u201cAmada Venezuela\u201d.<\/em><\/p>\n<\/div>\n<\/blockquote>\n<div class=\"  \" style=\"text-align: justify;\">\n<p>\u201cAmar n\u00e3o apenas em palavras e discursos, mas em verdade e com a\u00e7\u00f5es. S\u00f3 assim passaremos da morte para a vida. S\u00f3 assim, querida Venezuela, voc\u00ea passar\u00e1 da morte para a vida. S\u00f3 ent\u00e3o, amada Venezuela, sua luz brilhar\u00e1 na escurid\u00e3o, sua escurid\u00e3o se transformar\u00e1 em meio-dia, se voc\u00ea der ouvidos \u00e0s palavras do Senhor, que a chama a abrir pris\u00f5es injustas, a romper as correntes dos grilh\u00f5es, a libertar os oprimidos, a quebrar todas as correntes.\u00a0<strong>S\u00f3 ent\u00e3o, amada Venezuela, voc\u00ea poder\u00e1 responder \u00e0 sua voca\u00e7\u00e3o de paz, se a construir sobre os alicerces da justi\u00e7a, da verdade, da liberdade e do amor, sobre o respeito aos direitos humanos<\/strong>, criando espa\u00e7os de encontro e conviv\u00eancia democr\u00e1tica, priorizando o que une e n\u00e3o o que divide, buscando os meios e as institui\u00e7\u00f5es para encontrar solu\u00e7\u00f5es comuns para os grandes problemas que a afetam, colocando o bem comum no centro de toda atividade p\u00fablica\u201d, rezou o purpurado.<\/p>\n<\/div>\n<div class=\"  \">\n<p style=\"text-align: justify;\">No Angelus do domingo, 4 de janeiro, o Papa Le\u00e3o XIV ser mostrou solid\u00e1rio \u00e0 situa\u00e7\u00e3o da Venezuela e invocou a prote\u00e7\u00e3o de Maria e dos santos venezuelanos para que, em sua hora mais escura, o pa\u00eds encontre nos seus santos a luz necess\u00e1ria para enxergar um amanh\u00e3 poss\u00edvel.<\/p>\n<\/div>\n","protected":false},"excerpt":{"rendered":"<p>Palavras densas de significado norteiam o caminho espiritual desse tempo na Venezuela O ar na Bas\u00edlica de S\u00e3o Pedro, em Roma, parecia carregar o peso de um pa\u00eds inteiro. N\u00e3o era apenas o incenso que subia aos c\u00e9us naquele outubro de 2025; eram as preces, as l\u00e1grimas e o suspiro de al\u00edvio de uma na\u00e7\u00e3o [&hellip;]<\/p>\n","protected":false},"author":1,"featured_media":96956,"comment_status":"open","ping_status":"closed","sticky":false,"template":"","format":"standard","meta":{"footnotes":""},"categories":[4],"tags":[],"class_list":["post-96955","post","type-post","status-publish","format-standard","has-post-thumbnail","hentry","category-cotidiano"],"_links":{"self":[{"href":"https:\/\/catolicanet.net\/wp-cnet\/wp-json\/wp\/v2\/posts\/96955","targetHints":{"allow":["GET"]}}],"collection":[{"href":"https:\/\/catolicanet.net\/wp-cnet\/wp-json\/wp\/v2\/posts"}],"about":[{"href":"https:\/\/catolicanet.net\/wp-cnet\/wp-json\/wp\/v2\/types\/post"}],"author":[{"embeddable":true,"href":"https:\/\/catolicanet.net\/wp-cnet\/wp-json\/wp\/v2\/users\/1"}],"replies":[{"embeddable":true,"href":"https:\/\/catolicanet.net\/wp-cnet\/wp-json\/wp\/v2\/comments?post=96955"}],"version-history":[{"count":1,"href":"https:\/\/catolicanet.net\/wp-cnet\/wp-json\/wp\/v2\/posts\/96955\/revisions"}],"predecessor-version":[{"id":96958,"href":"https:\/\/catolicanet.net\/wp-cnet\/wp-json\/wp\/v2\/posts\/96955\/revisions\/96958"}],"wp:featuredmedia":[{"embeddable":true,"href":"https:\/\/catolicanet.net\/wp-cnet\/wp-json\/wp\/v2\/media\/96956"}],"wp:attachment":[{"href":"https:\/\/catolicanet.net\/wp-cnet\/wp-json\/wp\/v2\/media?parent=96955"}],"wp:term":[{"taxonomy":"category","embeddable":true,"href":"https:\/\/catolicanet.net\/wp-cnet\/wp-json\/wp\/v2\/categories?post=96955"},{"taxonomy":"post_tag","embeddable":true,"href":"https:\/\/catolicanet.net\/wp-cnet\/wp-json\/wp\/v2\/tags?post=96955"}],"curies":[{"name":"wp","href":"https:\/\/api.w.org\/{rel}","templated":true}]}}