{"id":96947,"date":"2026-01-13T10:46:55","date_gmt":"2026-01-13T13:46:55","guid":{"rendered":"https:\/\/catolicanet.net\/wp-cnet\/?p=96947"},"modified":"2026-01-13T10:46:55","modified_gmt":"2026-01-13T13:46:55","slug":"leao-xiv-proclama-ano-jubilar-franciscano-e-concede-graca-da-indulgencia-plenaria","status":"publish","type":"post","link":"https:\/\/catolicanet.net\/wp-cnet\/leao-xiv-proclama-ano-jubilar-franciscano-e-concede-graca-da-indulgencia-plenaria\/","title":{"rendered":"Le\u00e3o XIV proclama Ano Jubilar Franciscano e concede gra\u00e7a da indulg\u00eancia plen\u00e1ria"},"content":{"rendered":"<p style=\"text-align: justify;\">O papa Le\u00e3o XIV proclamou um\u00a0<em>Ano Especial de S\u00e3o Francisco\u00a0<\/em>para marcar o 800\u00ba anivers\u00e1rio da morte de s\u00e3o Francisco de Assis. Nesse tempo de gra\u00e7a, que se estender\u00e1 at\u00e9 janeiro do ano que vem, os fi\u00e9is t\u00eam a possibilidade de obter uma indulg\u00eancia plen\u00e1ria.<\/p>\n<p style=\"text-align: justify;\">Esse Ano Jubilar Franciscano, concebido como um dom para toda a Igreja e uma ocasi\u00e3o para uma aut\u00eantica renova\u00e7\u00e3o espiritual, foi inaugurado no \u00faltimo s\u00e1bado (10) com um decreto emitido pela Penitenciaria Apost\u00f3lica.<\/p>\n<p style=\"text-align: justify;\">At\u00e9 10 de janeiro do ano que vem, os fi\u00e9is poder\u00e3o obter essa gra\u00e7a nas condi\u00e7\u00f5es habituais \u2014 confiss\u00e3o sacramental, comunh\u00e3o eucar\u00edstica e ora\u00e7\u00e3o pelas inten\u00e7\u00f5es do papa \u2014 fazendo uma peregrina\u00e7\u00e3o a qualquer igreja de convento franciscano ou local de culto dedicado a s\u00e3o Francisco em qualquer lugar do mundo.<\/p>\n<p style=\"text-align: justify;\">Os idosos, os doentes e aqueles que, por motivos graves, n\u00e3o podem sair de casa, podem obter a indulg\u00eancia plen\u00e1ria unindo-se espiritualmente \u00e0s celebra\u00e7\u00f5es jubilares e oferecendo a Deus suas ora\u00e7\u00f5es, dores ou sofrimentos.<\/p>\n<p style=\"text-align: justify;\">Num mundo onde \u201co virtual prevalece sobre o real, as disputas e a viol\u00eancia social fazem parte do cotidiano e a paz se torna cada vez mais insegura e distante\u201d, neste Ano de S\u00e3o Francisco, a Santa S\u00e9 convida os fi\u00e9is a imitar o pobre de Assis e a \u201cmoldarem-se, tanto quanto poss\u00edvel, segundo o modelo de Cristo\u201d.<\/p>\n<p style=\"text-align: justify;\">Para a Ordem dos Frades Menores, esse per\u00edodo \u00e9 uma oportunidade para os fi\u00e9is se tornarem \u201cmodelos de santidade de vida e testemunhas constantes da paz\u201d.<\/p>\n<p style=\"text-align: justify;\">Por ocasi\u00e3o do anivers\u00e1rio, o papa Le\u00e3o XVI dirigiu uma carta aos ministros gerais da Confer\u00eancia da Fam\u00edlia Franciscana, na qual disse que \u201cnesta \u00e9poca, marcada por tantas guerras aparentemente intermin\u00e1veis, por divis\u00f5es internas e sociais que geram desconfian\u00e7a e medo, ele continua falando\u201d.<\/p>\n<p style=\"text-align: justify;\">\u201cN\u00e3o porque ofere\u00e7a solu\u00e7\u00f5es t\u00e9cnicas, mas porque a sua vida aponta para a aut\u00eantica fonte da paz\u201d, disse o papa.<\/p>\n<p style=\"text-align: justify;\">Assim, Le\u00e3o XIV disse que s\u00e3o Francisco mostra que \u201ca paz com Deus, a paz entre as pessoas e a paz com a Cria\u00e7\u00e3o s\u00e3o dimens\u00f5es insepar\u00e1veis \u200b\u200bde um \u00fanico apelo \u00e0 reconcilia\u00e7\u00e3o universal\u201d.<\/p>\n","protected":false},"excerpt":{"rendered":"<p>O papa Le\u00e3o XIV proclamou um\u00a0Ano Especial de S\u00e3o Francisco\u00a0para marcar o 800\u00ba anivers\u00e1rio da morte de s\u00e3o Francisco de Assis. Nesse tempo de gra\u00e7a, que se estender\u00e1 at\u00e9 janeiro do ano que vem, os fi\u00e9is t\u00eam a possibilidade de obter uma indulg\u00eancia plen\u00e1ria. Esse Ano Jubilar Franciscano, concebido como um dom para toda a [&hellip;]<\/p>\n","protected":false},"author":1,"featured_media":96948,"comment_status":"open","ping_status":"closed","sticky":false,"template":"","format":"standard","meta":{"footnotes":""},"categories":[4,13],"tags":[],"class_list":["post-96947","post","type-post","status-publish","format-standard","has-post-thumbnail","hentry","category-cotidiano","category-featured"],"_links":{"self":[{"href":"https:\/\/catolicanet.net\/wp-cnet\/wp-json\/wp\/v2\/posts\/96947","targetHints":{"allow":["GET"]}}],"collection":[{"href":"https:\/\/catolicanet.net\/wp-cnet\/wp-json\/wp\/v2\/posts"}],"about":[{"href":"https:\/\/catolicanet.net\/wp-cnet\/wp-json\/wp\/v2\/types\/post"}],"author":[{"embeddable":true,"href":"https:\/\/catolicanet.net\/wp-cnet\/wp-json\/wp\/v2\/users\/1"}],"replies":[{"embeddable":true,"href":"https:\/\/catolicanet.net\/wp-cnet\/wp-json\/wp\/v2\/comments?post=96947"}],"version-history":[{"count":1,"href":"https:\/\/catolicanet.net\/wp-cnet\/wp-json\/wp\/v2\/posts\/96947\/revisions"}],"predecessor-version":[{"id":96950,"href":"https:\/\/catolicanet.net\/wp-cnet\/wp-json\/wp\/v2\/posts\/96947\/revisions\/96950"}],"wp:featuredmedia":[{"embeddable":true,"href":"https:\/\/catolicanet.net\/wp-cnet\/wp-json\/wp\/v2\/media\/96948"}],"wp:attachment":[{"href":"https:\/\/catolicanet.net\/wp-cnet\/wp-json\/wp\/v2\/media?parent=96947"}],"wp:term":[{"taxonomy":"category","embeddable":true,"href":"https:\/\/catolicanet.net\/wp-cnet\/wp-json\/wp\/v2\/categories?post=96947"},{"taxonomy":"post_tag","embeddable":true,"href":"https:\/\/catolicanet.net\/wp-cnet\/wp-json\/wp\/v2\/tags?post=96947"}],"curies":[{"name":"wp","href":"https:\/\/api.w.org\/{rel}","templated":true}]}}