{"id":96907,"date":"2026-01-11T09:00:44","date_gmt":"2026-01-11T12:00:44","guid":{"rendered":"https:\/\/catolicanet.net\/wp-cnet\/?p=96907"},"modified":"2026-01-13T09:48:22","modified_gmt":"2026-01-13T12:48:22","slug":"festa-do-batismo-do-senhor-6","status":"publish","type":"post","link":"https:\/\/catolicanet.net\/wp-cnet\/festa-do-batismo-do-senhor-6\/","title":{"rendered":"Festa do Batismo do Senhor"},"content":{"rendered":"<p style=\"text-align: center;\"><em>\u201cEste \u00e9 o meu Filho amado, no qual eu pus o meu agrado\u201d <\/em><\/p>\n<p style=\"text-align: center;\"><em>(Mt 3,13).<\/em><\/p>\n<p style=\"text-align: justify;\"><em>\u00a0<\/em>Celebramos neste domingo, dia 11 de janeiro, a Festa do Batismo do Senhor. Com essa festa, encerramos o Tempo do Natal e, a partir de segunda-feira, inicia-se a primeira parte do Tempo Comum. Ao longo do Tempo do Natal, acontecem algumas solenidades e festas importantes do calend\u00e1rio crist\u00e3o, que envolvem a vida de Jesus. Neste ano, no primeiro domingo ap\u00f3s o Natal, celebramos a Festa da Sagrada Fam\u00edlia; na semana passada, a Solenidade da Epifania do Senhor (transferida do dia 6); e, nesta semana, a terceira ap\u00f3s o Natal, a Festa do Batismo do Senhor.<\/p>\n<p style=\"text-align: justify;\">Essa festa normalmente \u00e9 celebrada no domingo, conforme dissemos acima; somente em alguns casos, devido ao calend\u00e1rio civil, ela acontece numa segunda-feira. Geralmente, ocorre entre os dias 9 e 11 de janeiro; a Solenidade da Epifania, entre os dias 4 e 7 de janeiro; e a da Sagrada Fam\u00edlia, em 30 de dezembro ou no domingo dentro da oitava. Conforme dissemos, essa festa marca o encerramento do Tempo do Natal e o in\u00edcio do Tempo Comum no dia seguinte.<\/p>\n<p style=\"text-align: justify;\">A Festa do Batismo do Senhor, do mesmo modo que a Festa da Epifania, \u00e9 manifesta\u00e7\u00e3o de Deus \u00e0 humanidade; ou seja, Deus Pai revela o seu Filho ao mundo, para que todos os que nele crerem tenham a vida eterna. O Verbo se fez carne e habitou entre n\u00f3s. A partir do Batismo, Jesus \u00e9 conduzido pelo Esp\u00edrito Santo, sofre as tenta\u00e7\u00f5es do diabo no deserto e, depois, inicia a sua vida p\u00fablica. \u00c9 por meio do Esp\u00edrito Santo recebido no Batismo que Jesus vence as tenta\u00e7\u00f5es e realiza tudo aquilo que fez em sua vida p\u00fablica.<\/p>\n<p style=\"text-align: justify;\">Jo\u00e3o Batista batizava com \u00e1gua; era um batismo de convers\u00e3o para a remiss\u00e3o dos pecados, preparando as pessoas para a chegada do Reino de Deus, enquanto Jesus batiza com a \u00e1gua e o Esp\u00edrito Santo. Deus Pai revela, ao mesmo tempo, Jesus e o Esp\u00edrito Santo no dia do Batismo. A Igreja \u00e9 s\u00e1bia e, ao longo do ano lit\u00fargico, nos apresenta os principais mist\u00e9rios da vida de Jesus. Encerra o Tempo do Natal com a Festa do Batismo, inicia o Tempo Comum ap\u00f3s o Batismo, em seguida recorda as tenta\u00e7\u00f5es que Jesus sofreu ao longo do tempo quaresmal e, depois do Tempo Pascal, retoma o Tempo Comum. Do mesmo modo que Jesus, somos convidados a anunciar a Palavra de Deus e a ser mission\u00e1rios ap\u00f3s o Batismo.<\/p>\n<p style=\"text-align: justify;\">Com a celebra\u00e7\u00e3o deste domingo, somos convidados a recordar o nosso Batismo: recordar os nossos padrinhos, a data da celebra\u00e7\u00e3o, o padre que nos batizou e a igreja em que fomos batizados. Temos que recordar o Batismo do mesmo modo que recordamos a data em que nascemos, pois, por meio do Batismo, nascemos para Deus e caminhamos na luz da f\u00e9. Temos que ser gratos, primeiramente, a Deus e, depois, aos nossos pais e padrinhos, que nos levaram para ser batizados. Que o Esp\u00edrito Santo nos conduza para edificarmos o Reino de Deus aqui na terra e vencermos as tenta\u00e7\u00f5es.<\/p>\n<p style=\"text-align: justify;\">A primeira leitura da missa dessa festa \u00e9 do livro do profeta Isa\u00edas (Is 42,1-4.6-7). Essa leitura \u00e9 de cerca de 400 anos a.C.; Isa\u00edas viveu no tempo em que o povo de Deus voltou do ex\u00edlio da Babil\u00f4nia. O trecho escolhido para hoje trata do Senhor Deus dirigindo-se ao profeta e dizendo que o escolheu para anunciar a justi\u00e7a e a liberdade a todos os povos. Deus o escolheu para abrir os olhos dos cegos, tirar os cativos da pris\u00e3o e livrar do c\u00e1rcere os que vivem nas trevas.<\/p>\n<p style=\"text-align: justify;\">Essa leitura remonta \u00e0 festa que celebramos hoje, que \u00e9 o Batismo do Senhor, pois, ap\u00f3s o Batismo de Jesus, o Esp\u00edrito Santo desceu sobre Ele em forma de pomba, e do c\u00e9u veio uma voz que dizia: <em>\u201cEis o meu Filho amado, escutai-o\u201d<\/em> (Mt 3,17). Como sabemos, muitas das coisas que Isa\u00edas profetizou se concretizam em Jesus.<\/p>\n<p style=\"text-align: justify;\">O salmo responsorial \u00e9 o 28 (29) e diz em seu refr\u00e3o:<em> \u201cQue o Senhor aben\u00e7oe, com a paz, o seu povo\u201d<\/em>. Ainda estamos no in\u00edcio do ano, e \u00e9 tempo de pedir paz a Deus, paz para toda a humanidade. Que todos os povos possam viver em paz e, juntos, construir o Reino de Deus. N\u00f3s, como batizados e batizadas, devemos ser construtores da paz.<\/p>\n<p style=\"text-align: justify;\">A segunda leitura dessa missa \u00e9 do livro dos Atos dos Ap\u00f3stolos (At 10,34-38). Pedro toma a palavra e diz que Deus n\u00e3o faz distin\u00e7\u00e3o de pessoas; ou seja, todo aquele que deseja receber o Batismo ser\u00e1 batizado e, a partir do momento em que o recebe, \u00e9 chamado a sair para anunciar o Reino de Deus e praticar a justi\u00e7a. Do mesmo modo que Jesus, ap\u00f3s o seu Batismo, saiu para anunciar o Reino e realizar grandes maravilhas porque Deus estava com Ele, do mesmo modo n\u00f3s, ao sermos batizados, temos Deus conosco e somos chamados a sair e edificar o Reino de Deus.<\/p>\n<p style=\"text-align: justify;\">O Evangelho \u00e9 de S\u00e3o Mateus (Mt 3,13-17). Esse trecho retrata o momento em que Jesus \u00e9 batizado por Jo\u00e3o no rio Jord\u00e3o. Quando Jesus se aproxima para ser batizado, Jo\u00e3o ainda questiona: <em>\u201cEu preciso ser batizado por ti, e tu vens a mim?\u201d <\/em>(Mt 3,14). Jesus diz a Jo\u00e3o que, por ora, deveriam deixar as coisas como est\u00e3o, pois a justi\u00e7a deveria ser cumprida. Jo\u00e3o concorda em batizar Jesus e, logo ap\u00f3s o Batismo, o Esp\u00edrito Santo desce sobre Ele em forma de pomba, e do c\u00e9u vem uma voz que dizia: <em>\u201cEste \u00e9 o meu Filho amado, no qual eu pus o meu agrado\u201d <\/em>(Mt 3,17).<\/p>\n<p style=\"text-align: justify;\">Era preciso que Jesus fosse batizado para que se cumprisse a Escritura. Jo\u00e3o pregava um batismo de convers\u00e3o e batizava com \u00e1gua; Jesus, diferentemente, al\u00e9m de batizar com \u00e1gua, instaura um novo batismo, ou seja, o Batismo no Esp\u00edrito Santo. Desde quando Jesus foi batizado at\u00e9 os dias de hoje, o Batismo \u00e9 dessa forma: a mat\u00e9ria \u00e9 a \u00e1gua e a f\u00f3rmula \u00e9 em nome do Pai, do Filho e do Esp\u00edrito Santo.<\/p>\n<p style=\"text-align: justify;\">Celebremos com alegria a Festa do Batismo do Senhor, recordemos a data em que fomos batizados e ajudem-nos na edifica\u00e7\u00e3o do Reino de Deus. Que essa celebra\u00e7\u00e3o da Festa do Batismo do Senhor nos ajude a ser crist\u00e3os mais comprometidos com a causa do Reino.<\/p>\n","protected":false},"excerpt":{"rendered":"<p>\u201cEste \u00e9 o meu Filho amado, no qual eu pus o meu agrado\u201d (Mt 3,13). \u00a0Celebramos neste domingo, dia 11 de janeiro, a Festa do Batismo do Senhor. Com essa festa, encerramos o Tempo do Natal e, a partir de segunda-feira, inicia-se a primeira parte do Tempo Comum. Ao longo do Tempo do Natal, acontecem [&hellip;]<\/p>\n","protected":false},"author":5,"featured_media":55819,"comment_status":"open","ping_status":"closed","sticky":false,"template":"","format":"standard","meta":{"footnotes":""},"categories":[9],"tags":[],"class_list":["post-96907","post","type-post","status-publish","format-standard","has-post-thumbnail","hentry","category-artigos"],"_links":{"self":[{"href":"https:\/\/catolicanet.net\/wp-cnet\/wp-json\/wp\/v2\/posts\/96907","targetHints":{"allow":["GET"]}}],"collection":[{"href":"https:\/\/catolicanet.net\/wp-cnet\/wp-json\/wp\/v2\/posts"}],"about":[{"href":"https:\/\/catolicanet.net\/wp-cnet\/wp-json\/wp\/v2\/types\/post"}],"author":[{"embeddable":true,"href":"https:\/\/catolicanet.net\/wp-cnet\/wp-json\/wp\/v2\/users\/5"}],"replies":[{"embeddable":true,"href":"https:\/\/catolicanet.net\/wp-cnet\/wp-json\/wp\/v2\/comments?post=96907"}],"version-history":[{"count":1,"href":"https:\/\/catolicanet.net\/wp-cnet\/wp-json\/wp\/v2\/posts\/96907\/revisions"}],"predecessor-version":[{"id":96909,"href":"https:\/\/catolicanet.net\/wp-cnet\/wp-json\/wp\/v2\/posts\/96907\/revisions\/96909"}],"wp:featuredmedia":[{"embeddable":true,"href":"https:\/\/catolicanet.net\/wp-cnet\/wp-json\/wp\/v2\/media\/55819"}],"wp:attachment":[{"href":"https:\/\/catolicanet.net\/wp-cnet\/wp-json\/wp\/v2\/media?parent=96907"}],"wp:term":[{"taxonomy":"category","embeddable":true,"href":"https:\/\/catolicanet.net\/wp-cnet\/wp-json\/wp\/v2\/categories?post=96907"},{"taxonomy":"post_tag","embeddable":true,"href":"https:\/\/catolicanet.net\/wp-cnet\/wp-json\/wp\/v2\/tags?post=96907"}],"curies":[{"name":"wp","href":"https:\/\/api.w.org\/{rel}","templated":true}]}}