{"id":96865,"date":"2026-01-07T10:10:33","date_gmt":"2026-01-07T13:10:33","guid":{"rendered":"https:\/\/catolicanet.net\/wp-cnet\/?p=96865"},"modified":"2026-01-07T10:10:33","modified_gmt":"2026-01-07T13:10:33","slug":"papa-leao-inicia-novo-ciclo-de-catequeses-sobre-o-concilio-vaticano-ii","status":"publish","type":"post","link":"https:\/\/catolicanet.net\/wp-cnet\/papa-leao-inicia-novo-ciclo-de-catequeses-sobre-o-concilio-vaticano-ii\/","title":{"rendered":"Papa Le\u00e3o inicia novo ciclo de catequeses sobre o Conc\u00edlio Vaticano II"},"content":{"rendered":"<div class=\"article__subTitle\" style=\"text-align: justify;\">A Audi\u00eancia Geral desta quarta-feira (7\/1) foi realizada na Sala Paulo VI e marcou o in\u00edcio de um percurso de releitura dos Documentos conciliares, para redescobrir a sua beleza, atualidade e for\u00e7a prof\u00e9tica para a vida da Igreja e do mundo.<\/div>\n<div class=\"title__separator\" style=\"text-align: justify;\"><\/div>\n<div class=\"article__text\">\n<p style=\"text-align: justify;\"><b>Thulio Fonseca \u2013 Vatican News<\/b><\/p>\n<div style=\"text-align: justify;\">\n<div class=\"article__embed article__embed--border embed_style\">\n<blockquote><p>\u201cIniciamos um novo ciclo de catequeses dedicado ao Conc\u00edlio Vaticano II e \u00e0 releitura dos seus Documentos. Esta \u00e9 uma preciosa oportunidade para redescobrir a beleza e a import\u00e2ncia deste evento eclesial.\u201d<\/p><\/blockquote>\n<\/div>\n<\/div>\n<p style=\"text-align: justify;\">Com estas palavras, o Papa Le\u00e3o XIV iniciou a catequese da Audi\u00eancia Geral desta quarta-feira, 7 de janeiro, realizada na Sala Paulo VI em raz\u00e3o das baixas temperaturas no hemisf\u00e9rio norte. Ap\u00f3s as reflex\u00f5es do Ano Jubilar dedicado aos mist\u00e9rios da vida de Jesus, o Santo Padre prop\u00f4s \u00e0 Igreja um novo itiner\u00e1rio de reflex\u00e3o, centrado no Conc\u00edlio Vaticano II, definido por S\u00e3o Jo\u00e3o Paulo II como \u201ca grande gra\u00e7a de que beneficiou a Igreja no s\u00e9culo XX\u201d.<\/p>\n<div style=\"text-align: justify;\">\n<div class=\"article__embed article__embed--unwrap article__embed--dark\">\n<div class=\"article__innerTitle\">Ou\u00e7a com a voz do Papa e compartilhe<\/div>\n<div>\n<!--[if lt IE 9]><script>document.createElement('audio');<\/script><![endif]-->\n<audio class=\"wp-audio-shortcode\" id=\"audio-96865-1\" preload=\"none\" style=\"width: 100%;\" controls=\"controls\"><source type=\"audio\/mpeg\" src=\"https:\/\/media.vaticannews.va\/media2\/audio\/s1\/2026\/01\/07\/11\/138945761_F138945761.mp3?_=1\" \/><a href=\"https:\/\/media.vaticannews.va\/media2\/audio\/s1\/2026\/01\/07\/11\/138945761_F138945761.mp3\">https:\/\/media.vaticannews.va\/media2\/audio\/s1\/2026\/01\/07\/11\/138945761_F138945761.mp3<\/a><\/audio>\n<\/div>\n<\/div>\n<\/div>\n<h2 style=\"text-align: justify;\">Um Conc\u00edlio que permanece atual<\/h2>\n<p style=\"text-align: justify;\">O Pont\u00edfice recordou que, em 2025, a Igreja celebra, juntamente com o anivers\u00e1rio do Conc\u00edlio de Niceia, o sexag\u00e9simo anivers\u00e1rio do Conc\u00edlio Vaticano II. Embora n\u00e3o esteja distante no tempo, observou que a gera\u00e7\u00e3o de bispos, te\u00f3logos e fi\u00e9is que participou diretamente daquele acontecimento j\u00e1 n\u00e3o est\u00e1 entre n\u00f3s. Por isso, torna-se ainda mais necess\u00e1rio redescobrir o Conc\u00edlio de maneira aut\u00eantica, n\u00e3o a partir de \u201cboatos\u201d ou leituras parciais, mas por meio da releitura atenta dos seus Documentos.<\/p>\n<p style=\"text-align: justify;\">Segundo Le\u00e3o XIV, \u00e9 precisamente nesses textos que se encontra um Magist\u00e9rio vivo, capaz de orientar ainda hoje o caminho da Igreja. Citando Bento XVI, o Papa recordou que os Documentos conciliares n\u00e3o perderam a sua atualidade; ao contr\u00e1rio, \u201cos seus ensinamentos revelam-se particularmente pertinentes\u201d diante das novas situa\u00e7\u00f5es da Igreja e da sociedade globalizada.<\/p>\n<div style=\"text-align: justify;\">\n<div class=\"article__embed article__embed--unwrap article__embed--photo\">\n<figure><picture><img decoding=\"async\" class=\"loaded\" title=\" \" src=\"https:\/\/www.vaticannews.va\/content\/dam\/vaticannews\/agenzie\/images\/srv\/2026\/01\/07\/2026-01-07-udienza-generale\/1767778005894.JPG\/_jcr_content\/renditions\/cq5dam.thumbnail.cropped.750.422.jpeg\" alt=\" \" data-original=\"\/content\/dam\/vaticannews\/agenzie\/images\/srv\/2026\/01\/07\/2026-01-07-udienza-generale\/1767778005894.JPG\/_jcr_content\/renditions\/cq5dam.thumbnail.cropped.750.422.jpeg\" data-was-processed=\"true\" \/><\/picture><\/figure>\n<div class=\"photo_embed--Title\">\u00a0 (@Vatican Media)<\/div>\n<\/div>\n<\/div>\n<h2 style=\"text-align: justify;\">O alvorecer de uma nova etapa eclesial<\/h2>\n<p style=\"text-align: justify;\">Ao evocar a abertura do Conc\u00edlio por S\u00e3o Jo\u00e3o XXIII, em 11 de outubro de 1962, o Papa lembrou a imagem do \u201calvorecer de um dia de luz\u201d para toda a Igreja. O trabalho dos Padres conciliares, provenientes de Igrejas de todos os continentes, abriu caminho para uma nova etapa da vida eclesial, amadurecida a partir de uma rica reflex\u00e3o b\u00edblica, teol\u00f3gica e lit\u00fargica desenvolvida ao longo do s\u00e9culo XX.<\/p>\n<p style=\"text-align: justify;\">O Conc\u00edlio Vaticano II, explicou o Santo Padre, redescobriu o rosto de Deus como Pai que, em Cristo, chama todos a serem seus filhos; contemplou a Igreja \u00e0 luz de Cristo, como mist\u00e9rio de comunh\u00e3o e sacramento de unidade; e promoveu uma profunda reforma lit\u00fargica, colocando no centro o mist\u00e9rio da salva\u00e7\u00e3o e a participa\u00e7\u00e3o ativa e consciente de todo o Povo de Deus. Ao mesmo tempo, ajudou a Igreja a abrir-se ao mundo contempor\u00e2neo, dialogando com os seus desafios e mudan\u00e7as.<\/p>\n<h2 style=\"text-align: justify;\">Uma Igreja chamada ao di\u00e1logo<\/h2>\n<p style=\"text-align: justify;\">O Papa recordou ainda a afirma\u00e7\u00e3o de S\u00e3o Paulo VI segundo a qual, gra\u00e7as ao Conc\u00edlio, \u201ca Igreja faz-se palavra, faz-se mensagem, faz-se col\u00f3quio\u201d. Esse impulso levou a Igreja a comprometer-se com o ecumenismo, o di\u00e1logo inter-religioso e o di\u00e1logo com todas as pessoas de boa vontade, na busca sincera da verdade. Esse mesmo esp\u00edrito, sublinhou Le\u00e3o XIV, deve continuar a caracterizar a vida espiritual e a a\u00e7\u00e3o pastoral da Igreja hoje:<\/p>\n<div style=\"text-align: justify;\">\n<div class=\"article__embed article__embed--border embed_style\">\n<blockquote><p>\u201cDevemos implementar ainda mais plenamente a reforma eclesial de modo ministerial e, perante os desafios de hoje, somos chamados a permanecer atentos int\u00e9rpretes dos sinais dos tempos, alegres anunciadores do Evangelho, corajosas testemunhas da justi\u00e7a e da paz.\u201d<\/p><\/blockquote>\n<\/div>\n<\/div>\n<div style=\"text-align: justify;\">\n<div class=\"article__embed article__embed--unwrap article__embed--photo\">\n<figure><picture><img decoding=\"async\" class=\"loaded\" title=\" \" src=\"https:\/\/www.vaticannews.va\/content\/dam\/vaticannews\/agenzie\/images\/srv\/2026\/01\/07\/2026-01-07-udienza-generale\/1767777700184.JPG\/_jcr_content\/renditions\/cq5dam.thumbnail.cropped.750.422.jpeg\" alt=\" \" data-original=\"\/content\/dam\/vaticannews\/agenzie\/images\/srv\/2026\/01\/07\/2026-01-07-udienza-generale\/1767777700184.JPG\/_jcr_content\/renditions\/cq5dam.thumbnail.cropped.750.422.jpeg\" data-was-processed=\"true\" \/><\/picture><\/figure>\n<div class=\"photo_embed--Title\">\u00a0 (@Vatican Media)<\/div>\n<\/div>\n<\/div>\n<h2 style=\"text-align: justify;\">Santidade, esperan\u00e7a e miss\u00e3o<\/h2>\n<p style=\"text-align: justify;\">Citando Dom Albino Luciani, futuro Papa Jo\u00e3o Paulo I, o Santo Padre recordou que os frutos de um Conc\u00edlio n\u00e3o dependem apenas de estruturas ou m\u00e9todos, mas de \u201cuma santidade mais profunda e mais extensa\u201d, capaz de amadurecer ao longo do tempo, inclusive em meio a dificuldades e conflitos. Redescobrir o Conc\u00edlio, acrescentou, significa devolver a primazia a Deus e ao essencial: uma Igreja apaixonada pelo Senhor e pela humanidade por Ele amada. Na parte final da catequese, o Papa retomou as palavras de S\u00e3o Paulo VI dirigidas aos Padres conciliares no encerramento do Vaticano II, recordando que chegou o tempo de partir ao encontro da humanidade para lhe anunciar o Evangelho. Um tempo que re\u00fane passado, presente e futuro, marcado pelo desejo dos povos por justi\u00e7a, paz e uma vida mais plena.<\/p>\n<p style=\"text-align: justify;\">&#8220;Ao aproximarmo-nos dos Documentos do Conc\u00edlio Vaticano II e redescobrirmos a sua profecia e atualidade, acolhemos a rica tradi\u00e7\u00e3o da vida da Igreja e, ao mesmo tempo, questionamos o presente e renovamos a alegria de correr ao encontro do mundo para levar o Evangelho do Reino de Deus, um reino de amor, de justi\u00e7a e de paz&#8221;, concluiu Le\u00e3o XIV.<\/p>\n<\/div>\n","protected":false},"excerpt":{"rendered":"<p>A Audi\u00eancia Geral desta quarta-feira (7\/1) foi realizada na Sala Paulo VI e marcou o in\u00edcio de um percurso de releitura dos Documentos conciliares, para redescobrir a sua beleza, atualidade e for\u00e7a prof\u00e9tica para a vida da Igreja e do mundo. Thulio Fonseca \u2013 Vatican News \u201cIniciamos um novo ciclo de catequeses dedicado ao Conc\u00edlio [&hellip;]<\/p>\n","protected":false},"author":1,"featured_media":96866,"comment_status":"open","ping_status":"closed","sticky":false,"template":"","format":"standard","meta":{"footnotes":""},"categories":[13,3],"tags":[],"class_list":["post-96865","post","type-post","status-publish","format-standard","has-post-thumbnail","hentry","category-featured","category-vaticano"],"_links":{"self":[{"href":"https:\/\/catolicanet.net\/wp-cnet\/wp-json\/wp\/v2\/posts\/96865","targetHints":{"allow":["GET"]}}],"collection":[{"href":"https:\/\/catolicanet.net\/wp-cnet\/wp-json\/wp\/v2\/posts"}],"about":[{"href":"https:\/\/catolicanet.net\/wp-cnet\/wp-json\/wp\/v2\/types\/post"}],"author":[{"embeddable":true,"href":"https:\/\/catolicanet.net\/wp-cnet\/wp-json\/wp\/v2\/users\/1"}],"replies":[{"embeddable":true,"href":"https:\/\/catolicanet.net\/wp-cnet\/wp-json\/wp\/v2\/comments?post=96865"}],"version-history":[{"count":1,"href":"https:\/\/catolicanet.net\/wp-cnet\/wp-json\/wp\/v2\/posts\/96865\/revisions"}],"predecessor-version":[{"id":96868,"href":"https:\/\/catolicanet.net\/wp-cnet\/wp-json\/wp\/v2\/posts\/96865\/revisions\/96868"}],"wp:featuredmedia":[{"embeddable":true,"href":"https:\/\/catolicanet.net\/wp-cnet\/wp-json\/wp\/v2\/media\/96866"}],"wp:attachment":[{"href":"https:\/\/catolicanet.net\/wp-cnet\/wp-json\/wp\/v2\/media?parent=96865"}],"wp:term":[{"taxonomy":"category","embeddable":true,"href":"https:\/\/catolicanet.net\/wp-cnet\/wp-json\/wp\/v2\/categories?post=96865"},{"taxonomy":"post_tag","embeddable":true,"href":"https:\/\/catolicanet.net\/wp-cnet\/wp-json\/wp\/v2\/tags?post=96865"}],"curies":[{"name":"wp","href":"https:\/\/api.w.org\/{rel}","templated":true}]}}