{"id":96838,"date":"2026-01-07T09:00:15","date_gmt":"2026-01-07T12:00:15","guid":{"rendered":"https:\/\/catolicanet.net\/wp-cnet\/?p=96838"},"modified":"2026-01-06T10:57:31","modified_gmt":"2026-01-06T13:57:31","slug":"trezena-de-sao-sebastiao-6","status":"publish","type":"post","link":"https:\/\/catolicanet.net\/wp-cnet\/trezena-de-sao-sebastiao-6\/","title":{"rendered":"Trezena de S\u00e3o Sebasti\u00e3o"},"content":{"rendered":"<p style=\"text-align: center;\"><em>S\u00e3o Sebasti\u00e3o, Mission\u00e1rio de comunh\u00e3o e unidade<\/em><\/p>\n<p style=\"text-align: center;\"><em>Lema: \u201cAlegres na esperan\u00e7a, fortes na tribula\u00e7\u00e3o, perseverantes na ora\u00e7\u00e3o, e enviados a miss\u00e3o\u201d<\/em><\/p>\n<p style=\"text-align: justify;\"><em>\u00a0<\/em>Iniciaremos na quarta-feira, dia 7 de janeiro de 2026, mais uma Trezena de nosso padroeiro S\u00e3o Sebasti\u00e3o, a nossa miss\u00e3o popular de in\u00edcio de ano. Ela se estender\u00e1 at\u00e9 o dia 19 e, no dia 20 de janeiro, celebraremos a grande festa de nosso padroeiro, S\u00e3o Sebasti\u00e3o, o glorioso m\u00e1rtir, protetor contra a peste, a fome e a guerra. A Igreja sempre se prepara antes da festa ou solenidade de algum santo por meio da novena, da trezena ou do tr\u00edduo, de acordo com a import\u00e2ncia daquele santo. Ao longo dos dias de prepara\u00e7\u00e3o, os fi\u00e9is s\u00e3o convidados a preparar o cora\u00e7\u00e3o e a vida para celebrar com alegria a festa desse santo.<\/p>\n<p style=\"text-align: justify;\">Ao longo do per\u00edodo da novena, trezena ou tr\u00edduo, somos convidados a conhecer mais sobre a hist\u00f3ria de vida daquele santo, a nos aprofundarmos na espiritualidade que pautava a sua vida, a procurar imitar, de alguma forma, suas atitudes, a pedir a sua intercess\u00e3o e, ainda, se poss\u00edvel, a nos aproximarmos do sacramento da Confiss\u00e3o. A novena, trezena ou tr\u00edduo pode acontecer por meio da missa ou de momentos de ora\u00e7\u00e3o e se conclui com a celebra\u00e7\u00e3o da festa do santo.<\/p>\n<p style=\"text-align: justify;\">Em nossa Arquidiocese, temos a gra\u00e7a de celebrar o nosso padroeiro logo no in\u00edcio do ano e podemos pedir a sua intercess\u00e3o por n\u00f3s junto a Deus ao longo de todo o ano. Al\u00e9m de ser o padroeiro arquidiocesano, S\u00e3o Sebasti\u00e3o \u00e9 padroeiro de nossa Catedral e da nossa cidade, cujo nome oficial \u00e9 Munic\u00edpio de S\u00e3o Sebasti\u00e3o do Rio de Janeiro, embora todos simplifiquem e a chamem apenas de Rio ou Rio de Janeiro.<\/p>\n<p style=\"text-align: justify;\">Por isso, para n\u00f3s, o m\u00eas de janeiro n\u00e3o \u00e9 simplesmente um m\u00eas de f\u00e9rias, mas um tempo especial para juntos, na medida do poss\u00edvel, celebrarmos a trezena e a festa do nosso padroeiro. Podemos pedir a S\u00e3o Sebasti\u00e3o paz para as fam\u00edlias, para a nossa cidade e para o mundo; pedir que, por sua intercess\u00e3o, sejamos livres de toda peste ou doen\u00e7as contagiosas; e, ainda, que sejamos corajosos como ele e anunciemos, sem nos cansar, o Evangelho.<\/p>\n<p style=\"text-align: justify;\">Teremos uma programa\u00e7\u00e3o intensa, como sempre, ao longo dos treze dias da trezena, visitando diversas casas, comunidades e morros, bem como igrejas, hospitais e \u00f3rg\u00e3os p\u00fablicos, culminando com a grande prociss\u00e3o e a celebra\u00e7\u00e3o em nossa Catedral Metropolitana. Durante a trezena, pedimos, sobretudo, que S\u00e3o Sebasti\u00e3o aben\u00e7oe a todos n\u00f3s e interceda junto a Deus para que derrame a paz sobre esta cidade. Como todos sabem, nos primeiros dias eu estarei respondendo ao chamado do Papa Le\u00e3o XIV para o primeiro consist\u00f3rio extraordin\u00e1rio de seu pontificado.<\/p>\n<p style=\"text-align: justify;\">O tema da Trezena deste ano de 2026 \u00e9: <em>\u201cS\u00e3o Sebasti\u00e3o, mission\u00e1rio de comunh\u00e3o e unidade\u201d<\/em>, e o lema \u00e9: <em>\u201cAlegres na esperan\u00e7a, fortes na tribula\u00e7\u00e3o, perseverantes na ora\u00e7\u00e3o e enviados \u00e0 miss\u00e3o\u201d, <\/em>que \u00e9 tamb\u00e9m o lema de nosso jubileu arquidiocesano. Somos convidados a ser disc\u00edpulos e mission\u00e1rios do Senhor desde o nosso Batismo e a anunciar a Palavra de Deus a todos. Somos chamados a pregar a comunh\u00e3o e a unidade entre todos, pois o amor de Cristo nos une. E, conforme diz o lema desta trezena, precisamos ser fortes diante dos obst\u00e1culos e tribula\u00e7\u00f5es da vida; n\u00e3o podemos desistir da ora\u00e7\u00e3o e, com confian\u00e7a, pedir a gra\u00e7a ao Senhor, que nos envia em miss\u00e3o, que \u00e9 o tema de nossa carta pastoral assinada e distribu\u00edda na 13\u00aa Festa da Unidade. A pr\u00f3pria trezena, realizada nas visitas \u00e0s casas, hospitais, asilos, \u00f3rg\u00e3os p\u00fablicos e igrejas, \u00e9 uma miss\u00e3o e alegra o cora\u00e7\u00e3o de Deus. Por isso, sejamos mission\u00e1rios do Senhor, participando com f\u00e9 e devo\u00e7\u00e3o da trezena.<\/p>\n<p style=\"text-align: justify;\">Temos ainda outro motivo para nos alegrarmos ao longo desta trezena, que tamb\u00e9m nos inspira \u00e0 ora\u00e7\u00e3o. Encerrou-se, no \u00faltimo dia 28 de dezembro, o Ano Jubilar da Esperan\u00e7a, que teve in\u00edcio no Natal de 2024 e se concluiu na Festa da Sagrada Fam\u00edlia. Com certeza, alcan\u00e7amos muitas gra\u00e7as ao longo desse ano jubilar e nos aproximamos ainda mais da miseric\u00f3rdia do Senhor. Agora, estamos vivendo o Ano Jubilar Arquidiocesano, pois celebramos os 450 anos da cria\u00e7\u00e3o da Prelazia caminhando para os 350 anos da Diocese do Rio de Janeiro e os 50 anos de nossa atual catedral. Esse ano jubilar teve in\u00edcio em julho do ano passado e se encerrar\u00e1 no dia 16 de novembro deste ano, quando celebraremos os 350 anos da eleva\u00e7\u00e3o da Prelazia \u00e0 condi\u00e7\u00e3o de Diocese de S\u00e3o Sebasti\u00e3o do Rio de Janeiro junto com os 50 anos da Catedral atual.<\/p>\n<p style=\"text-align: justify;\">Por isso, o lema desta trezena est\u00e1 em sintonia com o tema do nosso jubileu arquidiocesano. Meus irm\u00e3os, celebremos com f\u00e9 e devo\u00e7\u00e3o esta trezena; procuremos participar das celebra\u00e7\u00f5es ou rezar com os vizinhos, amigos e familiares em casa; alegremo-nos por estarmos vivendo o nosso jubileu arquidiocesano e pe\u00e7amos que as b\u00ean\u00e7\u00e3os de nosso padroeiro venham sobre n\u00f3s.<\/p>\n<p style=\"text-align: justify;\">S\u00e3o Sebasti\u00e3o, ao longo de sua vida, deu testemunho com a pr\u00f3pria vida e, em nenhum momento, negou a f\u00e9 em Jesus Cristo. Do mesmo modo, cada um de n\u00f3s \u00e9 chamado \u00e0 miss\u00e3o. Cabe a n\u00f3s dar o nosso \u201csim\u201d a Deus e testemunhar, com a vida, a f\u00e9 que professamos em Cristo. Sejamos testemunhas do Senhor em nossa casa, na comunidade, no trabalho e na escola. Que, ao longo desta trezena, possamos formar grupos de ora\u00e7\u00e3o em nossas comunidades, bairros e entre os vizinhos, rezando a Trezena de S\u00e3o Sebasti\u00e3o e acompanhando a programa\u00e7\u00e3o, participando, sempre que poss\u00edvel, onde ela estiver acontecendo.<\/p>\n<p style=\"text-align: justify;\">Nos dias de hoje somos convidados a seguir os passos de S\u00e3o Sebasti\u00e3o e a ser mensageiros do Evangelho. Que possamos anunciar a Palavra e fortalecer a f\u00e9 daqueles que est\u00e3o doentes, acamados, encarcerados, daqueles que vivem em situa\u00e7\u00e3o de rua. Enfim, somos chamados a anunciar o Evangelho em toda e qualquer situa\u00e7\u00e3o. Sejamos profetas em nosso tempo, sal da terra e luz do mundo.<\/p>\n<p style=\"text-align: justify;\">Neste ano, o dia 20 de janeiro cair\u00e1 numa ter\u00e7a-feira. Essa data, tradicionalmente, \u00e9 feriado municipal em nossa cidade, mas n\u00e3o apenas um feriado para descanso, e sim uma oportunidade de celebrar o nosso padroeiro. A festa de S\u00e3o Sebasti\u00e3o \u00e9 tamb\u00e9m um momento para pedir a sua intercess\u00e3o ao longo de todo o ano: pela vida, trabalho e miss\u00e3o der todos, pela paz em nossa cidade e no mundo. Sejamos ardorosos mensageiros do Evangelho, como foi S\u00e3o Sebasti\u00e3o, e fa\u00e7amos com que a Palavra de Deus seja difundida entre todas as fam\u00edlias.<\/p>\n<p style=\"text-align: justify;\">Participemos com alegria da Trezena de S\u00e3o Sebasti\u00e3o ao longo destes dias, confiantes de que ele continua intercedendo por nossas inten\u00e7\u00f5es. Sejamos disc\u00edpulos e mission\u00e1rios ardorosos do Senhor e, com f\u00e9 e coragem, anunciemos o Evangelho. Do mesmo modo que S\u00e3o Sebasti\u00e3o, tamb\u00e9m somos chamados por Deus e vocacionados \u00e0 miss\u00e3o!<\/p>\n","protected":false},"excerpt":{"rendered":"<p>S\u00e3o Sebasti\u00e3o, Mission\u00e1rio de comunh\u00e3o e unidade Lema: \u201cAlegres na esperan\u00e7a, fortes na tribula\u00e7\u00e3o, perseverantes na ora\u00e7\u00e3o, e enviados a miss\u00e3o\u201d \u00a0Iniciaremos na quarta-feira, dia 7 de janeiro de 2026, mais uma Trezena de nosso padroeiro S\u00e3o Sebasti\u00e3o, a nossa miss\u00e3o popular de in\u00edcio de ano. Ela se estender\u00e1 at\u00e9 o dia 19 e, no [&hellip;]<\/p>\n","protected":false},"author":5,"featured_media":55819,"comment_status":"open","ping_status":"closed","sticky":false,"template":"","format":"standard","meta":{"footnotes":""},"categories":[9],"tags":[],"class_list":["post-96838","post","type-post","status-publish","format-standard","has-post-thumbnail","hentry","category-artigos"],"_links":{"self":[{"href":"https:\/\/catolicanet.net\/wp-cnet\/wp-json\/wp\/v2\/posts\/96838","targetHints":{"allow":["GET"]}}],"collection":[{"href":"https:\/\/catolicanet.net\/wp-cnet\/wp-json\/wp\/v2\/posts"}],"about":[{"href":"https:\/\/catolicanet.net\/wp-cnet\/wp-json\/wp\/v2\/types\/post"}],"author":[{"embeddable":true,"href":"https:\/\/catolicanet.net\/wp-cnet\/wp-json\/wp\/v2\/users\/5"}],"replies":[{"embeddable":true,"href":"https:\/\/catolicanet.net\/wp-cnet\/wp-json\/wp\/v2\/comments?post=96838"}],"version-history":[{"count":1,"href":"https:\/\/catolicanet.net\/wp-cnet\/wp-json\/wp\/v2\/posts\/96838\/revisions"}],"predecessor-version":[{"id":96839,"href":"https:\/\/catolicanet.net\/wp-cnet\/wp-json\/wp\/v2\/posts\/96838\/revisions\/96839"}],"wp:featuredmedia":[{"embeddable":true,"href":"https:\/\/catolicanet.net\/wp-cnet\/wp-json\/wp\/v2\/media\/55819"}],"wp:attachment":[{"href":"https:\/\/catolicanet.net\/wp-cnet\/wp-json\/wp\/v2\/media?parent=96838"}],"wp:term":[{"taxonomy":"category","embeddable":true,"href":"https:\/\/catolicanet.net\/wp-cnet\/wp-json\/wp\/v2\/categories?post=96838"},{"taxonomy":"post_tag","embeddable":true,"href":"https:\/\/catolicanet.net\/wp-cnet\/wp-json\/wp\/v2\/tags?post=96838"}],"curies":[{"name":"wp","href":"https:\/\/api.w.org\/{rel}","templated":true}]}}