{"id":96749,"date":"2026-01-03T09:15:21","date_gmt":"2026-01-03T12:15:21","guid":{"rendered":"https:\/\/catolicanet.net\/wp-cnet\/?p=96749"},"modified":"2026-01-03T10:17:39","modified_gmt":"2026-01-03T13:17:39","slug":"os-tempos-do-verbo-desarmar-no-canto-de-paz-de-leao","status":"publish","type":"post","link":"https:\/\/catolicanet.net\/wp-cnet\/os-tempos-do-verbo-desarmar-no-canto-de-paz-de-leao\/","title":{"rendered":"Os tempos do verbo desarmar no canto de paz de Le\u00e3o"},"content":{"rendered":"<div class=\"article__subTitle\" style=\"text-align: justify;\">S\u00e3o m\u00faltiplas as declina\u00e7\u00f5es usadas por Le\u00e3o XIV em refer\u00eancia a esta palavra, estreitamente aliada \u00e0 reconcilia\u00e7\u00e3o. Repercorremos algumas reflex\u00f5es do Pont\u00edfice a partir da mensagem de 1\u00ba de janeiro<\/div>\n<div class=\"title__separator\" style=\"text-align: justify;\"><\/div>\n<div class=\"article__text\">\n<p style=\"text-align: justify;\"><b>Amedeo Lomonaco \u2013 Vatican News<\/b><\/p>\n<p style=\"text-align: justify;\">Desde os primeiros momentos do Pontificado de Le\u00e3o XIV, uma palavra recebeu imediatamente um amplo eco na m\u00eddia e entrou no cora\u00e7\u00e3o dos fi\u00e9is, dos peregrinos e na trama do Ano Santo da Esperan\u00e7a. Trata-se do verbo desarmar, conjugado pelo Papa em formas e tempos que interpelam governantes e homens de boa vontade para fazer germinar a semente da paz, especialmente em terras abaladas pela l\u00f3gica do \u00f3dio e da guerra.<\/p>\n<h2 style=\"text-align: justify;\">Desarmada<\/h2>\n<p style=\"text-align: justify;\">A paz \u00e9, antes de tudo, uma a\u00e7\u00e3o realizada. O verbo desarmar \u00e9 usado pelo Papa Le\u00e3o no partic\u00edpio passado para convidar a folhear p\u00e1ginas do Evangelho que se renovam em todos os tempos. Na\u00a0<a href=\"https:\/\/www.vatican.va\/content\/leo-xiv\/pt\/messages\/peace\/documents\/20251208-messaggio-pace.html\" rel=\"external\">mensagem para o 59\u00ba Dia Mundial da Paz<\/a>, o Pont\u00edfice ressalta que a paz do Cristo ressuscitado prov\u00e9m de Deus.<\/p>\n<p style=\"text-align: justify;\"><i>A paz de Jesus ressuscitado \u00e9\u00a0<b>desarmada<\/b>, porque desarmada foi a sua luta, dentro de precisas circunst\u00e2ncias hist\u00f3ricas, pol\u00edticas e sociais. Os crist\u00e3os devem tornar-se, juntos, testemunhas prof\u00e9ticas desta novidade, conscientes das trag\u00e9dias das quais muitas vezes foram c\u00famplices. A grande par\u00e1bola do ju\u00edzo universal convida todos os crist\u00e3os a, conscientemente, agir com miseric\u00f3rdia.<\/i><\/p>\n<h2 style=\"text-align: justify;\">Desarmante<\/h2>\n<p style=\"text-align: justify;\">A paz n\u00e3o \u00e9 uma esperan\u00e7a que expira. O Papa Le\u00e3o sublinha que esse dom \u201ctem o poder manso de iluminar e ampliar a intelig\u00eancia\u201d. Ela resiste \u00e0 viol\u00eancia \u201ce a vence\u201d. A paz \u00e9 tamb\u00e9m uma proje\u00e7\u00e3o permanente. \u201cTem o f\u00f4lego do eterno: enquanto ao mal se grita \u2018chega!\u2019, para a paz \u2014 l\u00ea-se ainda na mensagem para o Dia Mundial da Paz \u2014 sussurra-se \u2018para sempre\u2019\u201d. A verdadeira paz \u00e9 isenta de \u00f3dio e de rancor. Ela brota da bondade e da ternura.<\/p>\n<p style=\"text-align: justify;\"><i>A bondade \u00e9\u00a0<b>desarmante<\/b>. Talvez por isso Deus se tenha feito crian\u00e7a. O mist\u00e9rio da Encarna\u00e7\u00e3o, que tem o seu ponto mais extremo de esvaziamento na descida aos infernos, come\u00e7a no ventre de uma jovem m\u00e3e e manifesta-se na manjedoura de Bel\u00e9m. \u00abPaz na terra\u00bb, cantam os anjos, anunciando a presen\u00e7a de um Deus indefeso, pelo qual a humanidade s\u00f3 pode descobrir-se amada cuidando d\u2019Ele (cf. Lc 2, 13-14). Nada tem a capacidade de mudar-nos mais do que um filho.<\/i><\/p>\n<h2 style=\"text-align: justify;\">Desarmando<\/h2>\n<p style=\"text-align: justify;\">A paz n\u00e3o \u00e9 apenas uma esperan\u00e7a. Ela deve ser tamb\u00e9m uma a\u00e7\u00e3o a ser realizada para expressar uma simultaneidade entre os esfor\u00e7os e os passos concretos a serem dados para promover uma aut\u00eantica reconcilia\u00e7\u00e3o. No ger\u00fandio, o verbo desarmando \u00e9, sobretudo, um chamado a um compromisso cotidiano. No\u00a0<a href=\"https:\/\/www.vatican.va\/content\/leo-xiv\/pt\/angelus\/2026\/documents\/20260101-angelus.html\" rel=\"external\">Angelus de 1\u00ba de janeiro de 2026<\/a>, o apelo do Pont\u00edfice \u00e9 uma exorta\u00e7\u00e3o a edificar a paz todos os dias.<\/p>\n<p style=\"text-align: justify;\"><i>Car\u00edssimos, com a gra\u00e7a de Cristo, comecemos hoje a construir um ano de paz,\u00a0<b>desarmando\u00a0<\/b>os nossos cora\u00e7\u00f5es e abstendo-nos de qualquer tipo de viol\u00eancia.<\/i><\/p>\n<h2 style=\"text-align: justify;\">Desarmar<\/h2>\n<p style=\"text-align: justify;\">Na filosofia, e n\u00e3o apenas nela, o tempo infinitivo expressa um horizonte sem limites. Ao se encontrar com os\u00a0<a href=\"https:\/\/www.vatican.va\/content\/leo-xiv\/pt\/speeches\/2025\/may\/documents\/20250512-media.html\" rel=\"external\">profissionais da comunica\u00e7\u00e3o, em 12 de maio de 2025<\/a>, o Papa Le\u00e3o convidou representantes da m\u00eddia de todo o mundo a estender esse esfor\u00e7o pela paz ao cotidiano.<\/p>\n<p style=\"text-align: justify;\"><i>Desarmemos as palavras e ajudaremos a\u00a0<b>desarmar\u00a0<\/b>a Terra. Uma comunica\u00e7\u00e3o desarmada e desarmante permite-nos partilhar uma vis\u00e3o diferente do mundo e agir de forma coerente com a nossa dignidade humana<\/i><\/p>\n<h2 style=\"text-align: justify;\">Jesus n\u00e3o usa armaduras<\/h2>\n<p style=\"text-align: justify;\">A Palavra de Jesus \u00e9 desarmada. Mas a Palavra de Deus \u2014 ressalta o Papa Le\u00e3o na homilia durante a\u00a0<a href=\"https:\/\/www.vatican.va\/content\/leo-xiv\/pt\/homilies\/2025\/documents\/20251012-giubileo-spiritualita-mariana.html\" rel=\"external\">Santa Missa pelo Jubileu da espiritualidade mariana<\/a>\u00a0\u2014 \u00e9 \u201cviva\u201d e \u201ccortante\u201d, mais do que \u201cqualquer espada de dois gumes\u201d. O Pont\u00edfice recorda a hist\u00f3ria de Naaman, comandante do ex\u00e9rcito do rei da S\u00edria, mencionada no Segundo Livro dos Reis: \u201cA sua armadura, aquela mesma que lhe proporciona fama, na realidade cobre uma humanidade fr\u00e1gil, ferida, doente. Esta contradi\u00e7\u00e3o, encontramo-la frequentemente na nossa vida: \u00e0s vezes, os grandes dons constituem a armadura para encobrir grandes fragilidades\u201d. O Pont\u00edfice explica que o amor de Deus \u00e9 gratuito. \u201cSe Naaman tivesse continuado apenas a acumular medalhas para dependurar na sua armadura, acabaria por ser consumido pela lepra: aparentemente vivo, sim, mas fechado e isolado na sua doen\u00e7a\u201d. Jesus nos liberta desse perigo; Ele que n\u00e3o usa armaduras, mas nasce e morre nu;<\/p>\n<h2 style=\"text-align: justify;\">Paz desarmada e desarmante<\/h2>\n<p style=\"text-align: justify;\">In\u00fameras guerras dilaceram o mundo hoje e, em muitos pa\u00edses, prevalece a l\u00f3gica do rearmamento. Mas a esperan\u00e7a pela paz \u00e9 perseverante, pois os tempos e os ritmos da hist\u00f3ria humana est\u00e3o destinados a desarmar palavras e a\u00e7\u00f5es contra a fraternidade. Na\u00a0<a href=\"https:\/\/www.vatican.va\/content\/leo-xiv\/pt\/messages\/urbi\/documents\/20250508-prima-benedizione-urbietorbi.html\" rel=\"external\">primeira b\u00ean\u00e7\u00e3o Urbi et Orbi, em 8 de maio de 2025<\/a>, o Papa Le\u00e3o utiliza este verbo j\u00e1 em formas que, baseando-se no Evangelho, inclinam-se em dire\u00e7\u00e3o \u00e0 eternidade\u201d.<\/p>\n<p style=\"text-align: justify;\"><i>A paz esteja convosco! Esta \u00e9 a paz de Cristo Ressuscitado, uma paz desarmada e uma paz desarmante, humilde e perseverante\u201d.<\/i><\/p>\n<p style=\"text-align: justify;\">O Papa Le\u00e3o exorta a voltar o olhar para Jesus, \u201ca nossa paz\u201d. Cristo \u00e9, para o mundo, uma luz desarmada e misericordiosa que acompanha o homem em sua caminhada, inclusive e sobretudo nos momentos mais obscuros. Os governantes, em particular, s\u00e3o chamados a seguir o exemplo de Jesus e a empenhar todos os esfor\u00e7os para dar ao mundo o maior de todos os dons. Conquista-se sem armas: \u00e9 a paz.<\/p>\n<\/div>\n","protected":false},"excerpt":{"rendered":"<p>S\u00e3o m\u00faltiplas as declina\u00e7\u00f5es usadas por Le\u00e3o XIV em refer\u00eancia a esta palavra, estreitamente aliada \u00e0 reconcilia\u00e7\u00e3o. Repercorremos algumas reflex\u00f5es do Pont\u00edfice a partir da mensagem de 1\u00ba de janeiro Amedeo Lomonaco \u2013 Vatican News Desde os primeiros momentos do Pontificado de Le\u00e3o XIV, uma palavra recebeu imediatamente um amplo eco na m\u00eddia e entrou [&hellip;]<\/p>\n","protected":false},"author":1,"featured_media":96750,"comment_status":"open","ping_status":"closed","sticky":false,"template":"","format":"standard","meta":{"footnotes":""},"categories":[13,3],"tags":[],"class_list":["post-96749","post","type-post","status-publish","format-standard","has-post-thumbnail","hentry","category-featured","category-vaticano"],"_links":{"self":[{"href":"https:\/\/catolicanet.net\/wp-cnet\/wp-json\/wp\/v2\/posts\/96749","targetHints":{"allow":["GET"]}}],"collection":[{"href":"https:\/\/catolicanet.net\/wp-cnet\/wp-json\/wp\/v2\/posts"}],"about":[{"href":"https:\/\/catolicanet.net\/wp-cnet\/wp-json\/wp\/v2\/types\/post"}],"author":[{"embeddable":true,"href":"https:\/\/catolicanet.net\/wp-cnet\/wp-json\/wp\/v2\/users\/1"}],"replies":[{"embeddable":true,"href":"https:\/\/catolicanet.net\/wp-cnet\/wp-json\/wp\/v2\/comments?post=96749"}],"version-history":[{"count":1,"href":"https:\/\/catolicanet.net\/wp-cnet\/wp-json\/wp\/v2\/posts\/96749\/revisions"}],"predecessor-version":[{"id":96752,"href":"https:\/\/catolicanet.net\/wp-cnet\/wp-json\/wp\/v2\/posts\/96749\/revisions\/96752"}],"wp:featuredmedia":[{"embeddable":true,"href":"https:\/\/catolicanet.net\/wp-cnet\/wp-json\/wp\/v2\/media\/96750"}],"wp:attachment":[{"href":"https:\/\/catolicanet.net\/wp-cnet\/wp-json\/wp\/v2\/media?parent=96749"}],"wp:term":[{"taxonomy":"category","embeddable":true,"href":"https:\/\/catolicanet.net\/wp-cnet\/wp-json\/wp\/v2\/categories?post=96749"},{"taxonomy":"post_tag","embeddable":true,"href":"https:\/\/catolicanet.net\/wp-cnet\/wp-json\/wp\/v2\/tags?post=96749"}],"curies":[{"name":"wp","href":"https:\/\/api.w.org\/{rel}","templated":true}]}}