{"id":96726,"date":"2025-12-29T11:40:27","date_gmt":"2025-12-29T14:40:27","guid":{"rendered":"https:\/\/catolicanet.net\/wp-cnet\/?p=96726"},"modified":"2025-12-29T11:40:27","modified_gmt":"2025-12-29T14:40:27","slug":"projeto-social-da-cnbb-amplia-inclusao-e-bem-estar-em-2025-com-acoes-esportivas-sociais-e-de-saude-mental","status":"publish","type":"post","link":"https:\/\/catolicanet.net\/wp-cnet\/projeto-social-da-cnbb-amplia-inclusao-e-bem-estar-em-2025-com-acoes-esportivas-sociais-e-de-saude-mental\/","title":{"rendered":"Projeto social da CNBB amplia inclus\u00e3o e bem-estar em 2025 com a\u00e7\u00f5es esportivas, sociais e de sa\u00fade mental"},"content":{"rendered":"<p style=\"text-align: justify;\">O projeto social \u201cCorrendo Atr\u00e1s de Um Sonho\u201d, mantido pela Confer\u00eancia Nacional dos Bispos do Brasil (CNBB), apresentou em 2025 um balan\u00e7o positivo de suas a\u00e7\u00f5es, com impacto direto na promo\u00e7\u00e3o da inclus\u00e3o social, do bem-estar e do fortalecimento comunit\u00e1rio no Incra 8, no Distrito Federal.<\/p>\n<p style=\"text-align: justify;\">Ao longo do ano, o projeto atendeu crian\u00e7as, adolescentes, mulheres e fam\u00edlias em situa\u00e7\u00e3o de vulnerabilidade por meio de atividades esportivas, atendimento psicol\u00f3gico, oficinas de gera\u00e7\u00e3o de renda e a\u00e7\u00f5es de conviv\u00eancia comunit\u00e1ria. Entre os destaques est\u00e3o as atividades de atletismo para crian\u00e7as e adolescentes, pr\u00e1ticas f\u00edsicas voltadas para mulheres e o acompanhamento psicossocial, que contribu\u00edram para o desenvolvimento pessoal, a autoestima e a melhoria da qualidade de vida dos participantes.<\/p>\n<h3 style=\"text-align: justify;\">Eixo esportivo<\/h3>\n<p style=\"text-align: justify;\">No eixo esportivo, o projeto garantiu a participa\u00e7\u00e3o de crian\u00e7as e adolescentes em eventos como jogos escolares, corridas de rua e a Olimp\u00edada da Ceil\u00e2ndia, fortalecendo o esp\u00edrito de equipe e a integra\u00e7\u00e3o social. Em julho, foi realizado o 3\u00ba Festival Mirim Correndo Atr\u00e1s de Um Sonho, que reuniu cerca de 200 pessoas, entre elas 120 atletas mirins, seguindo as normas da Confedera\u00e7\u00e3o Brasileira de Atletismo (CBAT).<\/p>\n<p style=\"text-align: justify;\"><img loading=\"lazy\" decoding=\"async\" class=\"aligncenter wp-image-992197 \" src=\"https:\/\/www.cnbb.org.br\/wp-content\/uploads\/2025\/11\/11a-Olimpiada-de-Ceilandia-1024x576.jpeg\" sizes=\"auto, (max-width: 543px) 100vw, 543px\" srcset=\"https:\/\/www.cnbb.org.br\/wp-content\/uploads\/2025\/11\/11a-Olimpiada-de-Ceilandia-1024x576.jpeg 1024w, https:\/\/www.cnbb.org.br\/wp-content\/uploads\/2025\/11\/11a-Olimpiada-de-Ceilandia-300x169.jpeg 300w, https:\/\/www.cnbb.org.br\/wp-content\/uploads\/2025\/11\/11a-Olimpiada-de-Ceilandia-768x432.jpeg 768w, https:\/\/www.cnbb.org.br\/wp-content\/uploads\/2025\/11\/11a-Olimpiada-de-Ceilandia-1536x864.jpeg 1536w, https:\/\/www.cnbb.org.br\/wp-content\/uploads\/2025\/11\/11a-Olimpiada-de-Ceilandia-500x281.jpeg 500w, https:\/\/www.cnbb.org.br\/wp-content\/uploads\/2025\/11\/11a-Olimpiada-de-Ceilandia.jpeg 1600w\" alt=\"\" width=\"543\" height=\"306\" \/><\/p>\n<p style=\"text-align: justify;\">Outra iniciativa de destaque foi a a\u00e7\u00e3o \u201cUma Manh\u00e3 Sem Tela\u201d, que incentivou crian\u00e7as, adolescentes e adultos a vivenciarem atividades l\u00fadicas e esportivas longe do uso de celulares e computadores. O encontro tamb\u00e9m promoveu rodas de conversa sobre viol\u00eancia dom\u00e9stica e aulas de defesa pessoal para mulheres, reunindo mais de 180 participantes e fortalecendo o senso de comunidade e o empoderamento feminino.<\/p>\n<h3 style=\"text-align: justify;\">Atendimento psicol\u00f3gico e oficinas<\/h3>\n<p style=\"text-align: justify;\">No campo social, a articula\u00e7\u00e3o com o Centro de Refer\u00eancia de Assist\u00eancia Social (CRAS) possibilitou a inclus\u00e3o de uma fam\u00edlia venezuelana no Cadastro \u00danico, assegurando acesso a direitos, pol\u00edticas p\u00fablicas e programas de transfer\u00eancia de renda. J\u00e1 os atendimentos psicol\u00f3gicos beneficiaram 15 pessoas ao longo do ano, com resultados significativos na sa\u00fade mental, autonomia e fortalecimento dos v\u00ednculos sociais.<\/p>\n<div id=\"gallery-1\" class=\"gallery galleryid-993112 gallery-columns-1 gallery-size-full\" style=\"text-align: justify;\">\n<figure class=\"gallery-item\">\n<div class=\"gallery-icon landscape\"><a class=\"rl-gallery-link\" title=\"\" href=\"https:\/\/www.cnbb.org.br\/wp-content\/uploads\/2025\/11\/Padaria-artesanal.jpeg\" data-rl_title=\"\" data-rl_caption=\"\" data-rel=\"lightbox-gallery-1\"><img loading=\"lazy\" decoding=\"async\" class=\"attachment-full size-full\" src=\"https:\/\/www.cnbb.org.br\/wp-content\/uploads\/2025\/11\/Padaria-artesanal.jpeg\" sizes=\"auto, (max-width: 1280px) 100vw, 1280px\" srcset=\"https:\/\/www.cnbb.org.br\/wp-content\/uploads\/2025\/11\/Padaria-artesanal.jpeg 1280w, https:\/\/www.cnbb.org.br\/wp-content\/uploads\/2025\/11\/Padaria-artesanal-300x169.jpeg 300w, https:\/\/www.cnbb.org.br\/wp-content\/uploads\/2025\/11\/Padaria-artesanal-1024x576.jpeg 1024w, https:\/\/www.cnbb.org.br\/wp-content\/uploads\/2025\/11\/Padaria-artesanal-768x432.jpeg 768w, https:\/\/www.cnbb.org.br\/wp-content\/uploads\/2025\/11\/Padaria-artesanal-500x281.jpeg 500w\" alt=\"\" width=\"1280\" height=\"720\" \/><\/a><\/div>\n<\/figure>\n<\/div>\n<p style=\"text-align: justify;\">As oficinas de p\u00e3es artesanais e croch\u00ea, que envolveram 20 mulheres, tamb\u00e9m se destacaram por promover autoestima, integra\u00e7\u00e3o social e possibilidades concretas de gera\u00e7\u00e3o de renda. Al\u00e9m disso, os encontros mensais \u201cCh\u00e1 da Tarde\u201d fortaleceram v\u00ednculos e criaram espa\u00e7os de escuta, conviv\u00eancia e apoio m\u00fatuo entre as participantes.<\/p>\n<div id=\"gallery-2\" class=\"gallery galleryid-993112 gallery-columns-2 gallery-size-full\" style=\"text-align: justify;\">\n<figure class=\"gallery-item\">\n<div class=\"gallery-icon landscape\"><a class=\"rl-gallery-link\" title=\"\" href=\"https:\/\/www.cnbb.org.br\/wp-content\/uploads\/2025\/11\/Cha-da-tarde.jpeg\" data-rl_title=\"\" data-rl_caption=\"\" data-rel=\"lightbox-gallery-2\"><img loading=\"lazy\" decoding=\"async\" class=\"attachment-full size-full\" src=\"https:\/\/www.cnbb.org.br\/wp-content\/uploads\/2025\/11\/Cha-da-tarde.jpeg\" sizes=\"auto, (max-width: 1280px) 100vw, 1280px\" srcset=\"https:\/\/www.cnbb.org.br\/wp-content\/uploads\/2025\/11\/Cha-da-tarde.jpeg 1280w, https:\/\/www.cnbb.org.br\/wp-content\/uploads\/2025\/11\/Cha-da-tarde-300x169.jpeg 300w, https:\/\/www.cnbb.org.br\/wp-content\/uploads\/2025\/11\/Cha-da-tarde-1024x576.jpeg 1024w, https:\/\/www.cnbb.org.br\/wp-content\/uploads\/2025\/11\/Cha-da-tarde-768x432.jpeg 768w, https:\/\/www.cnbb.org.br\/wp-content\/uploads\/2025\/11\/Cha-da-tarde-500x281.jpeg 500w\" alt=\"\" width=\"1280\" height=\"720\" \/><\/a><\/div>\n<\/figure>\n<figure class=\"gallery-item\">\n<div class=\"gallery-icon landscape\"><a class=\"rl-gallery-link\" title=\"\" href=\"https:\/\/www.cnbb.org.br\/wp-content\/uploads\/2025\/11\/Evento-julino.jpeg\" data-rl_title=\"\" data-rl_caption=\"\" data-rel=\"lightbox-gallery-2\"><img loading=\"lazy\" decoding=\"async\" class=\"attachment-full size-full\" src=\"https:\/\/www.cnbb.org.br\/wp-content\/uploads\/2025\/11\/Evento-julino.jpeg\" sizes=\"auto, (max-width: 1280px) 100vw, 1280px\" srcset=\"https:\/\/www.cnbb.org.br\/wp-content\/uploads\/2025\/11\/Evento-julino.jpeg 1280w, https:\/\/www.cnbb.org.br\/wp-content\/uploads\/2025\/11\/Evento-julino-300x169.jpeg 300w, https:\/\/www.cnbb.org.br\/wp-content\/uploads\/2025\/11\/Evento-julino-1024x576.jpeg 1024w, https:\/\/www.cnbb.org.br\/wp-content\/uploads\/2025\/11\/Evento-julino-768x432.jpeg 768w, https:\/\/www.cnbb.org.br\/wp-content\/uploads\/2025\/11\/Evento-julino-500x281.jpeg 500w\" alt=\"\" width=\"1280\" height=\"720\" \/><\/a><\/div>\n<\/figure>\n<\/div>\n<p style=\"text-align: justify;\">Segundo a Assistente Social da CNBB, Ant\u00f4nia Mendes, o projeto tem ido al\u00e9m da promo\u00e7\u00e3o da sa\u00fade f\u00edsica, ao ampliar redes de apoio e oportunidades de conviv\u00eancia, especialmente para mulheres que antes vivenciavam situa\u00e7\u00f5es de isolamento. De acordo com ela, o balan\u00e7o de 2025 reafirma o compromisso da CNBB com a promo\u00e7\u00e3o da dignidade humana, da inclus\u00e3o social e da transforma\u00e7\u00e3o comunit\u00e1ria por meio de a\u00e7\u00f5es concretas e integradas.<\/p>\n","protected":false},"excerpt":{"rendered":"<p>O projeto social \u201cCorrendo Atr\u00e1s de Um Sonho\u201d, mantido pela Confer\u00eancia Nacional dos Bispos do Brasil (CNBB), apresentou em 2025 um balan\u00e7o positivo de suas a\u00e7\u00f5es, com impacto direto na promo\u00e7\u00e3o da inclus\u00e3o social, do bem-estar e do fortalecimento comunit\u00e1rio no Incra 8, no Distrito Federal. Ao longo do ano, o projeto atendeu crian\u00e7as, adolescentes, [&hellip;]<\/p>\n","protected":false},"author":1,"featured_media":96727,"comment_status":"open","ping_status":"closed","sticky":false,"template":"","format":"standard","meta":{"footnotes":""},"categories":[7],"tags":[],"class_list":["post-96726","post","type-post","status-publish","format-standard","has-post-thumbnail","hentry","category-cnbb"],"_links":{"self":[{"href":"https:\/\/catolicanet.net\/wp-cnet\/wp-json\/wp\/v2\/posts\/96726","targetHints":{"allow":["GET"]}}],"collection":[{"href":"https:\/\/catolicanet.net\/wp-cnet\/wp-json\/wp\/v2\/posts"}],"about":[{"href":"https:\/\/catolicanet.net\/wp-cnet\/wp-json\/wp\/v2\/types\/post"}],"author":[{"embeddable":true,"href":"https:\/\/catolicanet.net\/wp-cnet\/wp-json\/wp\/v2\/users\/1"}],"replies":[{"embeddable":true,"href":"https:\/\/catolicanet.net\/wp-cnet\/wp-json\/wp\/v2\/comments?post=96726"}],"version-history":[{"count":1,"href":"https:\/\/catolicanet.net\/wp-cnet\/wp-json\/wp\/v2\/posts\/96726\/revisions"}],"predecessor-version":[{"id":96729,"href":"https:\/\/catolicanet.net\/wp-cnet\/wp-json\/wp\/v2\/posts\/96726\/revisions\/96729"}],"wp:featuredmedia":[{"embeddable":true,"href":"https:\/\/catolicanet.net\/wp-cnet\/wp-json\/wp\/v2\/media\/96727"}],"wp:attachment":[{"href":"https:\/\/catolicanet.net\/wp-cnet\/wp-json\/wp\/v2\/media?parent=96726"}],"wp:term":[{"taxonomy":"category","embeddable":true,"href":"https:\/\/catolicanet.net\/wp-cnet\/wp-json\/wp\/v2\/categories?post=96726"},{"taxonomy":"post_tag","embeddable":true,"href":"https:\/\/catolicanet.net\/wp-cnet\/wp-json\/wp\/v2\/tags?post=96726"}],"curies":[{"name":"wp","href":"https:\/\/api.w.org\/{rel}","templated":true}]}}