{"id":96714,"date":"2025-12-29T11:23:15","date_gmt":"2025-12-29T14:23:15","guid":{"rendered":"https:\/\/catolicanet.net\/wp-cnet\/?p=96714"},"modified":"2025-12-29T11:23:15","modified_gmt":"2025-12-29T14:23:15","slug":"papa-leao-xiv-nossas-cidades-nao-sao-lugares-anonimos-mas-rostos-e-historias","status":"publish","type":"post","link":"https:\/\/catolicanet.net\/wp-cnet\/papa-leao-xiv-nossas-cidades-nao-sao-lugares-anonimos-mas-rostos-e-historias\/","title":{"rendered":"Papa Le\u00e3o XIV: nossas cidades n\u00e3o s\u00e3o lugares an\u00f4nimos, mas rostos e hist\u00f3rias"},"content":{"rendered":"<figure class=\"article__image\" style=\"text-align: justify;\"><span class=\"didascalia_img\">O Papa Le\u00e3o XIV, recebeu nesta segunda-feira, na Sala Clementina, no Vaticano, membros da Associa\u00e7\u00e3o Nacional dos Munic\u00edpios Italianos.\u00a0 (@Vatican Media)<\/span><\/figure>\n<div class=\"article__meta audioInside\" data-mediatype=\"\">\n<div class=\"article__subTitle\" style=\"text-align: justify;\">O Papa Le\u00e3o XIV, recebeu nesta segunda-feira, na Sala Clementina, no Vaticano, membros da Associa\u00e7\u00e3o Nacional dos Munic\u00edpios Italianos, cerca de 200 pessoas.<\/div>\n<div class=\"title__separator\" style=\"text-align: justify;\"><\/div>\n<div class=\"article__text\">\n<p style=\"text-align: justify;\"><b>Silvonei Jos\u00e9 \u2013 Vatican News<\/b><\/p>\n<p style=\"text-align: justify;\">\u201cEstou feliz por encontrar todos voc\u00eas que representam a Associa\u00e7\u00e3o Nacional dos Munic\u00edpios Italianos. Vivemos este encontro no tempo do Natal e no final de um ano jubilar: a gra\u00e7a destes dias certamente ilumina tamb\u00e9m o seu servi\u00e7o e as suas responsabilidades\u201d: foi o que disse o Papa Le\u00e3o XIV, recebendo na Sala Clementina na manh\u00e3 desta segunda-feira (29\/12), no Vaticano, membros da\u00a0<i>Associa\u00e7\u00e3o Nacional dos Munic\u00edpios Italianos,<\/i>\u00a0cerca de 200 pessoas.<\/p>\n<div style=\"text-align: justify;\">\n<div class=\"article__embed article__embed--unwrap article__embed--dark\">\n<div class=\"article__innerTitle\">Ou\u00e7a e compartilhe<\/div>\n<\/div>\n<\/div>\n<p style=\"text-align: justify;\">A encarna\u00e7\u00e3o do Filho de Deus nos faz encontrar uma crian\u00e7a, cuja fr\u00e1gil mansid\u00e3o se choca com a arrog\u00e2ncia do rei Herodes, disse o Papa. Em particular, o massacre dos inocentes por ele ordenado n\u00e3o significa apenas a perda do futuro para a sociedade, mas \u00e9 manifesta\u00e7\u00e3o de um poder desumano, que n\u00e3o conhece a beleza do amor porque ignora a dignidade da vida humana.<\/p>\n<p style=\"text-align: justify;\">O Papa Le\u00e3o destacou em seguida que, pelo contr\u00e1rio, o nascimento do Senhor revela o aspecto mais aut\u00eantico de todo poder, que \u00e9, antes de tudo, responsabilidade e servi\u00e7o. Para que qualquer autoridade possa expressar essas caracter\u00edsticas, \u00e9 necess\u00e1rio encarnar as virtudes da humildade, da honestidade e da partilha.<\/p>\n<div style=\"text-align: justify;\">\n<div class=\"article__embed article__embed--unwrap article__embed--photo\">\n<figure><picture><source srcset=\"\/content\/dam\/vaticannews\/agenzie\/images\/srv\/2025\/12\/29\/2025-12-29-membri-dell-associazione-nazionale-comuni-italiani\/1767003709061.JPG\/_jcr_content\/renditions\/cq5dam.thumbnail.cropped.1500.844.jpeg 2x, \/content\/dam\/vaticannews\/agenzie\/images\/srv\/2025\/12\/29\/2025-12-29-membri-dell-associazione-nazionale-comuni-italiani\/1767003709061.JPG\/_jcr_content\/renditions\/cq5dam.thumbnail.cropped.750.422.jpeg 1x\" media=\"(min-width: 1024px)\" data-original-set=\"\/content\/dam\/vaticannews\/agenzie\/images\/srv\/2025\/12\/29\/2025-12-29-membri-dell-associazione-nazionale-comuni-italiani\/1767003709061.JPG\/_jcr_content\/renditions\/cq5dam.thumbnail.cropped.1500.844.jpeg 2x, \/content\/dam\/vaticannews\/agenzie\/images\/srv\/2025\/12\/29\/2025-12-29-membri-dell-associazione-nazionale-comuni-italiani\/1767003709061.JPG\/_jcr_content\/renditions\/cq5dam.thumbnail.cropped.750.422.jpeg 1x\" \/><source srcset=\"\/content\/dam\/vaticannews\/agenzie\/images\/srv\/2025\/12\/29\/2025-12-29-membri-dell-associazione-nazionale-comuni-italiani\/1767003709061.JPG\/_jcr_content\/renditions\/cq5dam.thumbnail.cropped.1000.563.jpeg 2x, \/content\/dam\/vaticannews\/agenzie\/images\/srv\/2025\/12\/29\/2025-12-29-membri-dell-associazione-nazionale-comuni-italiani\/1767003709061.JPG\/_jcr_content\/renditions\/cq5dam.thumbnail.cropped.500.281.jpeg 1x\" media=\"(min-width: 768px)\" data-original-set=\"\/content\/dam\/vaticannews\/agenzie\/images\/srv\/2025\/12\/29\/2025-12-29-membri-dell-associazione-nazionale-comuni-italiani\/1767003709061.JPG\/_jcr_content\/renditions\/cq5dam.thumbnail.cropped.1000.563.jpeg 2x, \/content\/dam\/vaticannews\/agenzie\/images\/srv\/2025\/12\/29\/2025-12-29-membri-dell-associazione-nazionale-comuni-italiani\/1767003709061.JPG\/_jcr_content\/renditions\/cq5dam.thumbnail.cropped.500.281.jpeg 1x\" \/><source srcset=\"\/content\/dam\/vaticannews\/agenzie\/images\/srv\/2025\/12\/29\/2025-12-29-membri-dell-associazione-nazionale-comuni-italiani\/1767003709061.JPG\/_jcr_content\/renditions\/cq5dam.thumbnail.cropped.500.281.jpeg\" data-original-set=\"\/content\/dam\/vaticannews\/agenzie\/images\/srv\/2025\/12\/29\/2025-12-29-membri-dell-associazione-nazionale-comuni-italiani\/1767003709061.JPG\/_jcr_content\/renditions\/cq5dam.thumbnail.cropped.500.281.jpeg\" \/><img decoding=\"async\" class=\"loaded\" title=\"O Papa Le\u00e3o XIV, recebeu nesta segunda-feira, na Sala Clementina, no Vaticano, membros da Associa\u00e7\u00e3o Nacional dos Munic\u00edpios Italianos.\" src=\"https:\/\/www.vaticannews.va\/content\/dam\/vaticannews\/agenzie\/images\/srv\/2025\/12\/29\/2025-12-29-membri-dell-associazione-nazionale-comuni-italiani\/1767003709061.JPG\/_jcr_content\/renditions\/cq5dam.thumbnail.cropped.750.422.jpeg\" alt=\"O Papa Le\u00e3o XIV, recebeu nesta segunda-feira, na Sala Clementina, no Vaticano, membros da Associa\u00e7\u00e3o Nacional dos Munic\u00edpios Italianos.\" data-original=\"\/content\/dam\/vaticannews\/agenzie\/images\/srv\/2025\/12\/29\/2025-12-29-membri-dell-associazione-nazionale-comuni-italiani\/1767003709061.JPG\/_jcr_content\/renditions\/cq5dam.thumbnail.cropped.750.422.jpeg\" data-was-processed=\"true\" \/><\/picture><\/figure>\n<div class=\"photo_embed--Title\">O Papa Le\u00e3o XIV, recebeu nesta segunda-feira, na Sala Clementina, no Vaticano, membros da Associa\u00e7\u00e3o Nacional dos Munic\u00edpios Italianos. \u00a0 (@Vatican Media)<\/div>\n<\/div>\n<\/div>\n<p style=\"text-align: justify;\">O Santo Padre disse em seguida que no compromisso p\u00fablico, em particular, eles devem estar cientes da import\u00e2ncia da escuta, como din\u00e2mica social que ativa essas virtudes. Trata-se, de fato, de prestar aten\u00e7\u00e3o \u00e0s necessidades das fam\u00edlias e das pessoas, cuidando especialmente dos mais fr\u00e1geis, para o bem de todos.<\/p>\n<p style=\"text-align: justify;\">O Papa falou em seguida da crise demogr\u00e1fica e das dificuldades das fam\u00edlias e dos jovens, da solid\u00e3o dos idosos e do grito silencioso dos pobres, da polui\u00e7\u00e3o do meio ambiente e dos conflitos sociais s\u00e3o realidades que n\u00e3o os deixam indiferentes.<\/p>\n<p style=\"text-align: justify;\">\u201cEnquanto procuram dar respostas, voc\u00eas sabem bem que nossas cidades n\u00e3o s\u00e3o lugares an\u00f4nimos, mas rostos e hist\u00f3rias a serem guardados como tesouros preciosos\u201d.<\/p>\n<p style=\"text-align: justify;\">Ent\u00e3o, o Papa citou o exemplo do vener\u00e1vel Giorgio La Pira, que, num discurso aos vereadores de Floren\u00e7a, afirmou: \u201cVoc\u00eas t\u00eam apenas um direito em rela\u00e7\u00e3o a mim: o de me negar a confian\u00e7a! Mas n\u00e3o t\u00eam o direito de me dizer: Senhor Presidente da C\u00e2mara, n\u00e3o se preocupe com as pessoas sem trabalho, sem casa, sem assist\u00eancia. \u00c9 meu dever fundamental. Se h\u00e1 algu\u00e9m que sofre, tenho um dever preciso: intervir de todas as formas, com todos os recursos que o amor sugere e que a lei fornece, para que esse sofrimento seja diminu\u00eddo ou aliviado. N\u00e3o h\u00e1 outra norma de conduta para um prefeito em geral, e em particular, para um prefeito crist\u00e3o\u201d.<\/p>\n<p style=\"text-align: justify;\">O Papa destacou em seguida \u2013 citando o Papa Francisco &#8211; que \u201ca coes\u00e3o social e a harmonia c\u00edvica exigem, em primeiro lugar, ouvir os pequenos e pobres\u201d: sem esse compromisso, \u201ca democracia atrofia-se, torna-se um nominalismo, uma formalidade, perde representatividade, desencarna-se porque deixa de fora o povo na sua luta quotidiana pela dignidade, na constru\u00e7\u00e3o do seu destino\u201d. Tanto diante das dificuldades quanto em rela\u00e7\u00e3o \u00e0s oportunidades de desenvolvimento, o Papa exortou-os a se tornarem mestres da dedica\u00e7\u00e3o ao bem comum, promovendo uma alian\u00e7a social pela esperan\u00e7a, sublinhou.<\/p>\n<div style=\"text-align: justify;\">\n<div class=\"article__embed article__embed--unwrap article__embed--photo\">\n<figure><picture><source srcset=\"\/content\/dam\/vaticannews\/agenzie\/images\/srv\/2025\/12\/29\/2025-12-29-membri-dell-associazione-nazionale-comuni-italiani\/1767003717993.JPG\/_jcr_content\/renditions\/cq5dam.thumbnail.cropped.1500.844.jpeg 2x, \/content\/dam\/vaticannews\/agenzie\/images\/srv\/2025\/12\/29\/2025-12-29-membri-dell-associazione-nazionale-comuni-italiani\/1767003717993.JPG\/_jcr_content\/renditions\/cq5dam.thumbnail.cropped.750.422.jpeg 1x\" media=\"(min-width: 1024px)\" data-original-set=\"\/content\/dam\/vaticannews\/agenzie\/images\/srv\/2025\/12\/29\/2025-12-29-membri-dell-associazione-nazionale-comuni-italiani\/1767003717993.JPG\/_jcr_content\/renditions\/cq5dam.thumbnail.cropped.1500.844.jpeg 2x, \/content\/dam\/vaticannews\/agenzie\/images\/srv\/2025\/12\/29\/2025-12-29-membri-dell-associazione-nazionale-comuni-italiani\/1767003717993.JPG\/_jcr_content\/renditions\/cq5dam.thumbnail.cropped.750.422.jpeg 1x\" \/><source srcset=\"\/content\/dam\/vaticannews\/agenzie\/images\/srv\/2025\/12\/29\/2025-12-29-membri-dell-associazione-nazionale-comuni-italiani\/1767003717993.JPG\/_jcr_content\/renditions\/cq5dam.thumbnail.cropped.1000.563.jpeg 2x, \/content\/dam\/vaticannews\/agenzie\/images\/srv\/2025\/12\/29\/2025-12-29-membri-dell-associazione-nazionale-comuni-italiani\/1767003717993.JPG\/_jcr_content\/renditions\/cq5dam.thumbnail.cropped.500.281.jpeg 1x\" media=\"(min-width: 768px)\" data-original-set=\"\/content\/dam\/vaticannews\/agenzie\/images\/srv\/2025\/12\/29\/2025-12-29-membri-dell-associazione-nazionale-comuni-italiani\/1767003717993.JPG\/_jcr_content\/renditions\/cq5dam.thumbnail.cropped.1000.563.jpeg 2x, \/content\/dam\/vaticannews\/agenzie\/images\/srv\/2025\/12\/29\/2025-12-29-membri-dell-associazione-nazionale-comuni-italiani\/1767003717993.JPG\/_jcr_content\/renditions\/cq5dam.thumbnail.cropped.500.281.jpeg 1x\" \/><source srcset=\"\/content\/dam\/vaticannews\/agenzie\/images\/srv\/2025\/12\/29\/2025-12-29-membri-dell-associazione-nazionale-comuni-italiani\/1767003717993.JPG\/_jcr_content\/renditions\/cq5dam.thumbnail.cropped.500.281.jpeg\" data-original-set=\"\/content\/dam\/vaticannews\/agenzie\/images\/srv\/2025\/12\/29\/2025-12-29-membri-dell-associazione-nazionale-comuni-italiani\/1767003717993.JPG\/_jcr_content\/renditions\/cq5dam.thumbnail.cropped.500.281.jpeg\" \/><img decoding=\"async\" class=\"loaded\" title=\"O Papa Le\u00e3o XIV, recebeu nesta segunda-feira, na Sala Clementina, no Vaticano, membros da Associa\u00e7\u00e3o Nacional dos Munic\u00edpios Italianos.\" src=\"https:\/\/www.vaticannews.va\/content\/dam\/vaticannews\/agenzie\/images\/srv\/2025\/12\/29\/2025-12-29-membri-dell-associazione-nazionale-comuni-italiani\/1767003717993.JPG\/_jcr_content\/renditions\/cq5dam.thumbnail.cropped.750.422.jpeg\" alt=\"O Papa Le\u00e3o XIV, recebeu nesta segunda-feira, na Sala Clementina, no Vaticano, membros da Associa\u00e7\u00e3o Nacional dos Munic\u00edpios Italianos.\" data-original=\"\/content\/dam\/vaticannews\/agenzie\/images\/srv\/2025\/12\/29\/2025-12-29-membri-dell-associazione-nazionale-comuni-italiani\/1767003717993.JPG\/_jcr_content\/renditions\/cq5dam.thumbnail.cropped.750.422.jpeg\" data-was-processed=\"true\" \/><\/picture><\/figure>\n<div class=\"photo_embed--Title\">O Papa Le\u00e3o XIV, recebeu nesta segunda-feira, na Sala Clementina, no Vaticano, membros da Associa\u00e7\u00e3o Nacional dos Munic\u00edpios Italianos. \u00a0 (@VATICAN MEDIA)<\/div>\n<\/div>\n<\/div>\n<p style=\"text-align: justify;\">No final do Jubileu, o Papa compartilhou o importante tema, que seu amado predecessor, o Papa Francisco, &#8211; disse Le\u00e3o &#8211; indicou na Bula de convoca\u00e7\u00e3o. Todos, escreveu ele, \u201cprecisam recuperar a alegria de viver, porque o ser humano, criado \u00e0 imagem e semelhan\u00e7a de Deus, n\u00e3o pode se contentar em sobreviver ou viver precariamente, em se adaptar ao presente, deixando-se satisfazer apenas por realidades materiais.<\/p>\n<p style=\"text-align: justify;\">Isso aprisiona no individualismo e corr\u00f3i a esperan\u00e7a, gerando uma tristeza que se aninha no cora\u00e7\u00e3o, tornando-nos amargos e intolerantes\u00bb (<i>Spes non confundit<\/i>, 9).<\/p>\n<p style=\"text-align: justify;\">Infelizmente, nossas cidades conhecem formas de marginaliza\u00e7\u00e3o, viol\u00eancia e solid\u00e3o que precisam ser enfrentadas.<\/p>\n<p style=\"text-align: justify;\">O Papa Le\u00e3o ent\u00e3o chamou a aten\u00e7\u00e3o para a chaga do jogo, que arru\u00edna muitas fam\u00edlias. \u201cAs estat\u00edsticas registram um forte aumento na It\u00e1lia nos \u00faltimos anos. Como sublinha a Caritas Italiana em seu \u00faltimo Relat\u00f3rio sobre pobreza e exclus\u00e3o social, trata-se de um grave problema educacional, de sa\u00fade mental e de confian\u00e7a social.<\/p>\n<p style=\"text-align: justify;\">N\u00e3o podemos esquecer tamb\u00e9m outras formas de solid\u00e3o que afetam muitas pessoas: dist\u00farbios ps\u00edquicos, depress\u00f5es, pobreza cultural e espiritual, abandono social. S\u00e3o sinais que indicam o quanto h\u00e1 necessidade de esperan\u00e7a. Para testemunh\u00e1-la de forma eficaz, a pol\u00edtica \u00e9 chamada a tecer rela\u00e7\u00f5es autenticamente humanas entre os cidad\u00e3os, promovendo a paz social.<\/p>\n<p style=\"text-align: justify;\">Citando o sacerdote Primo Mazzolari, padre atento \u00e0 vida do seu povo, escreveu que \u201co pa\u00eds n\u00e3o precisa apenas de esgotos, casas, estradas, aquedutos, cal\u00e7adas. O pa\u00eds tamb\u00e9m precisa de uma maneira de sentir, de viver, uma maneira de se olhar, uma maneira de se unir\u201d.<\/p>\n<p style=\"text-align: justify;\">A atividade administrativa encontra assim sua plena realiza\u00e7\u00e3o, porque faz crescer os talentos das pessoas, dando profundidade cultural e espiritual \u00e0s cidades.<\/p>\n<p style=\"text-align: justify;\">O Papa concluiu pedindo a coragem de oferecer esperan\u00e7a \u00e0s pessoas, projetando juntos o melhor futuro para suas terras, na l\u00f3gica de uma promo\u00e7\u00e3o humana integral.<\/p>\n<\/div>\n<\/div>\n","protected":false},"excerpt":{"rendered":"<p>O Papa Le\u00e3o XIV, recebeu nesta segunda-feira, na Sala Clementina, no Vaticano, membros da Associa\u00e7\u00e3o Nacional dos Munic\u00edpios Italianos.\u00a0 (@Vatican Media) O Papa Le\u00e3o XIV, recebeu nesta segunda-feira, na Sala Clementina, no Vaticano, membros da Associa\u00e7\u00e3o Nacional dos Munic\u00edpios Italianos, cerca de 200 pessoas. Silvonei Jos\u00e9 \u2013 Vatican News \u201cEstou feliz por encontrar todos voc\u00eas [&hellip;]<\/p>\n","protected":false},"author":1,"featured_media":96715,"comment_status":"open","ping_status":"closed","sticky":false,"template":"","format":"standard","meta":{"footnotes":""},"categories":[13,3],"tags":[],"class_list":["post-96714","post","type-post","status-publish","format-standard","has-post-thumbnail","hentry","category-featured","category-vaticano"],"_links":{"self":[{"href":"https:\/\/catolicanet.net\/wp-cnet\/wp-json\/wp\/v2\/posts\/96714","targetHints":{"allow":["GET"]}}],"collection":[{"href":"https:\/\/catolicanet.net\/wp-cnet\/wp-json\/wp\/v2\/posts"}],"about":[{"href":"https:\/\/catolicanet.net\/wp-cnet\/wp-json\/wp\/v2\/types\/post"}],"author":[{"embeddable":true,"href":"https:\/\/catolicanet.net\/wp-cnet\/wp-json\/wp\/v2\/users\/1"}],"replies":[{"embeddable":true,"href":"https:\/\/catolicanet.net\/wp-cnet\/wp-json\/wp\/v2\/comments?post=96714"}],"version-history":[{"count":1,"href":"https:\/\/catolicanet.net\/wp-cnet\/wp-json\/wp\/v2\/posts\/96714\/revisions"}],"predecessor-version":[{"id":96717,"href":"https:\/\/catolicanet.net\/wp-cnet\/wp-json\/wp\/v2\/posts\/96714\/revisions\/96717"}],"wp:featuredmedia":[{"embeddable":true,"href":"https:\/\/catolicanet.net\/wp-cnet\/wp-json\/wp\/v2\/media\/96715"}],"wp:attachment":[{"href":"https:\/\/catolicanet.net\/wp-cnet\/wp-json\/wp\/v2\/media?parent=96714"}],"wp:term":[{"taxonomy":"category","embeddable":true,"href":"https:\/\/catolicanet.net\/wp-cnet\/wp-json\/wp\/v2\/categories?post=96714"},{"taxonomy":"post_tag","embeddable":true,"href":"https:\/\/catolicanet.net\/wp-cnet\/wp-json\/wp\/v2\/tags?post=96714"}],"curies":[{"name":"wp","href":"https:\/\/api.w.org\/{rel}","templated":true}]}}