{"id":96697,"date":"2025-12-28T10:58:20","date_gmt":"2025-12-28T13:58:20","guid":{"rendered":"https:\/\/catolicanet.net\/wp-cnet\/?p=96697"},"modified":"2025-12-29T11:01:13","modified_gmt":"2025-12-29T14:01:13","slug":"santos-inocentes-o-grito-que-ainda-ecoa-em-nosso-tempo","status":"publish","type":"post","link":"https:\/\/catolicanet.net\/wp-cnet\/santos-inocentes-o-grito-que-ainda-ecoa-em-nosso-tempo\/","title":{"rendered":"Santos Inocentes: O grito que ainda ecoa em nosso tempo"},"content":{"rendered":"<p style=\"text-align: justify;\">Ainda estamos envoltos pela luz do Natal, contemplando a do\u00e7ura do Menino Jesus na manjedoura, quando a Liturgia da Igreja, de forma abrupta e corajosa, veste-se de vermelho. No dia 28 de dezembro, celebramos os Santos Inocentes M\u00e1rtires, festa que neste ano d\u00e1 lugar a Festa da Sagrada Fam\u00edlia de Jesus Maria e Jos\u00e9. \u00c9 um contraste chocante: tr\u00eas dias ap\u00f3s celebrarmos o nascimento da Vida, recordamos a morte violenta imposta \u00e0s crian\u00e7as de Bel\u00e9m e arredores pelo rei Herodes.<\/p>\n<p style=\"text-align: justify;\">O Evangelho de Mateus \u2013 Mt 2,13-18 \u2013 nos conta que Herodes, cego pelo medo de perder seu poder terreno para o rec\u00e9m-nascido \u201cRei dos Judeus\u201d, ordenou a execu\u00e7\u00e3o de todos os meninos com menos de dois anos. O choro de Raquel, chorando seus filhos que j\u00e1 n\u00e3o existem, atravessou a hist\u00f3ria e chega aos nossos ouvidos ainda hoje.<\/p>\n<p style=\"text-align: justify;\">Celebrar os Santos Inocentes n\u00e3o \u00e9 apenas olhar para o passado com tristeza; \u00e9 olhar para o presente com responsabilidade. Quem s\u00e3o os \u201csantos inocentes\u201d de hoje? Onde est\u00e3o os novos \u201cHerodes\u201d?<\/p>\n<p style=\"text-align: justify;\">Infelizmente, a matan\u00e7a dos inocentes continua, muitas vezes de forma silenciosa e \u201clegalizada\u201d. Os inocentes de hoje s\u00e3o, primeiramente, aqueles que ainda est\u00e3o no ventre materno. O aborto \u00e9 a face moderna e cruel daquela mesma rejei\u00e7\u00e3o \u00e0 vida que Herodes demonstrou. Sempre que o ego\u00edsmo, o conforto ou o medo se sobrep\u00f5em ao direito sagrado de nascer, revivemos o drama de Bel\u00e9m. Como crist\u00e3os, somos chamados a ser a voz desses que n\u00e3o t\u00eam voz, defendendo a vida desde a concep\u00e7\u00e3o at\u00e9 o seu decl\u00ednio natural.<\/p>\n<p style=\"text-align: justify;\">Mas os inocentes de hoje tamb\u00e9m s\u00e3o as crian\u00e7as v\u00edtimas das guerras insensatas que assolam o mundo, da fome que envergonha a humanidade e da viol\u00eancia dom\u00e9stica. S\u00e3o os pequenos que sofrem com o abuso, com o abandono e com a falta de oportunidades. Cada crian\u00e7a que sofre \u00e9 um reflexo daquele Menino Jesus que teve que fugir para o Egito para sobreviver.<\/p>\n<p style=\"text-align: justify;\">No entanto, a festa de hoje n\u00e3o \u00e9 sobre o desespero, mas sobre a esperan\u00e7a que nasce da f\u00e9. A Igreja venera essas crian\u00e7as como m\u00e1rtires \u2014 \u201cflores martyrum\u201d \u2014 as primeiras flores brotadas no jardim do Salvador. Elas n\u00e3o falaram, mas testemunharam Cristo com o pr\u00f3prio sangue. Elas nos lembram que a vida humana \u00e9 sagrada e pertence a Deus.<\/p>\n<p style=\"text-align: justify;\">Neste tempo do Natal, ao olharmos para o Menino Deus, renovemos o nosso compromisso com a Cultura da Vida. Que n\u00e3o sejamos indiferentes ao choro das \u201cRaqu\u00e9is\u201d modernas. Que possamos trabalhar para construir uma sociedade onde nenhuma crian\u00e7a seja vista como uma amea\u00e7a ou um estorvo, mas como um dom precioso do Criador.<\/p>\n<p style=\"text-align: justify;\">Rezemos pelas crian\u00e7as que n\u00e3o puderam nascer, pelas que nasceram em meio \u00e0 mis\u00e9ria e pelas que sofrem a viol\u00eancia dos adultos. Que os Santos Inocentes intercedam por n\u00f3s e despertem em nossos cora\u00e7\u00f5es a coragem de proteger os pequeninos, seguindo o exemplo de S\u00e3o Jos\u00e9, o guardi\u00e3o da vida.<\/p>\n<p style=\"text-align: justify;\">A todos, a minha b\u00ean\u00e7\u00e3o e o desejo de que a luz de Cristo ven\u00e7a todas as sombras de morte.<\/p>\n","protected":false},"excerpt":{"rendered":"<p>Ainda estamos envoltos pela luz do Natal, contemplando a do\u00e7ura do Menino Jesus na manjedoura, quando a Liturgia da Igreja, de forma abrupta e corajosa, veste-se de vermelho. No dia 28 de dezembro, celebramos os Santos Inocentes M\u00e1rtires, festa que neste ano d\u00e1 lugar a Festa da Sagrada Fam\u00edlia de Jesus Maria e Jos\u00e9. \u00c9 [&hellip;]<\/p>\n","protected":false},"author":53272,"featured_media":92837,"comment_status":"open","ping_status":"closed","sticky":false,"template":"","format":"standard","meta":{"footnotes":""},"categories":[9],"tags":[],"class_list":["post-96697","post","type-post","status-publish","format-standard","has-post-thumbnail","hentry","category-artigos"],"_links":{"self":[{"href":"https:\/\/catolicanet.net\/wp-cnet\/wp-json\/wp\/v2\/posts\/96697","targetHints":{"allow":["GET"]}}],"collection":[{"href":"https:\/\/catolicanet.net\/wp-cnet\/wp-json\/wp\/v2\/posts"}],"about":[{"href":"https:\/\/catolicanet.net\/wp-cnet\/wp-json\/wp\/v2\/types\/post"}],"author":[{"embeddable":true,"href":"https:\/\/catolicanet.net\/wp-cnet\/wp-json\/wp\/v2\/users\/53272"}],"replies":[{"embeddable":true,"href":"https:\/\/catolicanet.net\/wp-cnet\/wp-json\/wp\/v2\/comments?post=96697"}],"version-history":[{"count":1,"href":"https:\/\/catolicanet.net\/wp-cnet\/wp-json\/wp\/v2\/posts\/96697\/revisions"}],"predecessor-version":[{"id":96699,"href":"https:\/\/catolicanet.net\/wp-cnet\/wp-json\/wp\/v2\/posts\/96697\/revisions\/96699"}],"wp:featuredmedia":[{"embeddable":true,"href":"https:\/\/catolicanet.net\/wp-cnet\/wp-json\/wp\/v2\/media\/92837"}],"wp:attachment":[{"href":"https:\/\/catolicanet.net\/wp-cnet\/wp-json\/wp\/v2\/media?parent=96697"}],"wp:term":[{"taxonomy":"category","embeddable":true,"href":"https:\/\/catolicanet.net\/wp-cnet\/wp-json\/wp\/v2\/categories?post=96697"},{"taxonomy":"post_tag","embeddable":true,"href":"https:\/\/catolicanet.net\/wp-cnet\/wp-json\/wp\/v2\/tags?post=96697"}],"curies":[{"name":"wp","href":"https:\/\/api.w.org\/{rel}","templated":true}]}}