{"id":96694,"date":"2025-12-28T10:55:36","date_gmt":"2025-12-28T13:55:36","guid":{"rendered":"https:\/\/catolicanet.net\/wp-cnet\/?p=96694"},"modified":"2025-12-29T10:58:00","modified_gmt":"2025-12-29T13:58:00","slug":"a-sagrada-familia-de-jesus-maria-e-jose-abencoadas-sejam-todas-as-familias","status":"publish","type":"post","link":"https:\/\/catolicanet.net\/wp-cnet\/a-sagrada-familia-de-jesus-maria-e-jose-abencoadas-sejam-todas-as-familias\/","title":{"rendered":"A Sagrada Fam\u00edlia de Jesus, Maria e Jos\u00e9! Aben\u00e7oadas sejam todas as fam\u00edlias!"},"content":{"rendered":"<p style=\"text-align: justify;\">Dentro dos encantamentos do mist\u00e9rio celebrado do Natal a Igreja, M\u00e3e e Mestra, nos presenteia com a Festa da Sagrada Fam\u00edlia. O Deus que se vestiu de menino fr\u00e1gil e se apresentou aos homens no pres\u00e9pio de Bel\u00e9m encontrou abrigo numa fam\u00edlia humana, a fam\u00edlia de Jos\u00e9 e de Maria, dois jovens esposos de Nazar\u00e9, uma aldeia situada nas colinas da Galileia. Neste domingo, ainda em contexto de celebra\u00e7\u00e3o do Natal do Senhor, a liturgia convida-nos a olhar para essa Sagrada Fam\u00edlia; e prop\u00f5e-nos que a vejamos como exemplo e modelo das nossas comunidades familiares.<\/p>\n<p style=\"text-align: justify;\">Na primeira leitura \u2013 Eclo 3,3,2-7.14-17a \u2013 um s\u00e1bio israelita do s\u00e9c. II a.C., empenhado em preservar os valores tradicionais do seu povo, convida os seus concidad\u00e3os a amarem e a honrarem os pais em todos os momentos da vida. Garante que Deus n\u00e3o esquecer\u00e1 aqueles que assim procederem. Amar, acolher e respeitar os pais \u2013 e os idosos \u2013, al\u00e9m de ser direito deles e um dever, traz benef\u00edcios aos pr\u00f3prios filhos. Honrar significa amar, perdoar, respeitar, ajudar nas necessidades. Amando e honrado aos pais, estaremos amando e honrando o pr\u00f3prio Deus, Pai de todos. O autor sagrado discorre melhor sobre o Mandamento de honrar pai e m\u00e3e: \u201cQuem honra o seu pai, alcan\u00e7a o perd\u00e3o de seus pecados\u201d (Eclo 3,4a); e ainda: \u201cQuem respeita a sua m\u00e3e \u00e9 como algu\u00e9m que ajunta tesouros\u201d (Eclo 3,5).<\/p>\n<p style=\"text-align: justify;\">Na segunda leitura \u2013 Cl 3,12-21 \u2013 Paulo de Tarso lembra-nos que a op\u00e7\u00e3o por Cristo deve traduzir-se, na vida do dia a dia, em comportamentos compat\u00edveis com a realidade do Homem Novo. Vivendo ao ritmo do amor, conforme as indica\u00e7\u00f5es de Cristo, devemos vestir-nos \u201cde sentimentos de miseric\u00f3rdia, de bondade, humildade, mansid\u00e3o e paci\u00eancia\u201d, cuidando uns dos outros e perdoando as debilidades dos irm\u00e3os. Dessa forma seremos no mundo testemunhas e arautos da fraternidade. S\u00e3o Paulo prop\u00f5e a conviv\u00eancia fraterna na fam\u00edlia e na comunidade. O ideal da fam\u00edlia \u00e9 viver em unidade e em amor partilhado. Na fam\u00edlia n\u00e3o pode faltar miseric\u00f3rdia, bondade, paci\u00eancia e perd\u00e3o. O texto conclui com um conselho a cada membro da fam\u00edlia, para que todos possam viver no amor, no respeito e na paz.<\/p>\n<p style=\"text-align: justify;\">No Evangelho \u2013 Mt 2,13-15.19-23 \u2013 Mateus oferece-nos uma \u201cfoto\u201d a cores da fam\u00edlia de Jesus. \u00c9, antes de mais, uma fam\u00edlia que conta com Deus e que vive de Deus: escuta as indica\u00e7\u00f5es de Deus, aceita percorrer os caminhos de Deus, confia incondicionalmente em Deus. \u00c9, tamb\u00e9m, uma fam\u00edlia unida, solid\u00e1ria, fraterna, onde cada um pode contar com o apoio incondicional dos outros, onde ningu\u00e9m \u00e9 descartado e deixado para tr\u00e1s, onde cada um \u00e9 querido, cuidado, protegido e amado. \u00c9 assim que se constr\u00f3i uma fam\u00edlia capaz de superar todas as provas e crises que a vida trouxer.<\/p>\n<p style=\"text-align: justify;\">O Evangelho mostra o destino de Jesus, que desde crian\u00e7a \u00e9 rejeitado e perseguido pelos poderosos e procurado e querido pelo povo. Como todas as outras, a Fam\u00edlia de Nazar\u00e9 n\u00e3o est\u00e1 isenta das tribula\u00e7\u00f5es. Sua realidade lembra a das fam\u00edlias de todos os tempos, perseguidas pela viol\u00eancia, sem-terra, sem moradia e sem trabalho.<\/p>\n<p style=\"text-align: justify;\">Destaquemos, com letras de ouro, o papel fundamental de Jos\u00e9, quando o Anjo ordena-lhe: \u201cLevanta-te, pega o menino e sua m\u00e3e e foge para o Egito!\u201d (Mt 2,13). Esta fuga recorda o antigo \u00eaxodo. A seu tempo, Jesus, o novo Mois\u00e9s, partir\u00e1 da Galileia para um novo \u00eaxodo. Muitos, desde os tempos de Jesus, continuam experimentando a experi\u00eancia da fuga porque onde se encontram h\u00e1 perigo, guerra e viol\u00eancia. Estas pessoas, como a Sagrada Fam\u00edlia, experimentam a precariedade, o medo e a dor de ter de deixar for\u00e7osamente seu lugar de origem. Herodes e Jos\u00e9 s\u00e3o dois personagens opostos, que refletem os dois lados da humanidade. Herodes importa-se apenas com a defesa do seu poder a todo custo, mesmo que, para tanto, seja necess\u00e1rio empregar a viol\u00eancia para mant\u00ea-lo. \u00c9 pessoa prepotente. Jos\u00e9, de sua parte, enfrenta todos os tipos de dificuldades para defender a vida de Jesus e de Maria. Sua atitude nos ensina que, para enfrentar as dificuldades, \u00e9 necess\u00e1rio coragem. \u00c9 pessoa justa e corajosa.<\/p>\n<p style=\"text-align: justify;\">Que as fam\u00edlias \u2013 nas dolorosas situa\u00e7\u00f5es de tantas divis\u00f5es hodiernas, potencializadas pelas redes sociais, possam ser sacr\u00e1rio da vida e tabern\u00e1culo da miseric\u00f3rdia, da compaix\u00e3o, da partilha e da santidade. As fam\u00edlias t\u00eam a insubstitu\u00edvel miss\u00e3o de ser sal na terra e luz no mundo. A Igreja e o mundo precisam de seiva que vem das fam\u00edlias, tal qual a \u00e1rvore da \u00e1gua. Que a coragem de S\u00e3o Jos\u00e9 seja fonte de inspira\u00e7\u00e3o para as nossas fam\u00edlias.<\/p>\n<p style=\"text-align: justify;\">Que Jesus, Maria e Jos\u00e9 sejam verdadeiras luzes a iluminar nossos dilemas humanos de hoje e que possamos \u2013 enquanto fam\u00edlia \u2013 imitar seus exemplos de vida, confian\u00e7a absoluta em Deus e de f\u00e9.<\/p>\n","protected":false},"excerpt":{"rendered":"<p>Dentro dos encantamentos do mist\u00e9rio celebrado do Natal a Igreja, M\u00e3e e Mestra, nos presenteia com a Festa da Sagrada Fam\u00edlia. O Deus que se vestiu de menino fr\u00e1gil e se apresentou aos homens no pres\u00e9pio de Bel\u00e9m encontrou abrigo numa fam\u00edlia humana, a fam\u00edlia de Jos\u00e9 e de Maria, dois jovens esposos de Nazar\u00e9, [&hellip;]<\/p>\n","protected":false},"author":53272,"featured_media":92837,"comment_status":"open","ping_status":"closed","sticky":false,"template":"","format":"standard","meta":{"footnotes":""},"categories":[9],"tags":[],"class_list":["post-96694","post","type-post","status-publish","format-standard","has-post-thumbnail","hentry","category-artigos"],"_links":{"self":[{"href":"https:\/\/catolicanet.net\/wp-cnet\/wp-json\/wp\/v2\/posts\/96694","targetHints":{"allow":["GET"]}}],"collection":[{"href":"https:\/\/catolicanet.net\/wp-cnet\/wp-json\/wp\/v2\/posts"}],"about":[{"href":"https:\/\/catolicanet.net\/wp-cnet\/wp-json\/wp\/v2\/types\/post"}],"author":[{"embeddable":true,"href":"https:\/\/catolicanet.net\/wp-cnet\/wp-json\/wp\/v2\/users\/53272"}],"replies":[{"embeddable":true,"href":"https:\/\/catolicanet.net\/wp-cnet\/wp-json\/wp\/v2\/comments?post=96694"}],"version-history":[{"count":1,"href":"https:\/\/catolicanet.net\/wp-cnet\/wp-json\/wp\/v2\/posts\/96694\/revisions"}],"predecessor-version":[{"id":96696,"href":"https:\/\/catolicanet.net\/wp-cnet\/wp-json\/wp\/v2\/posts\/96694\/revisions\/96696"}],"wp:featuredmedia":[{"embeddable":true,"href":"https:\/\/catolicanet.net\/wp-cnet\/wp-json\/wp\/v2\/media\/92837"}],"wp:attachment":[{"href":"https:\/\/catolicanet.net\/wp-cnet\/wp-json\/wp\/v2\/media?parent=96694"}],"wp:term":[{"taxonomy":"category","embeddable":true,"href":"https:\/\/catolicanet.net\/wp-cnet\/wp-json\/wp\/v2\/categories?post=96694"},{"taxonomy":"post_tag","embeddable":true,"href":"https:\/\/catolicanet.net\/wp-cnet\/wp-json\/wp\/v2\/tags?post=96694"}],"curies":[{"name":"wp","href":"https:\/\/api.w.org\/{rel}","templated":true}]}}