{"id":96679,"date":"2025-12-27T12:18:03","date_gmt":"2025-12-27T15:18:03","guid":{"rendered":"https:\/\/catolicanet.net\/wp-cnet\/?p=96679"},"modified":"2025-12-27T12:18:03","modified_gmt":"2025-12-27T15:18:03","slug":"por-que-sao-joao-evangelista-e-celebrado-apos-o-natal","status":"publish","type":"post","link":"https:\/\/catolicanet.net\/wp-cnet\/por-que-sao-joao-evangelista-e-celebrado-apos-o-natal\/","title":{"rendered":"Por que S\u00e3o Jo\u00e3o Evangelista \u00e9 celebrado ap\u00f3s o Natal"},"content":{"rendered":"<p style=\"text-align: justify;\">Alguns especialistas apontaram a \u00eanfase de S\u00e3o Jo\u00e3o na divindade de Cristo em seu Evangelho como uma raz\u00e3o apropriada para celebr\u00e1-lo na oitava do Natal<\/p>\n<div class=\"  \" style=\"text-align: justify;\">\n<p>s dois primeiros santos celebrados durante a oitava do Natal n\u00e3o est\u00e3o diretamente ligados ao Natal de Jesus Cristo, mas s\u00e3o inseridos nesta \u00e9poca do ano em reconhecimento aos seus extraordin\u00e1rios exemplos de santidade.\u00a0A festa de Santo Est\u00eav\u00e3o, em 26 de dezembro, \u00e9 seguida pela de S\u00e3o Jo\u00e3o Evangelista, em 27 de dezembro.<\/p>\n<\/div>\n<h2 class=\"Heading_heading__PlVsb\" style=\"text-align: justify;\">\u00canfase na divindade de Cristo<\/h2>\n<div class=\"  \" style=\"text-align: justify;\">\n<p>Em primeiro lugar, alguns especialistas apontaram a \u00eanfase de S\u00e3o Jo\u00e3o na divindade de Cristo em seu Evangelho como uma raz\u00e3o apropriada para celebr\u00e1-lo na oitava do Natal.<\/p>\n<\/div>\n<div class=\"  \" style=\"text-align: justify;\">\n<p>O\u00a0<em>St. Andrew Daily Missal<\/em>\u00a0mostra esse ponto em seu coment\u00e1rio acerca da festa:<\/p>\n<\/div>\n<blockquote class=\"Quote_container__XMwM_\">\n<div class=\"  \">\n<p>&#8220;\u00c9 a Deus que adoramos em Bel\u00e9m na \u00e9poca do Natal. Assim, era natural que S\u00e3o Jo\u00e3o, o principal evangelista da divindade de Cristo, fosse encontrado ao lado do pres\u00e9pio, para revelar a grandeza do Menino que nele repousa.&#8221;<\/p>\n<\/div>\n<\/blockquote>\n<h2 class=\"Heading_heading__PlVsb\" style=\"text-align: justify;\">Pr\u00edncipe das virgens<\/h2>\n<div class=\"  \" style=\"text-align: justify;\">\n<p>Dom Prosper Gu\u00e9ranger aborda uma quest\u00e3o diferente em seu\u00a0livro\u00a0<em>Liturgical Year<\/em>, explicando que S\u00e3o Jo\u00e3o \u00e9 homenageado por seu exemplo de amor virginal:<\/p>\n<\/div>\n<div class=\"  \" style=\"text-align: justify;\">\n<p>&#8220;<em>Mais perto do pres\u00e9pio de Jesus, depois de Est\u00eav\u00e3o, est\u00e1 o ap\u00f3stolo Jo\u00e3o e Evangelista. Era justo que fosse atribu\u00eddo o primeiro lugar \u00e0quele que amou tanto a seu Deus que derramou seu sangue em seu servi\u00e7o &#8230; Mas depois do sacrif\u00edcio de Sangue, o mais nobre, o mais valente e o que mais conquista o cora\u00e7\u00e3o d&#8217;Ele, que \u00e9 a Esposa das almas, \u00e9 o sacrif\u00edcio da Virgindade<\/em>.&#8221;<\/p>\n<\/div>\n<div style=\"text-align: justify;\"><\/div>\n<div class=\"  \" style=\"text-align: justify;\">\n<p><em>Agora, assim como Santo Est\u00eav\u00e3o \u00e9 considerado m\u00e1rtir, S\u00e3o Jo\u00e3o \u00e9 homenageado como o\u00a0<strong>Pr\u00edncipe das Virgens<\/strong>. O mart\u00edrio conquistou para Est\u00eav\u00e3o a Coroa e a palma, a virgindade mereceu para Jo\u00e3o as prerrogativas mais singulares que, ao mesmo tempo em que mostram qu\u00e3o querida a Deus \u00e9 a santa castidade, colocam este disc\u00edpulo entre aqueles que, por sua dignidade e influ\u00eancia, est\u00e3o acima dos demais homens<\/em>.&#8221;<\/p>\n<\/div>\n<div class=\"  \" style=\"text-align: justify;\">\n<p>\u00c9 este amor puro que deu a S\u00e3o Jo\u00e3o a for\u00e7a para ficar ao lado de Cristo aos p\u00e9s da cruz, quando todos os outros ap\u00f3stolos se dispersaram.<\/p>\n<\/div>\n<div class=\"  \">\n<p style=\"text-align: justify;\">Enquanto refletimos sobre os mist\u00e9rios do Natal, aguardamos o ato supremo de salva\u00e7\u00e3o de Jesus, seu sacrif\u00edcio na cruz.<\/p>\n<\/div>\n","protected":false},"excerpt":{"rendered":"<p>Alguns especialistas apontaram a \u00eanfase de S\u00e3o Jo\u00e3o na divindade de Cristo em seu Evangelho como uma raz\u00e3o apropriada para celebr\u00e1-lo na oitava do Natal s dois primeiros santos celebrados durante a oitava do Natal n\u00e3o est\u00e3o diretamente ligados ao Natal de Jesus Cristo, mas s\u00e3o inseridos nesta \u00e9poca do ano em reconhecimento aos seus [&hellip;]<\/p>\n","protected":false},"author":1,"featured_media":96680,"comment_status":"open","ping_status":"closed","sticky":false,"template":"","format":"standard","meta":{"footnotes":""},"categories":[4],"tags":[],"class_list":["post-96679","post","type-post","status-publish","format-standard","has-post-thumbnail","hentry","category-cotidiano"],"_links":{"self":[{"href":"https:\/\/catolicanet.net\/wp-cnet\/wp-json\/wp\/v2\/posts\/96679","targetHints":{"allow":["GET"]}}],"collection":[{"href":"https:\/\/catolicanet.net\/wp-cnet\/wp-json\/wp\/v2\/posts"}],"about":[{"href":"https:\/\/catolicanet.net\/wp-cnet\/wp-json\/wp\/v2\/types\/post"}],"author":[{"embeddable":true,"href":"https:\/\/catolicanet.net\/wp-cnet\/wp-json\/wp\/v2\/users\/1"}],"replies":[{"embeddable":true,"href":"https:\/\/catolicanet.net\/wp-cnet\/wp-json\/wp\/v2\/comments?post=96679"}],"version-history":[{"count":1,"href":"https:\/\/catolicanet.net\/wp-cnet\/wp-json\/wp\/v2\/posts\/96679\/revisions"}],"predecessor-version":[{"id":96682,"href":"https:\/\/catolicanet.net\/wp-cnet\/wp-json\/wp\/v2\/posts\/96679\/revisions\/96682"}],"wp:featuredmedia":[{"embeddable":true,"href":"https:\/\/catolicanet.net\/wp-cnet\/wp-json\/wp\/v2\/media\/96680"}],"wp:attachment":[{"href":"https:\/\/catolicanet.net\/wp-cnet\/wp-json\/wp\/v2\/media?parent=96679"}],"wp:term":[{"taxonomy":"category","embeddable":true,"href":"https:\/\/catolicanet.net\/wp-cnet\/wp-json\/wp\/v2\/categories?post=96679"},{"taxonomy":"post_tag","embeddable":true,"href":"https:\/\/catolicanet.net\/wp-cnet\/wp-json\/wp\/v2\/tags?post=96679"}],"curies":[{"name":"wp","href":"https:\/\/api.w.org\/{rel}","templated":true}]}}