{"id":96653,"date":"2025-12-28T09:51:15","date_gmt":"2025-12-28T12:51:15","guid":{"rendered":"https:\/\/catolicanet.net\/wp-cnet\/?p=96653"},"modified":"2025-12-27T11:55:09","modified_gmt":"2025-12-27T14:55:09","slug":"domingo-da-sagrada-familia-mt-213-15-19-23","status":"publish","type":"post","link":"https:\/\/catolicanet.net\/wp-cnet\/domingo-da-sagrada-familia-mt-213-15-19-23\/","title":{"rendered":"Domingo da Sagrada Fam\u00edlia (Mt 2,13-15.19-23)."},"content":{"rendered":"<p style=\"text-align: justify;\"><strong><em>Texto referencial: \u201clevanta-te, pega o menino e foge para o Egito! Fica l\u00e1 at\u00e9 que eu te avise. Pois Herodes vai procurar o menino para mat\u00e1-lo. (Mt 2,13).<\/em><\/strong><\/p>\n<p style=\"text-align: justify;\">1 \u2013 Toda verdadeira fam\u00edlia \u00e9 sagrada. \u00c9 aben\u00e7oada. Invej\u00e1vel. A de Jesus, Maria e Jos\u00e9, no entanto o \u00e9 de modo especial\u00edssimo. Trata-se da fam\u00edlia, que Deus Pai escolheu para encarna\u00e7\u00e3o do verbo eterno. Desde toda a eternidade, Ele a pensou, a preparou, e no tempo determinado a constituiu. Sem exagero, ela foi um pouco do c\u00e9u na terra. Nela faltaram conforto, bens materiais e outros, contudo n\u00e3o o amor e, a felicidade e a santidade. Se a fam\u00edlia \u00e9 patrim\u00f4nio da humanidade (Bento XVI), ent\u00e3o, aquela de Nazar\u00e9, foi ent\u00e3o patrim\u00f4nio dos c\u00e9us.\u00a0 Jesus renunciou a estas coisas belas deste mundo, mas n\u00e3o quis renunciar a alegria de possuir uma m\u00e3e e nem de ter um pai, mesmo que adotivo. Ele, podia chamar Maria de m\u00e3e e ela, podia cham\u00e1-lo de filho.<\/p>\n<p style=\"text-align: justify;\">2 \u2013 Ser pai ou ser m\u00e3e n\u00e3o \u00e9 era quest\u00e3o biol\u00f3gica. \u00c9 voca\u00e7\u00e3o. \u00c9 miss\u00e3o. Ela \u00e9 formadora de personalidades, de her\u00f3is, de santos. \u00c9 preciso recuperar o sentido do aconchego familiar: o lar. Infelizmente, nosso mundo corre demais ao encontro de ter e do prazer. Os filhos n\u00e3o precisam tanto de celulares, mas de um lar, onde o sentido de viver e conviver \u00e9 sens\u00edvel. Constat\u00e1vel.<\/p>\n<p style=\"text-align: justify;\">3 \u2013 Porque tantos filhos se atiram as drogas, fogem de casa ou at\u00e9 atentam contra a pr\u00f3pria vida ou a dos pais? Por que tanta revolta na sociedade? N\u00e3o sou pessimista, mas falta os valores morais e religiosos, na realidade de nossa sociedade. \u00c9 preciso recuperar a grandeza e o tesouro da fam\u00edlia. Urgentemente. Flores podem nascer, at\u00e9 em p\u00e2ntanos, mas dificilmente pessoas felizes procedem de lares mal ou precariamente constitu\u00eddas.<\/p>\n<p style=\"text-align: justify;\">4 \u2013 Celebramos amorosa e alegremente a festa da Sagrada Fam\u00edlia. Ela \u00e9 referencial para todos os s\u00e9culos. Mudam os tempos, as culturas, mas a fam\u00edlia deve continuar a ser sempre uma verdadeira escola de virtudes, um santu\u00e1rio o de possam desabrochar personalidades.<\/p>\n","protected":false},"excerpt":{"rendered":"<p>Texto referencial: \u201clevanta-te, pega o menino e foge para o Egito! Fica l\u00e1 at\u00e9 que eu te avise. Pois Herodes vai procurar o menino para mat\u00e1-lo. (Mt 2,13). 1 \u2013 Toda verdadeira fam\u00edlia \u00e9 sagrada. \u00c9 aben\u00e7oada. Invej\u00e1vel. A de Jesus, Maria e Jos\u00e9, no entanto o \u00e9 de modo especial\u00edssimo. Trata-se da fam\u00edlia, que [&hellip;]<\/p>\n","protected":false},"author":119,"featured_media":77698,"comment_status":"open","ping_status":"closed","sticky":false,"template":"","format":"standard","meta":{"footnotes":""},"categories":[9],"tags":[],"class_list":["post-96653","post","type-post","status-publish","format-standard","has-post-thumbnail","hentry","category-artigos"],"_links":{"self":[{"href":"https:\/\/catolicanet.net\/wp-cnet\/wp-json\/wp\/v2\/posts\/96653","targetHints":{"allow":["GET"]}}],"collection":[{"href":"https:\/\/catolicanet.net\/wp-cnet\/wp-json\/wp\/v2\/posts"}],"about":[{"href":"https:\/\/catolicanet.net\/wp-cnet\/wp-json\/wp\/v2\/types\/post"}],"author":[{"embeddable":true,"href":"https:\/\/catolicanet.net\/wp-cnet\/wp-json\/wp\/v2\/users\/119"}],"replies":[{"embeddable":true,"href":"https:\/\/catolicanet.net\/wp-cnet\/wp-json\/wp\/v2\/comments?post=96653"}],"version-history":[{"count":1,"href":"https:\/\/catolicanet.net\/wp-cnet\/wp-json\/wp\/v2\/posts\/96653\/revisions"}],"predecessor-version":[{"id":96654,"href":"https:\/\/catolicanet.net\/wp-cnet\/wp-json\/wp\/v2\/posts\/96653\/revisions\/96654"}],"wp:featuredmedia":[{"embeddable":true,"href":"https:\/\/catolicanet.net\/wp-cnet\/wp-json\/wp\/v2\/media\/77698"}],"wp:attachment":[{"href":"https:\/\/catolicanet.net\/wp-cnet\/wp-json\/wp\/v2\/media?parent=96653"}],"wp:term":[{"taxonomy":"category","embeddable":true,"href":"https:\/\/catolicanet.net\/wp-cnet\/wp-json\/wp\/v2\/categories?post=96653"},{"taxonomy":"post_tag","embeddable":true,"href":"https:\/\/catolicanet.net\/wp-cnet\/wp-json\/wp\/v2\/tags?post=96653"}],"curies":[{"name":"wp","href":"https:\/\/api.w.org\/{rel}","templated":true}]}}