{"id":96618,"date":"2025-12-24T11:25:51","date_gmt":"2025-12-24T14:25:51","guid":{"rendered":"https:\/\/catolicanet.net\/wp-cnet\/?p=96618"},"modified":"2025-12-27T11:26:58","modified_gmt":"2025-12-27T14:26:58","slug":"homilia-natal-do-senhor-missa-do-dia-nasceu-hoje-o-salvador-da-humanidade","status":"publish","type":"post","link":"https:\/\/catolicanet.net\/wp-cnet\/homilia-natal-do-senhor-missa-do-dia-nasceu-hoje-o-salvador-da-humanidade\/","title":{"rendered":"Homilia \u2013 Natal do Senhor \u2013 Missa do Dia Nasceu hoje o Salvador da humanidade!"},"content":{"rendered":"<p style=\"text-align: justify;\">Irm\u00e3os e irm\u00e3s,<\/p>\n<p style=\"text-align: justify;\">Depois de termos celebrado, na noite santa e na aurora, o mist\u00e9rio do nascimento do Senhor, a liturgia deste dia de Natal conduz-nos a uma contempla\u00e7\u00e3o mais profunda: n\u00e3o apenas <em>o Menino que nasceu<\/em>, mas <em>quem Ele \u00e9<\/em>. Hoje n\u00e3o nos detemos tanto no pres\u00e9pio, nos pastores ou nos anjos, mas no mist\u00e9rio eterno que se fez carne para nossa salva\u00e7\u00e3o.<\/p>\n<p style=\"text-align: justify;\">A primeira leitura, do profeta Isa\u00edas (Is 52,7-10), anuncia a alegria do mensageiro que proclama a paz, a salva\u00e7\u00e3o e o reinado do nosso Deus. \u00c9 um texto marcado pela esperan\u00e7a ap\u00f3s o sofrimento do ex\u00edlio. Jerusal\u00e9m, antes ferida e humilhada, agora \u00e9 convidada a exultar, porque o Senhor consola o seu povo e revela o seu bra\u00e7o poderoso diante de todas as na\u00e7\u00f5es. O Natal \u00e9 exatamente isso: Deus intervindo na hist\u00f3ria humana, n\u00e3o de modo abstrato ou distante, mas entrando nela, assumindo-a, redimindo-a. A salva\u00e7\u00e3o n\u00e3o \u00e9 promessa vazia; \u00e9 a\u00e7\u00e3o concreta de Deus em favor do seu povo.<\/p>\n<p style=\"text-align: justify;\">A segunda leitura, da Carta aos Hebreus (Hb 1,1-6), aprofunda ainda mais esse mist\u00e9rio. Deus, que falou muitas vezes e de muitos modos pelos profetas, agora fala-nos definitivamente pelo Filho. N\u00e3o se trata apenas de mais uma mensagem, mas da Palavra viva, eterna, criadora, que sustenta o universo e reflete a pr\u00f3pria gl\u00f3ria do Pai. O Menino de Bel\u00e9m \u00e9 o Filho eterno de Deus. O Natal n\u00e3o \u00e9 apenas uma recorda\u00e7\u00e3o comovente; \u00e9 a afirma\u00e7\u00e3o central da nossa f\u00e9: Deus entrou na hist\u00f3ria e revelou plenamente o seu rosto em Jesus Cristo.<\/p>\n<p style=\"text-align: justify;\">O Evangelho segundo S\u00e3o Jo\u00e3o (Jo 1,1-18) leva-nos ao cora\u00e7\u00e3o do mist\u00e9rio da Encarna\u00e7\u00e3o: <em>\u201cO Verbo se fez carne e habitou entre n\u00f3s\u201d.<\/em> Aquele que estava junto de Deus desde o princ\u00edpio, por quem tudo foi feito, n\u00e3o permanece distante. Ele assume a nossa fragilidade, a nossa condi\u00e7\u00e3o humana, exceto o pecado. Deus n\u00e3o nos salva de fora; salva-nos a partir de dentro da nossa pr\u00f3pria realidade. Ao fazer-se carne, Ele santifica a vida humana, ilumina as nossas trevas e abre-nos o caminho da filia\u00e7\u00e3o divina.<\/p>\n<p style=\"text-align: justify;\">Contudo, o Evangelho tamb\u00e9m nos provoca: <em>\u201cVeio para o que era seu, mas os seus n\u00e3o o acolheram\u201d<\/em>. Eis o drama do Natal: Deus vem, mas pode n\u00e3o ser reconhecido; Deus se oferece, mas pode ser recusado. O nascimento de Jesus exige uma resposta. A todos os que o acolhem, Ele concede o poder de se tornarem filhos de Deus. Celebrar o Natal, portanto, n\u00e3o \u00e9 apenas admirar o mist\u00e9rio, mas acolh\u00ea-lo com f\u00e9 e deixar-se transformar por ele.<\/p>\n<p style=\"text-align: justify;\">Nesta Missa do Dia, a liturgia nos convida a sair de uma f\u00e9 superficial e sentimental. O Natal n\u00e3o se esgota em s\u00edmbolos, luzes ou emo\u00e7\u00f5es. Ele pede convers\u00e3o, compromisso e testemunho. Se Deus se fez carne, ent\u00e3o toda a realidade humana importa: a dignidade da vida, a justi\u00e7a social, a solidariedade com os pobres, a reconcilia\u00e7\u00e3o entre os irm\u00e3os. A Encarna\u00e7\u00e3o tem consequ\u00eancias concretas para a maneira como vivemos e nos relacionamos.<\/p>\n<p style=\"text-align: justify;\">Celebrar o Natal \u00e9 assumir que Deus caminha conosco e nos chama a caminhar com Ele. \u00c9 deixar que a luz verdadeira, que ilumina todo homem, dissipe as trevas do ego\u00edsmo, da indiferen\u00e7a e da viol\u00eancia. \u00c9 reconhecer que, em Cristo, Deus nos deu tudo e nos convida a viver como filhos da luz.<\/p>\n<p style=\"text-align: justify;\">Que neste dia santo renovemos nossa f\u00e9 no Deus que se fez pr\u00f3ximo. Que acolhamos o Verbo feito carne n\u00e3o apenas em palavras, mas em atitudes concretas de amor, justi\u00e7a e miseric\u00f3rdia. E que, transformados por esse mist\u00e9rio, sejamos sinais vivos da presen\u00e7a de Deus no mundo.<\/p>\n<p style=\"text-align: justify;\">Feliz e Santo Natal!<\/p>\n","protected":false},"excerpt":{"rendered":"<p>Irm\u00e3os e irm\u00e3s, Depois de termos celebrado, na noite santa e na aurora, o mist\u00e9rio do nascimento do Senhor, a liturgia deste dia de Natal conduz-nos a uma contempla\u00e7\u00e3o mais profunda: n\u00e3o apenas o Menino que nasceu, mas quem Ele \u00e9. Hoje n\u00e3o nos detemos tanto no pres\u00e9pio, nos pastores ou nos anjos, mas no [&hellip;]<\/p>\n","protected":false},"author":53272,"featured_media":92837,"comment_status":"open","ping_status":"closed","sticky":false,"template":"","format":"standard","meta":{"footnotes":""},"categories":[9],"tags":[],"class_list":["post-96618","post","type-post","status-publish","format-standard","has-post-thumbnail","hentry","category-artigos"],"_links":{"self":[{"href":"https:\/\/catolicanet.net\/wp-cnet\/wp-json\/wp\/v2\/posts\/96618","targetHints":{"allow":["GET"]}}],"collection":[{"href":"https:\/\/catolicanet.net\/wp-cnet\/wp-json\/wp\/v2\/posts"}],"about":[{"href":"https:\/\/catolicanet.net\/wp-cnet\/wp-json\/wp\/v2\/types\/post"}],"author":[{"embeddable":true,"href":"https:\/\/catolicanet.net\/wp-cnet\/wp-json\/wp\/v2\/users\/53272"}],"replies":[{"embeddable":true,"href":"https:\/\/catolicanet.net\/wp-cnet\/wp-json\/wp\/v2\/comments?post=96618"}],"version-history":[{"count":2,"href":"https:\/\/catolicanet.net\/wp-cnet\/wp-json\/wp\/v2\/posts\/96618\/revisions"}],"predecessor-version":[{"id":96621,"href":"https:\/\/catolicanet.net\/wp-cnet\/wp-json\/wp\/v2\/posts\/96618\/revisions\/96621"}],"wp:featuredmedia":[{"embeddable":true,"href":"https:\/\/catolicanet.net\/wp-cnet\/wp-json\/wp\/v2\/media\/92837"}],"wp:attachment":[{"href":"https:\/\/catolicanet.net\/wp-cnet\/wp-json\/wp\/v2\/media?parent=96618"}],"wp:term":[{"taxonomy":"category","embeddable":true,"href":"https:\/\/catolicanet.net\/wp-cnet\/wp-json\/wp\/v2\/categories?post=96618"},{"taxonomy":"post_tag","embeddable":true,"href":"https:\/\/catolicanet.net\/wp-cnet\/wp-json\/wp\/v2\/tags?post=96618"}],"curies":[{"name":"wp","href":"https:\/\/api.w.org\/{rel}","templated":true}]}}