{"id":96606,"date":"2025-12-24T09:14:12","date_gmt":"2025-12-24T12:14:12","guid":{"rendered":"https:\/\/catolicanet.net\/wp-cnet\/?p=96606"},"modified":"2025-12-27T11:16:04","modified_gmt":"2025-12-27T14:16:04","slug":"homilia-solenidade-do-natal-do-senhor-hoje-nasceu-para-nos-o-salvador","status":"publish","type":"post","link":"https:\/\/catolicanet.net\/wp-cnet\/homilia-solenidade-do-natal-do-senhor-hoje-nasceu-para-nos-o-salvador\/","title":{"rendered":"Homilia \u2013 Solenidade do Natal do Senhor Hoje nasceu para n\u00f3s o Salvador!"},"content":{"rendered":"<p style=\"text-align: justify;\">Irm\u00e3os e irm\u00e3s,<\/p>\n<p style=\"text-align: justify;\">Celebramos nesta noite santa o mist\u00e9rio central da nossa f\u00e9: o Verbo se fez carne e habitou entre n\u00f3s. A liturgia da Noite de Natal coloca-nos diante de um acontecimento que transforma a hist\u00f3ria da humanidade e ilumina definitivamente a vida de todos os povos: o nascimento de Jesus Cristo, o Filho eterno de Deus, que entra no tempo para nos salvar.<\/p>\n<p style=\"text-align: justify;\">Na primeira leitura, retirada do livro do profeta Isa\u00edas (Is 9,1-6), ouvimos o an\u00fancio de uma grande luz que resplandece sobre um povo que caminhava nas trevas. Trata-se de uma profecia proclamada num contexto de sofrimento, opress\u00e3o e incerteza. O profeta anuncia que um menino nos foi dado, um filho nos foi concedido, e que sobre seus ombros repousa o sinal da realeza. Ele recebe t\u00edtulos que s\u00f3 podem ser atribu\u00eddos a Deus: Conselheiro admir\u00e1vel, Deus forte, Pai dos tempos futuros, Pr\u00edncipe da paz. A promessa de Isa\u00edas encontra nesta noite o seu pleno cumprimento: o Menino de Bel\u00e9m \u00e9 a luz que dissipa as trevas do pecado, do medo e da desesperan\u00e7a.<\/p>\n<p style=\"text-align: justify;\">O Salmo responsorial (Sl 95) convida toda a cria\u00e7\u00e3o a exultar: <em>\u201cHoje nasceu para n\u00f3s o Salvador\u201d<\/em>. N\u00e3o se trata de uma alegria superficial ou passageira, mas da alegria profunda que nasce da certeza de que Deus n\u00e3o nos abandonou. Ele entrou na nossa hist\u00f3ria, assumiu a nossa condi\u00e7\u00e3o humana e caminha conosco. O Natal \u00e9, portanto, a festa da proximidade de Deus.<\/p>\n<p style=\"text-align: justify;\">Na segunda leitura, da Carta de S\u00e3o Paulo a Tito (Tt 2,11-14), o ap\u00f3stolo afirma que <em>\u201ca gra\u00e7a de Deus se manifestou, trazendo salva\u00e7\u00e3o para todos os homens\u201d<\/em>. Essa gra\u00e7a tem um rosto, um nome e uma hist\u00f3ria: Jesus Cristo. O Natal n\u00e3o \u00e9 apenas um acontecimento do passado; \u00e9 uma for\u00e7a que transforma o presente e orienta o futuro. A encarna\u00e7\u00e3o do Filho de Deus nos educa para renunciar ao pecado e viver com justi\u00e7a, piedade e sobriedade, enquanto aguardamos a manifesta\u00e7\u00e3o gloriosa do Senhor.<\/p>\n<p style=\"text-align: justify;\">O Evangelho segundo S\u00e3o Lucas (Lc 2,1-14) apresenta-nos a cena do nascimento de Jesus com uma simplicidade desconcertante. O Salvador do mundo nasce fora de casa, envolto em faixas e deitado numa manjedoura. N\u00e3o nasce nos pal\u00e1cios, mas na periferia; n\u00e3o \u00e9 acolhido pelos poderosos, mas anunciado aos pastores, homens simples e marginalizados. Assim, Deus revela a l\u00f3gica do seu amor: Ele se faz pequeno para nos alcan\u00e7ar, pobre para nos enriquecer, fr\u00e1gil para nos salvar.<\/p>\n<p style=\"text-align: justify;\">Os anjos proclamam: <em>\u201cHoje, na cidade de Davi, nasceu para v\u00f3s um Salvador, que \u00e9 o Cristo Senhor\u201d.<\/em> O sinal dado n\u00e3o \u00e9 de poder, mas de humildade. A gl\u00f3ria de Deus manifesta-se na paz oferecida aos homens por Ele amados. Essa paz n\u00e3o \u00e9 aus\u00eancia de conflitos, mas reconcilia\u00e7\u00e3o profunda entre Deus e a humanidade.<\/p>\n<p style=\"text-align: justify;\">Celebrar o Natal \u00e9 mais do que recordar um fato hist\u00f3rico; \u00e9 acolher hoje o Cristo que nasce para n\u00f3s. \u00c9 permitir que Ele encontre lugar em nossa vida, em nossas escolhas, em nossas rela\u00e7\u00f5es. O pres\u00e9pio nos questiona: h\u00e1 espa\u00e7o para Deus em nosso cora\u00e7\u00e3o? Ou estamos t\u00e3o ocupados, t\u00e3o cheios de n\u00f3s mesmos, que n\u00e3o percebemos a sua presen\u00e7a?<\/p>\n<p style=\"text-align: justify;\">Nesta noite santa, somos convidados a fazer sil\u00eancio interior, como Maria; a obedecer com confian\u00e7a, como Jos\u00e9; a caminhar com simplicidade, como os pastores. O Natal nos chama \u00e0 convers\u00e3o, \u00e0 esperan\u00e7a e ao compromisso com a vida nova que Deus nos oferece.<\/p>\n<p style=\"text-align: justify;\">Que o Menino Deus, nascido em Bel\u00e9m, renove em n\u00f3s a f\u00e9, fortale\u00e7a a esperan\u00e7a e reacenda a caridade. Abramos as portas do cora\u00e7\u00e3o para acolher \u00a0Aquele que vem como luz nas trevas, paz nas inquieta\u00e7\u00f5es e salva\u00e7\u00e3o para toda a humanidade. Gl\u00f3ria a Deus nas alturas, e paz na terra aos homens por Ele amados. Am\u00e9m.\u201d<\/p>\n","protected":false},"excerpt":{"rendered":"<p>Irm\u00e3os e irm\u00e3s, Celebramos nesta noite santa o mist\u00e9rio central da nossa f\u00e9: o Verbo se fez carne e habitou entre n\u00f3s. A liturgia da Noite de Natal coloca-nos diante de um acontecimento que transforma a hist\u00f3ria da humanidade e ilumina definitivamente a vida de todos os povos: o nascimento de Jesus Cristo, o Filho [&hellip;]<\/p>\n","protected":false},"author":53272,"featured_media":92837,"comment_status":"open","ping_status":"closed","sticky":false,"template":"","format":"standard","meta":{"footnotes":""},"categories":[9],"tags":[],"class_list":["post-96606","post","type-post","status-publish","format-standard","has-post-thumbnail","hentry","category-artigos"],"_links":{"self":[{"href":"https:\/\/catolicanet.net\/wp-cnet\/wp-json\/wp\/v2\/posts\/96606","targetHints":{"allow":["GET"]}}],"collection":[{"href":"https:\/\/catolicanet.net\/wp-cnet\/wp-json\/wp\/v2\/posts"}],"about":[{"href":"https:\/\/catolicanet.net\/wp-cnet\/wp-json\/wp\/v2\/types\/post"}],"author":[{"embeddable":true,"href":"https:\/\/catolicanet.net\/wp-cnet\/wp-json\/wp\/v2\/users\/53272"}],"replies":[{"embeddable":true,"href":"https:\/\/catolicanet.net\/wp-cnet\/wp-json\/wp\/v2\/comments?post=96606"}],"version-history":[{"count":1,"href":"https:\/\/catolicanet.net\/wp-cnet\/wp-json\/wp\/v2\/posts\/96606\/revisions"}],"predecessor-version":[{"id":96608,"href":"https:\/\/catolicanet.net\/wp-cnet\/wp-json\/wp\/v2\/posts\/96606\/revisions\/96608"}],"wp:featuredmedia":[{"embeddable":true,"href":"https:\/\/catolicanet.net\/wp-cnet\/wp-json\/wp\/v2\/media\/92837"}],"wp:attachment":[{"href":"https:\/\/catolicanet.net\/wp-cnet\/wp-json\/wp\/v2\/media?parent=96606"}],"wp:term":[{"taxonomy":"category","embeddable":true,"href":"https:\/\/catolicanet.net\/wp-cnet\/wp-json\/wp\/v2\/categories?post=96606"},{"taxonomy":"post_tag","embeddable":true,"href":"https:\/\/catolicanet.net\/wp-cnet\/wp-json\/wp\/v2\/tags?post=96606"}],"curies":[{"name":"wp","href":"https:\/\/api.w.org\/{rel}","templated":true}]}}