{"id":96585,"date":"2025-12-21T10:57:18","date_gmt":"2025-12-21T13:57:18","guid":{"rendered":"https:\/\/catolicanet.net\/wp-cnet\/?p=96585"},"modified":"2025-12-27T10:58:39","modified_gmt":"2025-12-27T13:58:39","slug":"4o-domingo-do-advento-mt-118-24","status":"publish","type":"post","link":"https:\/\/catolicanet.net\/wp-cnet\/4o-domingo-do-advento-mt-118-24\/","title":{"rendered":"4\u00ba Domingo do Advento (Mt 1,18-24)."},"content":{"rendered":"<p style=\"text-align: justify;\"><strong><em>Texto referencial: \u201cEla dar\u00e1 \u00e0 luz um filho, e tu lhe dar\u00e1s o nome de Jesus, pois ele vai salvar o seu povo dos pecados\u201d. (Mt 1,24).<\/em><\/strong><\/p>\n<p style=\"text-align: justify;\">1 \u2013 Trata-se do \u00faltimo domingo antes do Natal. Maria, j\u00e1 entrou em cena. Trata-se da M\u00e3e do Messias predita pelos profetas. Ela assume sua miss\u00e3o. N\u00e3o sem problemas ou dificuldades. O evangelho os apresenta, envolvendo o Jos\u00e9 (o esposo) e Maria \u2013 a m\u00e3e. Foi terr\u00edvel para ambos. Deus sempre, ajuda a resolver nossos problemas, mas quer que assumamos nossa miss\u00e3o, nossa parte. N\u00e3o nos substitui. Repito: tanto Maria como Jos\u00e9 sofreram com isso. Todavia assumiram o que lhes cabia.<\/p>\n<p style=\"text-align: justify;\">2 \u2013 Poderiam, eles pensar que o Salvador da humanidade, viesse a nos desse jeito? Maria era virgem: o texto o confirma (Mt 1,25). Jos\u00e9 \u00e9 surpreendido com a gravidez de Maria. N\u00e3o eram casados. Eram noivos. Jos\u00e9 era santo, mas tamb\u00e9m humano. Quis abandonar Maria. Ent\u00e3o o anjo lhe apareceu e tudo explicou. N\u00e3o poderia ter aparecido antes para assim explicar tudo? Poderia\u2026, mas n\u00e3o foi o caso. Foi Deus cruel com ele? Um tanto desp\u00f3tico? Abusou deles? N\u00e3o. Procurou simplesmente prov\u00e1-los. Quis \u2013 isso sim \u2013 faz\u00ea-los, crescer na f\u00e9 e no amor, aumentando-lhes a recompensa na vit\u00f3ria sobre as d\u00favidas.<\/p>\n<p style=\"text-align: justify;\">3 \u2013 Com as dificuldades mil, eles \u2013 Jos\u00e9 e Maria \u2013 se preparam para o Natal. Nunca houve um Natal semelhante a este. Faltou conforto, mas n\u00e3o alegria e amor. O Messias veio como prometido, mas os seus (Israel), n\u00e3o o acolheram. O Salvador n\u00e3o teve nem ber\u00e7o para nascer, mas certamente superabundou carinho, calor humano e contempla\u00e7\u00e3o, junto ao pres\u00e9pio.<\/p>\n<p style=\"text-align: justify;\">4 \u2013 E hoje como andam as coisas? Fala-se muito em papai Noel e presentes. H\u00e1 belas \u00e1rvores de Natal. Fazem-se festas e enfeitam-se cidades, canta-se at\u00e9 mesmo meio desafinado \u201cNoite Feliz\u201d, mas em muitos cora\u00e7\u00f5es h\u00e1 tristeza e crian\u00e7as chorando de fome. Se l\u00e1 onde Jesus nasceu e falou tanto amor e paz, hoje h\u00e1 guerras e outros precisam fugir para sobreviver. De minha parte um feliz e santo Natal.<\/p>\n","protected":false},"excerpt":{"rendered":"<p>Texto referencial: \u201cEla dar\u00e1 \u00e0 luz um filho, e tu lhe dar\u00e1s o nome de Jesus, pois ele vai salvar o seu povo dos pecados\u201d. (Mt 1,24). 1 \u2013 Trata-se do \u00faltimo domingo antes do Natal. Maria, j\u00e1 entrou em cena. Trata-se da M\u00e3e do Messias predita pelos profetas. Ela assume sua miss\u00e3o. N\u00e3o sem [&hellip;]<\/p>\n","protected":false},"author":119,"featured_media":77698,"comment_status":"open","ping_status":"closed","sticky":false,"template":"","format":"standard","meta":{"footnotes":""},"categories":[9],"tags":[],"class_list":["post-96585","post","type-post","status-publish","format-standard","has-post-thumbnail","hentry","category-artigos"],"_links":{"self":[{"href":"https:\/\/catolicanet.net\/wp-cnet\/wp-json\/wp\/v2\/posts\/96585","targetHints":{"allow":["GET"]}}],"collection":[{"href":"https:\/\/catolicanet.net\/wp-cnet\/wp-json\/wp\/v2\/posts"}],"about":[{"href":"https:\/\/catolicanet.net\/wp-cnet\/wp-json\/wp\/v2\/types\/post"}],"author":[{"embeddable":true,"href":"https:\/\/catolicanet.net\/wp-cnet\/wp-json\/wp\/v2\/users\/119"}],"replies":[{"embeddable":true,"href":"https:\/\/catolicanet.net\/wp-cnet\/wp-json\/wp\/v2\/comments?post=96585"}],"version-history":[{"count":1,"href":"https:\/\/catolicanet.net\/wp-cnet\/wp-json\/wp\/v2\/posts\/96585\/revisions"}],"predecessor-version":[{"id":96587,"href":"https:\/\/catolicanet.net\/wp-cnet\/wp-json\/wp\/v2\/posts\/96585\/revisions\/96587"}],"wp:featuredmedia":[{"embeddable":true,"href":"https:\/\/catolicanet.net\/wp-cnet\/wp-json\/wp\/v2\/media\/77698"}],"wp:attachment":[{"href":"https:\/\/catolicanet.net\/wp-cnet\/wp-json\/wp\/v2\/media?parent=96585"}],"wp:term":[{"taxonomy":"category","embeddable":true,"href":"https:\/\/catolicanet.net\/wp-cnet\/wp-json\/wp\/v2\/categories?post=96585"},{"taxonomy":"post_tag","embeddable":true,"href":"https:\/\/catolicanet.net\/wp-cnet\/wp-json\/wp\/v2\/tags?post=96585"}],"curies":[{"name":"wp","href":"https:\/\/api.w.org\/{rel}","templated":true}]}}