{"id":96537,"date":"2025-12-13T10:53:27","date_gmt":"2025-12-13T13:53:27","guid":{"rendered":"https:\/\/catolicanet.net\/wp-cnet\/?p=96537"},"modified":"2025-12-15T10:55:13","modified_gmt":"2025-12-15T13:55:13","slug":"3o-domingo-do-advento-ano-a","status":"publish","type":"post","link":"https:\/\/catolicanet.net\/wp-cnet\/3o-domingo-do-advento-ano-a\/","title":{"rendered":"3\u00ba Domingo do Advento \u2013 Ano A"},"content":{"rendered":"<p style=\"text-align: justify;\">Irm\u00e3os e irm\u00e3s, chegamos ao Terceiro Domingo do Advento, tradicionalmente chamado de Domingo da Alegria, o Gaudete, porque a liturgia nos convida a exultar no Senhor que est\u00e1 perto. Estamos no tempo da espera, mas uma espera cheia de esperan\u00e7a. O Natal se aproxima, e a Igreja, como m\u00e3e vigilante, acende hoje a vela rosa para recordar que, mesmo em meio \u00e0 penit\u00eancia do Advento, j\u00e1 desponta a alegria daquele que vem.<\/p>\n<p style=\"text-align: justify;\">A primeira leitura, tirada do profeta Isa\u00edas (Is 35,1-6a.10), apresenta um cen\u00e1rio de transforma\u00e7\u00e3o profunda: o deserto floresce, os lugares \u00e1ridos se cobrem de verde, a terra est\u00e9ril se torna jardim. Isa\u00edas anuncia que, quando Deus visitar o seu povo, tudo o que era seco, cansado e sem vida ser\u00e1 renovado. <em>\u201cFortalecei as m\u00e3os enfraquecidas, firmai os joelhos debilitados.\u201d<\/em> \u00c9 um chamado direto a n\u00f3s, que tantas vezes carregamos fadigas, medos e incertezas. A vinda do Senhor n\u00e3o \u00e9 um evento decorativo, mas revolucion\u00e1rio: \u201cos olhos dos cegos se abrir\u00e3o, os ouvidos dos surdos se destapar\u00e3o, o coxo saltar\u00e1 como um cervo.\u201d Deus vem para restaurar o que parecia perdido, para levantar os que haviam ca\u00eddo, para trazer alegria onde reinava o pranto. A promessa se cumpre plenamente em Jesus Cristo, e \u00e9 dele que brota a nossa esperan\u00e7a.<\/p>\n<p style=\"text-align: justify;\">O salmo responsorial (Sl 145) confirma essa certeza: <em>\u201cVinde, Senhor, para salvar o vosso povo.\u201d<\/em> Nele, proclamamos que Deus \u00e9 fiel, defensor dos oprimidos, sustent\u00e1culo dos que vacilam, libertador dos prisioneiros. A alegria crist\u00e3 n\u00e3o nasce de circunst\u00e2ncias favor\u00e1veis, mas da confian\u00e7a no Deus que age, que v\u00ea a dor dos seus, que abre caminhos imposs\u00edveis, que conduz sua Igreja e sua hist\u00f3ria. \u00c9 uma alegria que nasce do encontro com o Senhor.<\/p>\n<p style=\"text-align: justify;\">A segunda leitura, da carta de S\u00e3o Tiago (Tg 5,7-10), nos d\u00e1 a medida espiritual para viver esse tempo: <em>\u201cSede pacientes at\u00e9 a vinda do Senhor.\u201d<\/em> A paci\u00eancia crist\u00e3 n\u00e3o \u00e9 passividade, mas vigil\u00e2ncia ativa; \u00e9 a perseveran\u00e7a de quem sabe que Deus \u00e9 fiel e cumpre suas promessas. O agricultor espera o fruto porque plantou; n\u00f3s esperamos o Senhor porque cremos. Tiago tamb\u00e9m nos alerta contra um mal que destr\u00f3i comunidades: murmura\u00e7\u00f5es, compara\u00e7\u00f5es, julgamentos. Em vez disso, sejamos firmes: o Senhor est\u00e1 perto. O Advento nos chama \u00e0 convers\u00e3o concreta do cotidiano.<\/p>\n<p style=\"text-align: justify;\">No Evangelho (Mt 11,2-11), encontramos um epis\u00f3dio decisivo: Jo\u00e3o Batista, na pris\u00e3o, envia disc\u00edpulos para perguntar a Jesus<em>: \u201c\u00c9s tu aquele que h\u00e1 de vir ou devemos esperar outro?\u201d<\/em> Jo\u00e3o havia anunciado um Messias forte, juiz do bem e do mal, portador do machado e do fogo. Mas Jesus se apresenta de modo diferente: humilde, compassivo, curando feridas, restaurando vidas, anunciando a miseric\u00f3rdia. A resposta de Jesus retoma Isa\u00edas: \u201cOs cegos veem, os coxos andam, os leprosos s\u00e3o purificados, os surdos ouvem, os mortos ressuscitam, e aos pobres \u00e9 anunciada a Boa-Nova.\u201d<\/p>\n<p style=\"text-align: justify;\">Jesus n\u00e3o responde com teorias, mas com obras. O Reino de Deus acontece onde a vida floresce, onde a dignidade \u00e9 restaurada, onde a miseric\u00f3rdia supera o rigor, onde a esperan\u00e7a vence o des\u00e2nimo.<\/p>\n<p style=\"text-align: justify;\">E depois Jesus proclama uma das frases mais surpreendentes do Evangelho: \u201cEm verdade, entre os nascidos de mulher, n\u00e3o surgiu ningu\u00e9m maior que Jo\u00e3o Batista.\u201d Jo\u00e3o \u00e9 o maior porque aponta totalmente para Cristo, porque esvazia-se de si para que o Filho de Deus seja reconhecido. Ele n\u00e3o busca honras, n\u00e3o reivindica privil\u00e9gios, n\u00e3o quer gl\u00f3rias. Sua miss\u00e3o \u00e9 clara: preparar o caminho.<\/p>\n<p style=\"text-align: justify;\">Irm\u00e3os e irm\u00e3s, nesse Terceiro Domingo do Advento, a Palavra nos chama \u00e0 <strong>alegria da esperan\u00e7a<\/strong> e \u00e0 <strong>convers\u00e3o da vis\u00e3o<\/strong>. Como Jo\u00e3o, muitas vezes esperamos um Deus forte segundo os crit\u00e9rios humanos, mas Ele se apresenta na humildade; esperamos respostas r\u00e1pidas, mas Ele nos pede paci\u00eancia; esperamos solu\u00e7\u00f5es externas, mas Ele quer transformar o cora\u00e7\u00e3o.<\/p>\n<p style=\"text-align: justify;\">A alegria crist\u00e3 n\u00e3o \u00e9 um sentimento superficial. \u00c9 fruto da certeza de que Deus est\u00e1 perto, de que Ele n\u00e3o abandona o seu povo, de que sua luz j\u00e1 desponta sobre n\u00f3s. \u00c9 a alegria dos que sabem que a \u00faltima palavra n\u00e3o \u00e9 do medo, nem da viol\u00eancia, nem da tristeza, nem da morte \u2014 mas de Deus.<\/p>\n<p style=\"text-align: justify;\">Por isso, este domingo nos faz perguntar:<br \/>\n<em>O que em mim ainda est\u00e1 deserto e precisa florescer?<\/em><br \/>\n<em>Quais cansa\u00e7os precisam ser fortalecidos?<\/em><br \/>\n<em>Tenho reconhecido os sinais de Deus ou espero um Messias \u00e0 minha imagem e semelhan\u00e7a?<\/em><br \/>\n<em>Sou paci\u00eancia ou peso para os outros?<\/em><br \/>\n<em>Sou sinal de alegria ou de des\u00e2nimo?<\/em><\/p>\n<p style=\"text-align: justify;\">O Natal est\u00e1 pr\u00f3ximo. O Senhor vem. Ele vem para n\u00f3s. Ele vem para nossa fam\u00edlia, nossa casa, nossa comunidade. Que esse Domingo da Alegria nos encontre de cora\u00e7\u00e3o aberto, conscientes de que a verdadeira alegria n\u00e3o nasce das luzes exteriores, mas do encontro com Aquele que ilumina tudo.<\/p>\n<p style=\"text-align: justify;\">Que Maria, a M\u00e3e da Esperan\u00e7a, nos acompanhe nesta semana. Que Jo\u00e3o Batista nos ensine a apontar sempre para Cristo. Que o Esp\u00edrito Santo fa\u00e7a florescer o deserto do nosso cora\u00e7\u00e3o.<\/p>\n<p style=\"text-align: justify;\">Alegrai-vos! O Senhor est\u00e1 perto.<\/p>\n","protected":false},"excerpt":{"rendered":"<p>Irm\u00e3os e irm\u00e3s, chegamos ao Terceiro Domingo do Advento, tradicionalmente chamado de Domingo da Alegria, o Gaudete, porque a liturgia nos convida a exultar no Senhor que est\u00e1 perto. Estamos no tempo da espera, mas uma espera cheia de esperan\u00e7a. O Natal se aproxima, e a Igreja, como m\u00e3e vigilante, acende hoje a vela rosa [&hellip;]<\/p>\n","protected":false},"author":53272,"featured_media":92837,"comment_status":"open","ping_status":"closed","sticky":false,"template":"","format":"standard","meta":{"footnotes":""},"categories":[9],"tags":[],"class_list":["post-96537","post","type-post","status-publish","format-standard","has-post-thumbnail","hentry","category-artigos"],"_links":{"self":[{"href":"https:\/\/catolicanet.net\/wp-cnet\/wp-json\/wp\/v2\/posts\/96537","targetHints":{"allow":["GET"]}}],"collection":[{"href":"https:\/\/catolicanet.net\/wp-cnet\/wp-json\/wp\/v2\/posts"}],"about":[{"href":"https:\/\/catolicanet.net\/wp-cnet\/wp-json\/wp\/v2\/types\/post"}],"author":[{"embeddable":true,"href":"https:\/\/catolicanet.net\/wp-cnet\/wp-json\/wp\/v2\/users\/53272"}],"replies":[{"embeddable":true,"href":"https:\/\/catolicanet.net\/wp-cnet\/wp-json\/wp\/v2\/comments?post=96537"}],"version-history":[{"count":1,"href":"https:\/\/catolicanet.net\/wp-cnet\/wp-json\/wp\/v2\/posts\/96537\/revisions"}],"predecessor-version":[{"id":96539,"href":"https:\/\/catolicanet.net\/wp-cnet\/wp-json\/wp\/v2\/posts\/96537\/revisions\/96539"}],"wp:featuredmedia":[{"embeddable":true,"href":"https:\/\/catolicanet.net\/wp-cnet\/wp-json\/wp\/v2\/media\/92837"}],"wp:attachment":[{"href":"https:\/\/catolicanet.net\/wp-cnet\/wp-json\/wp\/v2\/media?parent=96537"}],"wp:term":[{"taxonomy":"category","embeddable":true,"href":"https:\/\/catolicanet.net\/wp-cnet\/wp-json\/wp\/v2\/categories?post=96537"},{"taxonomy":"post_tag","embeddable":true,"href":"https:\/\/catolicanet.net\/wp-cnet\/wp-json\/wp\/v2\/tags?post=96537"}],"curies":[{"name":"wp","href":"https:\/\/api.w.org\/{rel}","templated":true}]}}