{"id":96467,"date":"2025-11-30T09:29:50","date_gmt":"2025-11-30T12:29:50","guid":{"rendered":"https:\/\/catolicanet.net\/wp-cnet\/?p=96467"},"modified":"2025-12-02T11:33:30","modified_gmt":"2025-12-02T14:33:30","slug":"1o-domingo-do-advento-4","status":"publish","type":"post","link":"https:\/\/catolicanet.net\/wp-cnet\/1o-domingo-do-advento-4\/","title":{"rendered":"1\u00ba Domingo do Advento"},"content":{"rendered":"<p style=\"text-align: justify;\">Ao iniciarmos o Tempo do Advento, ajustemos o cora\u00e7\u00e3o para acolher Aquele que vem.<\/p>\n<p style=\"text-align: justify;\">A primeira leitura, do profeta Isa\u00edas \u2013 Is 2,1-5 \u2013, apresenta uma vis\u00e3o que exige decis\u00e3o<em>: \u201cAcontecer\u00e1, nos \u00faltimos tempos, que o monte da casa do Senhor estar\u00e1 firme no alto das montanhas\u2026 para ele afluir\u00e3o todas as na\u00e7\u00f5es\u201d<\/em> (Is 2,1-2). Isa\u00edas convoca cada povo a subir ao monte do Senhor e a aprender seus caminhos. Ele n\u00e3o descreve espectadores, mas pessoas que tomam a iniciativa de se mover em dire\u00e7\u00e3o a Deus. O profeta anuncia ainda a grande transforma\u00e7\u00e3o que nasce dessa escolha: \u201c<em>De suas espadas forjar\u00e3o arados, e de suas lan\u00e7as far\u00e3o podadeiras<\/em>\u201d (Is 2,4). Quem caminha na luz abandona a l\u00f3gica da viol\u00eancia e acolhe a paz. Com firmeza, Isa\u00edas conclui: <em>\u201cVinde, casa de Jac\u00f3! Caminhemos \u00e0 luz do Senhor!\u201d<\/em> (Is 2,5). O Advento exige exatamente isso: levantar-se, escolher a luz e iniciar o caminho.<\/p>\n<p style=\"text-align: justify;\">O salmo refor\u00e7a essa disposi\u00e7\u00e3o interior<em>: \u201cQue alegria quando me disseram: Vamos \u00e0 casa do Senhor!\u201d<\/em> (Sl 121,1). O salmista n\u00e3o espera; ele sobe para Jerusal\u00e9m com alegria e firmeza. Ele pede paz para a cidade santa: <em>\u201cRogai que viva em paz Jerusal\u00e9m\u201d<\/em> (Sl 121,6). Essa alegria nasce de uma decis\u00e3o concreta: entrar na presen\u00e7a de Deus, aproximar-se do seu templo, deixar-se conduzir pela sua Palavra.<\/p>\n<p style=\"text-align: justify;\">Na segunda leitura \u2013 Rm 13,11-14 \u2013, S\u00e3o Paulo fala com um tom direto e urgente: <em>\u201cJ\u00e1 \u00e9 hora de despertar. Agora a salva\u00e7\u00e3o est\u00e1 mais perto de n\u00f3s do que quando abra\u00e7amos a f\u00e9\u201d<\/em> (Rm 13,11). Paulo nos chama a romper com toda acomoda\u00e7\u00e3o espiritual. Ele ordena: abandonem as obras das trevas e vistam <em>\u201cas armas da luz\u201d<\/em> (Rm 13,12). N\u00e3o descreve um processo passivo; exige atitude. E conduz ao centro do Advento: <em>\u201cRevesti-vos do Senhor Jesus Cristo\u201d<\/em> (Rm 13,14). O tempo de prepara\u00e7\u00e3o para o Natal n\u00e3o permite indiferen\u00e7a; pede escolhas claras e corajosas.<\/p>\n<p style=\"text-align: justify;\">No Evangelho segundo S\u00e3o Mateus \u2013 Mt 24,37-44 \u2013, Jesus retoma essa urg\u00eancia com exemplos duros. Ele recorda os dias de No\u00e9, quando muitos se perdiam nas distra\u00e7\u00f5es di\u00e1rias: \u201ccomendo e bebendo, casando-se e dando-se em casamento\u201d (Mt 24,38). O problema n\u00e3o estava nessas atividades, mas na cegueira espiritual que impede o reconhecimento da a\u00e7\u00e3o de Deus. Por isso Jesus adverte: \u201c<em>Vigiai, pois n\u00e3o sabeis em que dia vir\u00e1 o vosso Senhor\u201d<\/em> (Mt 24,42). Ele usa uma imagem firme: se o dono da casa soubesse a hora da invas\u00e3o, ficaria alerta e impediria o ladr\u00e3o. Com essa compara\u00e7\u00e3o, Jesus conclui: <em>\u201cFicai preparados, porque o Filho do Homem vir\u00e1 na hora em que menos pensais\u201d<\/em> (Mt 24,44). Essa vigil\u00e2ncia n\u00e3o nasce do medo, mas do amor atento. Quem ama Cristo n\u00e3o se entrega \u00e0 dispers\u00e3o; mant\u00e9m o cora\u00e7\u00e3o desperto e dispon\u00edvel.<\/p>\n<p style=\"text-align: justify;\">O Advento n\u00e3o se resume a um tempo simb\u00f3lico. Ele exige movimento interior, decis\u00e3o e vigil\u00e2ncia real. Isa\u00edas chama a caminhar na luz; o salmo desperta a alegria da busca; Paulo ordena o despertar; e Jesus exige prontid\u00e3o. Cristo vem, e sua vinda pede resposta. Neste in\u00edcio de ano lit\u00fargico, avancemos com coragem, deixemos a luz do Senhor iluminar cada \u00e1rea da nossa vida e preparemos o cora\u00e7\u00e3o para acolher o mist\u00e9rio do Natal com f\u00e9 viva, clareza interior e amor vigilante.<\/p>\n","protected":false},"excerpt":{"rendered":"<p>Ao iniciarmos o Tempo do Advento, ajustemos o cora\u00e7\u00e3o para acolher Aquele que vem. A primeira leitura, do profeta Isa\u00edas \u2013 Is 2,1-5 \u2013, apresenta uma vis\u00e3o que exige decis\u00e3o: \u201cAcontecer\u00e1, nos \u00faltimos tempos, que o monte da casa do Senhor estar\u00e1 firme no alto das montanhas\u2026 para ele afluir\u00e3o todas as na\u00e7\u00f5es\u201d (Is 2,1-2). [&hellip;]<\/p>\n","protected":false},"author":53272,"featured_media":92837,"comment_status":"open","ping_status":"closed","sticky":false,"template":"","format":"standard","meta":{"footnotes":""},"categories":[9],"tags":[],"class_list":["post-96467","post","type-post","status-publish","format-standard","has-post-thumbnail","hentry","category-artigos"],"_links":{"self":[{"href":"https:\/\/catolicanet.net\/wp-cnet\/wp-json\/wp\/v2\/posts\/96467","targetHints":{"allow":["GET"]}}],"collection":[{"href":"https:\/\/catolicanet.net\/wp-cnet\/wp-json\/wp\/v2\/posts"}],"about":[{"href":"https:\/\/catolicanet.net\/wp-cnet\/wp-json\/wp\/v2\/types\/post"}],"author":[{"embeddable":true,"href":"https:\/\/catolicanet.net\/wp-cnet\/wp-json\/wp\/v2\/users\/53272"}],"replies":[{"embeddable":true,"href":"https:\/\/catolicanet.net\/wp-cnet\/wp-json\/wp\/v2\/comments?post=96467"}],"version-history":[{"count":1,"href":"https:\/\/catolicanet.net\/wp-cnet\/wp-json\/wp\/v2\/posts\/96467\/revisions"}],"predecessor-version":[{"id":96469,"href":"https:\/\/catolicanet.net\/wp-cnet\/wp-json\/wp\/v2\/posts\/96467\/revisions\/96469"}],"wp:featuredmedia":[{"embeddable":true,"href":"https:\/\/catolicanet.net\/wp-cnet\/wp-json\/wp\/v2\/media\/92837"}],"wp:attachment":[{"href":"https:\/\/catolicanet.net\/wp-cnet\/wp-json\/wp\/v2\/media?parent=96467"}],"wp:term":[{"taxonomy":"category","embeddable":true,"href":"https:\/\/catolicanet.net\/wp-cnet\/wp-json\/wp\/v2\/categories?post=96467"},{"taxonomy":"post_tag","embeddable":true,"href":"https:\/\/catolicanet.net\/wp-cnet\/wp-json\/wp\/v2\/tags?post=96467"}],"curies":[{"name":"wp","href":"https:\/\/api.w.org\/{rel}","templated":true}]}}