{"id":96461,"date":"2025-11-28T09:25:49","date_gmt":"2025-11-28T12:25:49","guid":{"rendered":"https:\/\/catolicanet.net\/wp-cnet\/?p=96461"},"modified":"2025-12-02T11:27:47","modified_gmt":"2025-12-02T14:27:47","slug":"ficai-preparados-e-vigilantes","status":"publish","type":"post","link":"https:\/\/catolicanet.net\/wp-cnet\/ficai-preparados-e-vigilantes\/","title":{"rendered":"Ficai preparados e vigilantes!"},"content":{"rendered":"<p style=\"text-align: justify;\">Iniciamos hoje a caminhada do advento. Ao longo dos pr\u00f3ximos dias, passo a passo, iremos preparar o caminho para que Jesus possa vir ao nosso encontro e n\u00f3s possamos reconhec\u00ea-l\u2019O e acolh\u00ea-l\u2019O quando Ele chegar. A Palavra de Deus que escutaremos nestes dias vai ajudar-nos a balizar esse caminho. A liturgia deste primeiro domingo do advento diz-nos: \u201cvigiai\u201d, \u201cestai atentos\u201d, \u201cn\u00e3o vos deixeis adormecer\u201d. Seria dram\u00e1tico se, por comodismo, por desleixo, por indiferen\u00e7a, por distra\u00e7\u00e3o, perd\u00eassemos a oportunidade de acolher Aquele que vem libertar o mundo e imprimir um dinamismo novo \u00e0 hist\u00f3ria dos homens.<\/p>\n<p style=\"text-align: justify;\">Junto com o Advento iniciamos um novo ciclo na caminhada de f\u00e9 do Ano Lit\u00fargico. Neste tempo favor\u00e1vel de prepara\u00e7\u00e3o para o Natal, nossa f\u00e9 e nossa esperan\u00e7a se unem \u00e0s de todo o povo de Israel e de todos os povos de hoje, que vivem seus anseios e desejos. O Senhor Jesus, que veio uma primeira vez e vir\u00e1 uma segunda vez, j\u00e1 est\u00e1 no meio de n\u00f3s e alimenta a nossa vida com sua presen\u00e7a viva.<\/p>\n<p style=\"text-align: justify;\">Maranath\u00e1 \u2013 vem, Senhor! \u2013 \u00e9 um refr\u00e3o meditativo que perpassa todo o Advento. Este tempo favor\u00e1vel que iniciamos com esta liturgia \u00e9 um convite \u00e0 vigil\u00e2ncia e a expectativa pela vinda de Jesus que se transformar\u00e3o em consolo e esperan\u00e7a para aqueles que perseverarm na f\u00e9: \u201cagora a salva\u00e7\u00e3o est\u00e1 mais perto de n\u00f3s do que quando abra\u00e7amos a f\u00e9!\u201d (Rm 13,11).<\/p>\n<p style=\"text-align: justify;\">Neste tempo, enquanto esperamos a celebra\u00e7\u00e3o do Natal \u2013 celebra\u00e7\u00e3o da Encarna\u00e7\u00e3o da primeira vinda de Cristo \u2013, contemplemos a promessa da segunda vinda do Senhor que \u201cvir\u00e1 para julgar os vivos e os mortos e o seu Reino n\u00e3o ter\u00e1 fim\u201d.<\/p>\n<p style=\"text-align: justify;\">Na\u00a0primeira leitura \u2013 Is 2,1-5 \u2013, o profeta Isa\u00edas partilha connosco o seu sonho da paz universal e da comunh\u00e3o fraterna de todos os povos e na\u00e7\u00f5es. Trata-se de uma utopia ing\u00e9nua e imposs\u00edvel? Trata-se de uma promessa de Deus; e as promessas de Deus n\u00e3o costumam cair em saco roto. Jesus, Aquele cujo nascimento celebraremos no final do advento, foi enviado por Deus ao nosso encontro para concretizar essa promessa. Num cen\u00e1rio de crise pol\u00edtico-religiosa, o profeta Isa\u00edas anuncia a reuni\u00e3o do povo eleito. O trecho, de cunho messi\u00e2nico, apresenta e anuncia a esperan\u00e7a da paz para os povos, trazida pelo Messias: \u201cEle h\u00e1 de julgar as na\u00e7\u00f5es e arguir numerosos povos; estes transformar\u00e3o suas espadas em arados e suas lan\u00e7as em foices: n\u00e3o pegar\u00e3o em aramas contra os outros e n\u00e3o mais travar\u00e3o combate\u201d (Is 2,4).<\/p>\n<p style=\"text-align: justify;\">Na\u00a0segunda leitura \u2013 Rm 13,11-14a \u2013, S\u00e3o Paulo avisa os crist\u00e3os de Roma \u2013 e os crist\u00e3os de todas as \u00e9pocas e lugares \u2013 que o tempo est\u00e1 a passar e que se aproxima o dia da nossa liberta\u00e7\u00e3o definitiva. Portanto, \u00e9 altura de abandonarmos as \u201cobras das trevas\u201d e de nos revestirmos das \u201carmas da luz\u201d. O Senhor Jesus vai chegar; temos de estar preparados para o encontro com Ele.<\/p>\n<p style=\"text-align: justify;\">O\u00a0Evangelho \u2013 Mt 24,37-44 \u2013\u00a0traz-nos parte de um discurso de Jesus pronunciado diante dos disc\u00edpulos, no Monte das Oliveiras, poucos dias antes da Sua paix\u00e3o e morte. A indica\u00e7\u00e3o que Jesus deixa \u00e9 clara: \u201cVigiai, estai sempre preparados, n\u00e3o vos deixeis distrair por futilidades, vivei atentos aos desafios que Deus vos lan\u00e7a, n\u00e3o esque\u00e7ais a Boa nova que vos propus, olhai com amor e miseric\u00f3rdia os irm\u00e3os que caminham ao vosso lado, empenhai-vos a cada instante na constru\u00e7\u00e3o de um mundo mais justo, mais humano e mais feliz\u201d. Para os disc\u00edpulos de Jesus, o desleixo, a pregui\u00e7a, a indiferen\u00e7a, o conformismo, n\u00e3o s\u00e3o op\u00e7\u00e3o. Jesus diz aos seus disc\u00edpulos como ser\u00e1 o fim \u2013 a vinda do Filho do Homem. Devemos estar, portanto, preparados e vigilantes para a vinda gloriosa do Senhor, conforme a sua exorta\u00e7\u00e3o: \u201ctamb\u00e9m v\u00f3s ficai preparados! Porque na hora em que menos pensais, o Filho do Homem vir\u00e1!\u201d.<\/p>\n","protected":false},"excerpt":{"rendered":"<p>Iniciamos hoje a caminhada do advento. Ao longo dos pr\u00f3ximos dias, passo a passo, iremos preparar o caminho para que Jesus possa vir ao nosso encontro e n\u00f3s possamos reconhec\u00ea-l\u2019O e acolh\u00ea-l\u2019O quando Ele chegar. A Palavra de Deus que escutaremos nestes dias vai ajudar-nos a balizar esse caminho. A liturgia deste primeiro domingo do [&hellip;]<\/p>\n","protected":false},"author":53272,"featured_media":92837,"comment_status":"open","ping_status":"closed","sticky":false,"template":"","format":"standard","meta":{"footnotes":""},"categories":[9],"tags":[],"class_list":["post-96461","post","type-post","status-publish","format-standard","has-post-thumbnail","hentry","category-artigos"],"_links":{"self":[{"href":"https:\/\/catolicanet.net\/wp-cnet\/wp-json\/wp\/v2\/posts\/96461","targetHints":{"allow":["GET"]}}],"collection":[{"href":"https:\/\/catolicanet.net\/wp-cnet\/wp-json\/wp\/v2\/posts"}],"about":[{"href":"https:\/\/catolicanet.net\/wp-cnet\/wp-json\/wp\/v2\/types\/post"}],"author":[{"embeddable":true,"href":"https:\/\/catolicanet.net\/wp-cnet\/wp-json\/wp\/v2\/users\/53272"}],"replies":[{"embeddable":true,"href":"https:\/\/catolicanet.net\/wp-cnet\/wp-json\/wp\/v2\/comments?post=96461"}],"version-history":[{"count":1,"href":"https:\/\/catolicanet.net\/wp-cnet\/wp-json\/wp\/v2\/posts\/96461\/revisions"}],"predecessor-version":[{"id":96463,"href":"https:\/\/catolicanet.net\/wp-cnet\/wp-json\/wp\/v2\/posts\/96461\/revisions\/96463"}],"wp:featuredmedia":[{"embeddable":true,"href":"https:\/\/catolicanet.net\/wp-cnet\/wp-json\/wp\/v2\/media\/92837"}],"wp:attachment":[{"href":"https:\/\/catolicanet.net\/wp-cnet\/wp-json\/wp\/v2\/media?parent=96461"}],"wp:term":[{"taxonomy":"category","embeddable":true,"href":"https:\/\/catolicanet.net\/wp-cnet\/wp-json\/wp\/v2\/categories?post=96461"},{"taxonomy":"post_tag","embeddable":true,"href":"https:\/\/catolicanet.net\/wp-cnet\/wp-json\/wp\/v2\/tags?post=96461"}],"curies":[{"name":"wp","href":"https:\/\/api.w.org\/{rel}","templated":true}]}}