{"id":96422,"date":"2025-11-27T09:32:11","date_gmt":"2025-11-27T12:32:11","guid":{"rendered":"https:\/\/catolicanet.net\/wp-cnet\/?p=96422"},"modified":"2025-11-28T13:33:14","modified_gmt":"2025-11-28T16:33:14","slug":"reavivar-a-esperanca","status":"publish","type":"post","link":"https:\/\/catolicanet.net\/wp-cnet\/reavivar-a-esperanca\/","title":{"rendered":"Reavivar a esperan\u00e7a"},"content":{"rendered":"<p style=\"text-align: justify;\">\u00a0\u00a0\u00a0\u00a0\u00a0\u00a0\u00a0\u00a0\u00a0\u00a0\u00a0 Advento \u00e9 o tempo de esperan\u00e7a. A prepara\u00e7\u00e3o para a grande festa do nascimento de Cristo Salvador reaviva a expectativa da sua vinda gloriosa no fim dos tempos. A primeira parte do advento insiste sobre a parusia, sobre a \u00faltima vinda de Cristo. O Advento convida os crist\u00e3os a viverem o tempo presente e deixarem-se \u201cguiar pela luz do Senhor\u201d, a \u201cdespojarem-se das a\u00e7\u00f5es das trevas e vestir as armas da luz\u201d, a \u201cviverem despertos\u201d, \u201catentos\u201d e \u201cficarem preparados\u201d ( Isa\u00edas 2,1-5, Salmo 121, Romanos 13,11-14 e Mateus 24,37-44). Acima de tudo, \u00e9 tempo para reafirmar a confian\u00e7a em Deus que \u00e9 fiel, pois Ele vai realizar as suas promessas.<\/p>\n<p style=\"text-align: justify;\">\u00a0\u00a0\u00a0\u00a0\u00a0\u00a0\u00a0\u00a0\u00a0\u00a0\u00a0 Vivemos o Jubileu 2025, com o tema \u201cPeregrinos de Esperan\u00e7a\u201d que ter\u00e1 seu ponto culminante no Natal. A esperan\u00e7a crist\u00e3 est\u00e1 fundada no acontecimento Jesus Cristo. Evento que aconteceu faz 2025 anos. \u00c9 um evento hist\u00f3rico, mas que transcende a data\u00e7\u00e3o hist\u00f3rica, tendo repercuss\u00e3o na presente hist\u00f3ria contempor\u00e2nea. A esperan\u00e7a crist\u00e3 liga-se ao conhecimento do rosto de Deus, revelado em Jesus Cristo mediante a sua encarna\u00e7\u00e3o, atrav\u00e9s da vida terrena, da sua prega\u00e7\u00e3o e, sobretudo, com sua morte e ressurrei\u00e7\u00e3o. A esperan\u00e7a crist\u00e3 verdadeira e segura est\u00e1 fundamentada na f\u00e9 em Deus Amor, Pai misericordioso: \u201cDe tal modo Deus amou o mundo, que deu o seu Filho Unig\u00eanito, para que todo o que nele crer n\u00e3o pere\u00e7a, mas tenha a vida eterna\u201d (Jo 3,16).<\/p>\n<p style=\"text-align: justify;\">\u00a0\u00a0\u00a0\u00a0\u00a0\u00a0\u00a0\u00a0\u00a0\u00a0\u00a0 O Tempo do Advento \u00e9 um tempo favor\u00e1vel para a redescoberta de uma esperan\u00e7a n\u00e3o vaga nem ilus\u00f3ria, mas certa e confi\u00e1vel. \u201cN\u00f3s que em busca de ref\u00fagio procuramos agarrar a esperan\u00e7a que nos \u00e9 proposta. A esperan\u00e7a com efeito, \u00e9 para n\u00f3s como uma \u00e2ncora da alma, segura e firme. Ela penetra para al\u00e9m da cortina do Santu\u00e1rio, onde Jesus entrou por n\u00f3s, como precursor\u201d (Hebreus 6,18-19).<\/p>\n<p style=\"text-align: justify;\">\u00a0\u00a0\u00a0\u00a0\u00a0\u00a0\u00a0\u00a0\u00a0\u00a0\u00a0 As esperan\u00e7as movem as pessoas, sejam elas pequenas ou grandes, humanas ou divinas. Vivemos em tempos onde o futuro \u00e9 visto sob perspectivas diversas, desde o otimismo at\u00e9 o pessimismo, da euforia ao medo. Neste mundo paradoxal o crist\u00e3o deve testemunhar a esperan\u00e7a e n\u00e3o reduzir a esperan\u00e7a a projetos humanos. Por maiores que sejam, sempre ser\u00e3o humanos e limitados. Quando falta Deus, falta a esperan\u00e7a. Est\u00e1 em jogo a rela\u00e7\u00e3o entre a exist\u00eancia aqui e agora, e aquilo que denominamos c\u00e9u: n\u00e3o se tata de um lugar aonde terminaremos depois da morte; ao contr\u00e1rio, \u00e9 a realidade de Deus, a plenitude da vida para a qual cada ser humano est\u00e1 orientado.<\/p>\n<p style=\"text-align: justify;\">\u00a0\u00a0\u00a0\u00a0\u00a0\u00a0\u00a0\u00a0\u00a0\u00a0\u00a0 O homem \u00e9 a \u00fanica criatura livre que pode dizer \u201csim\u201d e \u201cn\u00e3o\u201d a Deus. O ser humano pode apagar em si mesmo a esperan\u00e7a, eliminando Deus da sua pr\u00f3pria vida. Como isto pode acontecer? Deus conhece o cora\u00e7\u00e3o do homem e sabe que \u00e9 rejeitado quando o seu verdadeiro rosto n\u00e3o \u00e9 conhecido. Por isso, n\u00e3o cessa de bater \u00e0 nossa porta, como peregrino humilde em busca de hospitalidade. Este \u00e9 tamb\u00e9m o sentido de um novo ano lit\u00fargico que se inicia. Deus deseja novamente revelar-se no Mist\u00e9rio de Cristo, mediante a Palavra e os Sacramentos. Deus se d\u00e1 a conhecer atrav\u00e9s da Igreja, deseja falar \u00e0 humanidade e salvar os homens de hoje. Deus oferece mais tempo, um novo espa\u00e7o para a humanidade.<\/p>\n<p style=\"text-align: justify;\">\u00a0\u00a0\u00a0\u00a0\u00a0\u00a0\u00a0\u00a0\u00a0\u00a0\u00a0 A minha, a nossa esperan\u00e7a vem precedida pela expectativa que Deus cultiva a nosso respeito! Sim, Deus ama-nos e precisamente por este motivo espera que n\u00f3s voltemos para Ele, que abramos o nosso cora\u00e7\u00e3o, que coloquemos a nossa m\u00e3o na sua e nos recordemos que somos seus filhos. Esta expectativa de Deus precede sempre a nossa esperan\u00e7a. A esperan\u00e7a crist\u00e3 \u00e9 uma virtude teologal: Deus \u00e9 a sua fonte, o seu ponto de apoio e o seu termo. O criador inseriu nas criaturas a esperan\u00e7a. Cada um dos homens \u00e9 chamado a esperar, correspondendo \u00e0 expectativa que Deus tem acerca dele. Cada crian\u00e7a que nasce \u00e9 sinal da confian\u00e7a de Deus no homem e \u00e9 uma confirma\u00e7\u00e3o da esperan\u00e7a que o homem nutre pelo futuro. A esta esperan\u00e7a do homem, Deus respondeu nascendo no tempo como pequeno ser humano.<\/p>\n","protected":false},"excerpt":{"rendered":"<p>\u00a0\u00a0\u00a0\u00a0\u00a0\u00a0\u00a0\u00a0\u00a0\u00a0\u00a0 Advento \u00e9 o tempo de esperan\u00e7a. A prepara\u00e7\u00e3o para a grande festa do nascimento de Cristo Salvador reaviva a expectativa da sua vinda gloriosa no fim dos tempos. A primeira parte do advento insiste sobre a parusia, sobre a \u00faltima vinda de Cristo. O Advento convida os crist\u00e3os a viverem o tempo presente e [&hellip;]<\/p>\n","protected":false},"author":18,"featured_media":55821,"comment_status":"open","ping_status":"closed","sticky":false,"template":"","format":"standard","meta":{"footnotes":""},"categories":[9],"tags":[],"class_list":["post-96422","post","type-post","status-publish","format-standard","has-post-thumbnail","hentry","category-artigos"],"_links":{"self":[{"href":"https:\/\/catolicanet.net\/wp-cnet\/wp-json\/wp\/v2\/posts\/96422","targetHints":{"allow":["GET"]}}],"collection":[{"href":"https:\/\/catolicanet.net\/wp-cnet\/wp-json\/wp\/v2\/posts"}],"about":[{"href":"https:\/\/catolicanet.net\/wp-cnet\/wp-json\/wp\/v2\/types\/post"}],"author":[{"embeddable":true,"href":"https:\/\/catolicanet.net\/wp-cnet\/wp-json\/wp\/v2\/users\/18"}],"replies":[{"embeddable":true,"href":"https:\/\/catolicanet.net\/wp-cnet\/wp-json\/wp\/v2\/comments?post=96422"}],"version-history":[{"count":1,"href":"https:\/\/catolicanet.net\/wp-cnet\/wp-json\/wp\/v2\/posts\/96422\/revisions"}],"predecessor-version":[{"id":96424,"href":"https:\/\/catolicanet.net\/wp-cnet\/wp-json\/wp\/v2\/posts\/96422\/revisions\/96424"}],"wp:featuredmedia":[{"embeddable":true,"href":"https:\/\/catolicanet.net\/wp-cnet\/wp-json\/wp\/v2\/media\/55821"}],"wp:attachment":[{"href":"https:\/\/catolicanet.net\/wp-cnet\/wp-json\/wp\/v2\/media?parent=96422"}],"wp:term":[{"taxonomy":"category","embeddable":true,"href":"https:\/\/catolicanet.net\/wp-cnet\/wp-json\/wp\/v2\/categories?post=96422"},{"taxonomy":"post_tag","embeddable":true,"href":"https:\/\/catolicanet.net\/wp-cnet\/wp-json\/wp\/v2\/tags?post=96422"}],"curies":[{"name":"wp","href":"https:\/\/api.w.org\/{rel}","templated":true}]}}