{"id":96419,"date":"2025-11-27T10:30:58","date_gmt":"2025-11-27T13:30:58","guid":{"rendered":"https:\/\/catolicanet.net\/wp-cnet\/?p=96419"},"modified":"2025-11-28T13:31:49","modified_gmt":"2025-11-28T16:31:49","slug":"acao-de-gracas-o-dom-de-cuidar-e-a-missao-do-amor","status":"publish","type":"post","link":"https:\/\/catolicanet.net\/wp-cnet\/acao-de-gracas-o-dom-de-cuidar-e-a-missao-do-amor\/","title":{"rendered":"A\u00e7\u00e3o de Gra\u00e7as: O Dom de Cuidar e a Miss\u00e3o do Amor"},"content":{"rendered":"<p class=\"p1\" style=\"text-align: justify; text-indent: 35.4pt;\"><span style=\"font-size: 14.0pt;\">Neste dia em que o calend\u00e1rio nos aponta o Dia de A\u00e7\u00e3o de Gra\u00e7as de 2025, meu cora\u00e7\u00e3o de pastor se volta para uma dimens\u00e3o muitas vezes silenciosa, mas essencial da nossa exist\u00eancia: o dom da sa\u00fade e a b\u00ean\u00e7\u00e3o daqueles que dedicam suas vidas a preserv\u00e1-la. Se, por um lado, a tradi\u00e7\u00e3o desta data nos remete \u00e0 colheita e aos frutos da terra, eu proponho que olhemos hoje para uma colheita diferente, humana e sagrada: a recupera\u00e7\u00e3o da vida, o al\u00edvio da dor e o consolo na enfermidade.<\/span><\/p>\n<p class=\"p1\" style=\"text-align: justify; text-indent: 35.4pt;\"><span style=\"font-size: 14.0pt;\">Quando percorro os corredores dos hospitais, vejo ali verdadeiros santu\u00e1rios. N\u00e3o s\u00e3o templos de pedra, mas templos de carne e osso, onde o Cristo sofredor aguarda nossa visita e nosso cuidado. Por isso, a minha A\u00e7\u00e3o de Gra\u00e7as hoje se dirige a Deus pela exist\u00eancia da filantropia na sa\u00fade. Este termo grego, \u201cfilantropia\u201d, traduz-se como \u201camor \u00e0 humanidade\u201d. E n\u00e3o existe forma mais concreta de amar a humanidade do que debru\u00e7ar-se sobre o leito de quem sofre, sem perguntar se aquela pessoa pode pagar, de onde ela vem ou qual a sua hist\u00f3ria. O amor crist\u00e3o apenas v\u00ea a necessidade e age.<\/span><\/p>\n<p class=\"p1\" style=\"text-align: justify; text-indent: 35.4pt;\"><span style=\"font-size: 14.0pt;\">Agrade\u00e7o, em primeiro lugar, pelas m\u00e3os incans\u00e1veis que sustentam essa miss\u00e3o. Penso nos m\u00e9dicos, enfermeiros, t\u00e9cnicos, fisioterapeutas e em todo o pessoal administrativo e de limpeza que transforma hospitais em casas de acolhida. Muitas vezes, a sociedade enxerga apenas a estrutura f\u00edsica, o pr\u00e9dio, os equipamentos. Eu vejo almas. Vejo voca\u00e7\u00f5es. Cada profissional de sa\u00fade que atua em institui\u00e7\u00f5es filantr\u00f3picas e caritativas realiza, diariamente, o milagre da multiplica\u00e7\u00e3o. Eles multiplicam recursos escassos, multiplicam a paci\u00eancia, multiplicam a esperan\u00e7a onde a ci\u00eancia, por vezes, encontra seus limites.<\/span><\/p>\n<p class=\"p1\" style=\"text-align: justify; text-indent: 35.4pt;\"><span style=\"font-size: 14.0pt;\">Neste Dia de A\u00e7\u00e3o de Gra\u00e7as, precisamos reconhecer o valor imensur\u00e1vel da gest\u00e3o fraterna. Manter portas abertas para o atendimento p\u00fablico, gratuito e universal, em um pa\u00eds com as dimens\u00f5es e os desafios do Brasil, exige mais do que compet\u00eancia t\u00e9cnica; exige Provid\u00eancia Divina e compromisso \u00e9tico. As institui\u00e7\u00f5es que assumem essa tarefa n\u00e3o visam o lucro, mas a vida. Elas carregam a cruz de administrar dificuldades financeiras e burocr\u00e1ticas para garantir que o pobre n\u00e3o fique desassistido. E Deus, em sua infinita bondade, jamais desampara a obra que \u00e9 Sua. Por isso, eu louvo ao Senhor pela coragem dos gestores que, mesmo diante das tempestades, mant\u00eam o barco da sa\u00fade navegando, guiados pela b\u00fassola da caridade.<\/span><\/p>\n<p class=\"p1\" style=\"text-align: justify; text-indent: 35.4pt;\"><span style=\"font-size: 14.0pt;\">Agrade\u00e7o tamb\u00e9m pela li\u00e7\u00e3o di\u00e1ria que a sa\u00fade nos ensina: a humildade. A doen\u00e7a nivela a todos. Diante da fragilidade do corpo, caem as m\u00e1scaras do orgulho, da posi\u00e7\u00e3o social e da vaidade. No hospital, somos todos apenas seres humanos necessitados da miseric\u00f3rdia de Deus e da compet\u00eancia do outro. Essa consci\u00eancia deve gerar em n\u00f3s uma gratid\u00e3o profunda por cada dia em que acordamos sem dor, por cada respira\u00e7\u00e3o plena, por cada batimento card\u00edaco que n\u00e3o percebemos. A sa\u00fade \u00e9 um &#8220;sil\u00eancio&#8221; do corpo que nos permite viver; quando ela &#8220;fala&#8221; atrav\u00e9s da dor, aprendemos a valorizar o que antes passava despercebido.<\/span><\/p>\n<p class=\"p1\" style=\"text-align: justify; text-indent: 35.4pt;\"><span style=\"font-size: 14.0pt;\">Quero destacar a import\u00e2ncia da solidariedade que sustenta essas obras. A filantropia na sa\u00fade n\u00e3o se faz sozinha. Ela \u00e9 um corpo vivo que precisa da comunidade. Agrade\u00e7o a cada doador, a cada volunt\u00e1rio, a cada pessoa que, no anonimato, contribui para que o rem\u00e9dio chegue, para que o len\u00e7ol esteja limpo, para que o alimento seja servido. Voc\u00eas s\u00e3o os cireneus modernos, ajudando a carregar a cruz de tantos irm\u00e3os. A Igreja, fiel ao mandato de Jesus que disse &#8220;curai os enfermos&#8221;, reafirma hoje seu compromisso inegoci\u00e1vel com a defesa da vida, desde a concep\u00e7\u00e3o at\u00e9 o seu decl\u00ednio natural.<\/span><\/p>\n<p class=\"p1\" style=\"text-align: justify; text-indent: 35.4pt;\"><span style=\"font-size: 14.0pt;\">O Evangelho do Bom Samaritano ilumina nossa reflex\u00e3o neste dia. O samaritano n\u00e3o apenas sentiu compaix\u00e3o; ele agiu. Ele cuidou das feridas, levou \u00e0 estalagem e pagou pelas despesas. As nossas institui\u00e7\u00f5es de sa\u00fade filantr\u00f3picas s\u00e3o essa &#8220;estalagem&#8221; moderna. Elas acolhem aquele que a sociedade muitas vezes deixou \u00e0 beira do caminho. E, ao faz\u00ea-lo, restauram n\u00e3o apenas a sa\u00fade f\u00edsica, mas a dignidade ferida. Agradecer a Deus por essas obras \u00e9 reconhecer que o Amor ainda caminha entre n\u00f3s, vestindo jaleco branco, segurando a m\u00e3o do idoso, acalentando a crian\u00e7a febril.<\/span><\/p>\n<p class=\"p1\" style=\"text-align: justify; text-indent: 35.4pt;\"><span style=\"font-size: 14.0pt;\">Pe\u00e7o a Deus que renove as for\u00e7as de todos os que trabalham na \u00e1rea da sa\u00fade. Que o cansa\u00e7o f\u00edsico n\u00e3o apague a chama da voca\u00e7\u00e3o. Que as dificuldades materiais n\u00e3o sufoquem a m\u00edstica do servi\u00e7o. Que cada hospital, cada posto de atendimento, cada cl\u00ednica beneficente seja um farol de luz e humaniza\u00e7\u00e3o. A tecnologia avan\u00e7a, e damos gra\u00e7as por isso, mas nenhuma m\u00e1quina jamais substituir\u00e1 o toque humano, o olhar de compaix\u00e3o e a palavra de conforto. A t\u00e9cnica trata a doen\u00e7a; o amor cura a pessoa.<\/span><\/p>\n<p class=\"p1\" style=\"text-align: justify; text-indent: 35.4pt;\"><span style=\"font-size: 14.0pt;\">Neste 2025, elevo minha prece para que continuemos a construir uma sociedade onde a sa\u00fade n\u00e3o seja um privil\u00e9gio, mas um direito sagrado, garantido e protegido pelo esfor\u00e7o conjunto de todos n\u00f3s. Que saibamos defender e valorizar as entidades que, historicamente, t\u00eam sido o bra\u00e7o direito do sistema de sa\u00fade, chegando onde muitos n\u00e3o chegam.<\/span><\/p>\n<p class=\"p1\" style=\"text-align: justify; text-indent: 35.4pt;\"><span style=\"font-size: 14.0pt;\">Encerro esta reflex\u00e3o com um convite: que hoje, ao redor de nossas mesas, ao agradecermos pelo alimento, reservemos um momento de sil\u00eancio e prece pelos doentes e por aqueles que cuidam deles. Que a nossa gratid\u00e3o se transforme em compromisso solid\u00e1rio. Que o Senhor da Vida, o M\u00e9dico das Almas e dos Corpos, aben\u00e7oe a todos n\u00f3s e nos d\u00ea a gra\u00e7a de sermos, onde quer que estejamos, promotores da vida e da esperan\u00e7a.<\/span><\/p>\n<p class=\"p1\" style=\"text-align: justify; text-indent: 35.4pt;\"><span style=\"font-size: 14.0pt;\">Deus aben\u00e7oe a todos!<\/span><\/p>\n","protected":false},"excerpt":{"rendered":"<p>Neste dia em que o calend\u00e1rio nos aponta o Dia de A\u00e7\u00e3o de Gra\u00e7as de 2025, meu cora\u00e7\u00e3o de pastor se volta para uma dimens\u00e3o muitas vezes silenciosa, mas essencial da nossa exist\u00eancia: o dom da sa\u00fade e a b\u00ean\u00e7\u00e3o daqueles que dedicam suas vidas a preserv\u00e1-la. Se, por um lado, a tradi\u00e7\u00e3o desta data [&hellip;]<\/p>\n","protected":false},"author":53272,"featured_media":92837,"comment_status":"open","ping_status":"closed","sticky":false,"template":"","format":"standard","meta":{"footnotes":""},"categories":[9],"tags":[],"class_list":["post-96419","post","type-post","status-publish","format-standard","has-post-thumbnail","hentry","category-artigos"],"_links":{"self":[{"href":"https:\/\/catolicanet.net\/wp-cnet\/wp-json\/wp\/v2\/posts\/96419","targetHints":{"allow":["GET"]}}],"collection":[{"href":"https:\/\/catolicanet.net\/wp-cnet\/wp-json\/wp\/v2\/posts"}],"about":[{"href":"https:\/\/catolicanet.net\/wp-cnet\/wp-json\/wp\/v2\/types\/post"}],"author":[{"embeddable":true,"href":"https:\/\/catolicanet.net\/wp-cnet\/wp-json\/wp\/v2\/users\/53272"}],"replies":[{"embeddable":true,"href":"https:\/\/catolicanet.net\/wp-cnet\/wp-json\/wp\/v2\/comments?post=96419"}],"version-history":[{"count":1,"href":"https:\/\/catolicanet.net\/wp-cnet\/wp-json\/wp\/v2\/posts\/96419\/revisions"}],"predecessor-version":[{"id":96421,"href":"https:\/\/catolicanet.net\/wp-cnet\/wp-json\/wp\/v2\/posts\/96419\/revisions\/96421"}],"wp:featuredmedia":[{"embeddable":true,"href":"https:\/\/catolicanet.net\/wp-cnet\/wp-json\/wp\/v2\/media\/92837"}],"wp:attachment":[{"href":"https:\/\/catolicanet.net\/wp-cnet\/wp-json\/wp\/v2\/media?parent=96419"}],"wp:term":[{"taxonomy":"category","embeddable":true,"href":"https:\/\/catolicanet.net\/wp-cnet\/wp-json\/wp\/v2\/categories?post=96419"},{"taxonomy":"post_tag","embeddable":true,"href":"https:\/\/catolicanet.net\/wp-cnet\/wp-json\/wp\/v2\/tags?post=96419"}],"curies":[{"name":"wp","href":"https:\/\/api.w.org\/{rel}","templated":true}]}}