{"id":96406,"date":"2025-11-28T10:23:44","date_gmt":"2025-11-28T13:23:44","guid":{"rendered":"https:\/\/catolicanet.net\/wp-cnet\/?p=96406"},"modified":"2025-11-28T13:24:42","modified_gmt":"2025-11-28T16:24:42","slug":"a-parte-mais-dificil-de-levar-as-criancas-a-missa","status":"publish","type":"post","link":"https:\/\/catolicanet.net\/wp-cnet\/a-parte-mais-dificil-de-levar-as-criancas-a-missa\/","title":{"rendered":"A parte mais dif\u00edcil de levar as crian\u00e7as \u00e0 Missa"},"content":{"rendered":"<p style=\"text-align: justify;\"><span class=\"SubHeading_subheading__NJ_eJ\" aria-label=\"post subtitle\">A maior dificuldade dos pais n\u00e3o \u00e9 manter os pequenos quietos durante a Missa; \u00e9 o julgamento dos outros<\/span><\/p>\n<div style=\"text-align: justify;\"><\/div>\n<div class=\"  \" style=\"text-align: justify;\">\n<p>Era um dia santo de obriga\u00e7\u00e3o e meu marido estava no trabalho. Portanto, n\u00e3o havia ningu\u00e9m para me ajudar na Missa com nossos tr\u00eas filhos pequenos.<\/p>\n<\/div>\n<div class=\"  \" style=\"text-align: justify;\">\n<p>Eu n\u00e3o precisava apenas estar na Missa. Eu queria participar dela. Eu queria que meus filhos soubessem que vamos \u00e0 Missa porque amamos Jesus, porque queremos estar com Ele e que a m\u00e3e deles os leva para ver Jesus desde que eram pequenos.<\/p>\n<\/div>\n<div class=\"  \" style=\"text-align: justify;\">\n<p>Isso foi durante o infame inverno de Chicago. Eu queria tanto ir \u00e0 Missa naquele dia que passei mais de duas horas me preparando para isso: dar de mamar ao beb\u00ea, vestir todos eles, trocar fraldas, arrumar a bolsa de fraldas com \u00e1gua, garrafas e livros para colorir. Ainda tinha que separar as botas, chap\u00e9us e roupas de neve, ligar o carro para esquentar, tirar o gelo do p\u00e1ra-brisa, acomodar cada crian\u00e7a no carro e afivelar os cintos de seguran\u00e7a.<\/p>\n<\/div>\n<div class=\"  \" style=\"text-align: justify;\">\n<p>Por fim, est\u00e1vamos prontos e nos dirigimos a uma igreja perto de nossa casa. Mas, apesar das horas de prepara\u00e7\u00e3o, est\u00e1vamos alguns minutos atrasados \u200b\u200be, a princ\u00edpio, n\u00e3o consegui encontrar um lugar para sentar. Finalmente, conseguimos um no meio de um banco. Orei para que a Missa transcorresse sem incidentes.<\/p>\n<\/div>\n<div class=\"  \" style=\"text-align: justify;\">\n<p>Ent\u00e3o veio o momento mais temido. Durante a homilia, meu filho de quatro anos anunciou bem alto: &#8220;Eu preciso fazer xixi!&#8221; O banheiro da igreja fica perto do altar, ent\u00e3o sa\u00edmos do banco e percorremos todo o caminho at\u00e9 a frente da igreja. Parecia que todas as pessoas estavam olhando para n\u00f3s. Os dois pequenos foram agarrados \u00e0s minhas m\u00e3os, tentando correr \u00e0 frente, e o rec\u00e9m-nascido permanecia dormindo no meu peito.<\/p>\n<\/div>\n<div class=\"  \" style=\"text-align: justify;\">\n<p>Est\u00e1vamos quase na frente quando minha filha de dois anos trope\u00e7ou e caiu. Inteiramente indiferente a qualquer pessoa ao nosso lado, ela fez o que qualquer crian\u00e7a faria: deitou-se no ch\u00e3o e gritou em volume m\u00e1ximo. Enquanto isso, meu filho de quatro anos estava concentrado em seu objetivo e tentava fugir em dire\u00e7\u00e3o aos banheiros. Eu lutei para pegar a crian\u00e7a de dois anos, que acordou o beb\u00ea, que se juntou aos prantos. Eu n\u00e3o tinha m\u00e3os suficientes para os tr\u00eas, e, desesperada e presa, comecei a sentir l\u00e1grimas brotando nos meus olhos.<\/p>\n<\/div>\n<div class=\"  \" style=\"text-align: justify;\">\n<p>Nesse momento, uma mulher mais velha apareceu ao meu lado e sussurrou misericordiosamente: &#8220;Como posso ajudar?&#8221; Ela gentilmente levantou a crian\u00e7a do ch\u00e3o e, ela e eu, levamos os pequenos ao banheiro e, depois, de volta ao banco. O resto da Missa foi mais tranquilo.<\/p>\n<\/div>\n<div class=\"  \" style=\"text-align: justify;\">\n<p>Fiquei muito agradecida por essa am\u00e1vel senhora, especialmente porque a experi\u00eancia me mostrou que nem sempre compaix\u00e3o e simpatia s\u00e3o o que as fam\u00edlias jovens encontram quando v\u00e3o \u00e0 Missa.<\/p>\n<\/div>\n<div class=\"  \" style=\"text-align: justify;\">\n<p>\u00c9 incrivelmente dif\u00edcil levar os pequenos para a igreja: as horas de prepara\u00e7\u00e3o, os malabarismos com suas diversas necessidades, as tentativas de mant\u00ea-los quietos por uma hora inteira e control\u00e1-los quando eles querem correr, pular, gritar. Mas a parte mais dif\u00edcil de levar as crian\u00e7as \u00e0 Missa n\u00e3o \u00e9 nada disso; \u00e9 o julgamento dos outros.<\/p>\n<\/div>\n<div class=\"  \" style=\"text-align: justify;\">\n<p>Se voc\u00ea fica irritado com o comportamento de uma crian\u00e7a pequena na Missa, posso garantir que isso est\u00e1 incomodando infinitamente os pais.<\/p>\n<\/div>\n<div class=\"  \" style=\"text-align: justify;\">\n<p>Portanto, neste domingo, desafie-se com a seguinte pergunta: Como posso incentivar os pais de crian\u00e7as pequenas a continuarem indo \u00e0 Missa, mesmo sabendo que isso \u00e9 dif\u00edcil para eles? O que posso fazer para que eles se sintam bem-vindos aqui?<\/p>\n<\/div>\n<div class=\"  \" style=\"text-align: justify;\">\n<p>Aqui est\u00e3o outras coisas que voc\u00ea pode fazer para ajudar os pais com crian\u00e7as pequenas na igreja&#8221;<\/p>\n<\/div>\n<div class=\"  \" style=\"text-align: justify;\">\n<p>&#8211; Se um dos pais est\u00e1 sozinho na Missa e parece estar realmente com dificuldades, pense em perguntar: &#8220;Como posso ajudar?&#8221;;<\/p>\n<\/div>\n<div class=\"  \" style=\"text-align: justify;\">\n<p>&#8211; Depois da Missa, diga algo como: &#8220;Eu sei que \u00e9 t\u00e3o dif\u00edcil levar os pequenos para a igreja&#8230; Obrigado por traz\u00ea-los&#8230; Voc\u00ea est\u00e1 fazendo um trabalho maravilhoso. Adoro ver seus filhos aqui em nossa igreja;<\/p>\n<\/div>\n<div class=\"  \" style=\"text-align: justify;\">\n<p>&#8211; N\u00e3o importa qu\u00e3o boas sejam suas inten\u00e7\u00f5es, nunca fa\u00e7a cr\u00edticas ou d\u00ea um\u00a0<em>feedback<\/em>\u00a0negativo a uma fam\u00edlia sobre seus filhos. Muitas crian\u00e7as t\u00eam defici\u00eancias invis\u00edveis (autismo, TDAH, dist\u00farbio do processamento sensorial, ansiedade etc.) e, embora o comportamento delas possa parecer inadequado para voc\u00ea, pode haver boas raz\u00f5es para o que elas e suas fam\u00edlias est\u00e3o fazendo. Voc\u00ea nunca sabe com o que as fam\u00edlias est\u00e3o lidando, portanto, siga o velho ditado: &#8220;Se voc\u00ea n\u00e3o tem algo de bom para dizer, n\u00e3o diga nada&#8221;;<\/p>\n<\/div>\n<div style=\"text-align: justify;\"><\/div>\n<div class=\"  \" style=\"text-align: justify;\">\n<p>&#8211; Se um beb\u00ea jogar um brinquedo embaixo do banco, devolva-o com um sorriso;<\/p>\n<\/div>\n<div class=\"  \" style=\"text-align: justify;\">\n<p>&#8211;\u00a0Incentive seu padre a mencionar, durante a homilia, que os\u00a0pequenos s\u00e3o bem-vindos, que \u00e9 uma par\u00f3quia familiar;<\/p>\n<\/div>\n<div class=\"  \" style=\"text-align: justify;\">\n<p>&#8211; Se voc\u00ea n\u00e3o tem filhos pequenos, n\u00e3o sente na ponta dos bancos; deixe-a acess\u00edvel para fam\u00edlias que possam precisar se deslocar com facilidade;<\/p>\n<\/div>\n<div class=\"  \" style=\"text-align: justify;\">\n<p>&#8211; Por mais tentadoramente fofos que sejam os pequenos, n\u00e3o os toque sem perguntar, muitos pequeninos podem ficar t\u00edmidos ou chateados;<\/p>\n<\/div>\n<div class=\"  \" style=\"text-align: justify;\">\n<p>&#8211; Converse com seu padre sobre como providenciar um trocador no banheiro e uma prateleira de livros infantis para as fam\u00edlias emprestarem durante a Missa.<\/p>\n<\/div>\n<div class=\"  \" style=\"text-align: justify;\">\n<p>Enfim, o que aconteceria se todo mundo que n\u00e3o tem filhos pequenos se unisse para ajudar fam\u00edlias jovens? Eu tenho certeza de uma coisa: muito mais fam\u00edlias jovens se sentiriam apoiadas e gostariam de voltar \u00e0 igreja.<\/p>\n<\/div>\n<div class=\"  \">\n<p style=\"text-align: justify;\">Ouvi dizer que \u201cse a Igreja n\u00e3o est\u00e1 chorando, est\u00e1 morrendo\u201d. Pode n\u00e3o parecer agora, mas essa crian\u00e7a gritando na sua orelha \u00e9 o futuro de nossa Igreja, aquela que ir\u00e1 servir e ensinar futuros cat\u00f3licos. Se hoje n\u00e3o h\u00e1 crian\u00e7as na igreja, em alguns anos n\u00e3o haver\u00e1 padres nem adultos nos bancos. Vamos trabalhar juntos para construir uma Igreja que seja mais acolhedora para crian\u00e7as e fam\u00edlias jovens, que, por sua vez, edificar\u00e3o nossa Igreja pelas pr\u00f3ximas gera\u00e7\u00f5es.<\/p>\n<\/div>\n","protected":false},"excerpt":{"rendered":"<p>A maior dificuldade dos pais n\u00e3o \u00e9 manter os pequenos quietos durante a Missa; \u00e9 o julgamento dos outros Era um dia santo de obriga\u00e7\u00e3o e meu marido estava no trabalho. Portanto, n\u00e3o havia ningu\u00e9m para me ajudar na Missa com nossos tr\u00eas filhos pequenos. Eu n\u00e3o precisava apenas estar na Missa. Eu queria participar [&hellip;]<\/p>\n","protected":false},"author":1,"featured_media":96407,"comment_status":"open","ping_status":"closed","sticky":false,"template":"","format":"standard","meta":{"footnotes":""},"categories":[4],"tags":[],"class_list":["post-96406","post","type-post","status-publish","format-standard","has-post-thumbnail","hentry","category-cotidiano"],"_links":{"self":[{"href":"https:\/\/catolicanet.net\/wp-cnet\/wp-json\/wp\/v2\/posts\/96406","targetHints":{"allow":["GET"]}}],"collection":[{"href":"https:\/\/catolicanet.net\/wp-cnet\/wp-json\/wp\/v2\/posts"}],"about":[{"href":"https:\/\/catolicanet.net\/wp-cnet\/wp-json\/wp\/v2\/types\/post"}],"author":[{"embeddable":true,"href":"https:\/\/catolicanet.net\/wp-cnet\/wp-json\/wp\/v2\/users\/1"}],"replies":[{"embeddable":true,"href":"https:\/\/catolicanet.net\/wp-cnet\/wp-json\/wp\/v2\/comments?post=96406"}],"version-history":[{"count":1,"href":"https:\/\/catolicanet.net\/wp-cnet\/wp-json\/wp\/v2\/posts\/96406\/revisions"}],"predecessor-version":[{"id":96409,"href":"https:\/\/catolicanet.net\/wp-cnet\/wp-json\/wp\/v2\/posts\/96406\/revisions\/96409"}],"wp:featuredmedia":[{"embeddable":true,"href":"https:\/\/catolicanet.net\/wp-cnet\/wp-json\/wp\/v2\/media\/96407"}],"wp:attachment":[{"href":"https:\/\/catolicanet.net\/wp-cnet\/wp-json\/wp\/v2\/media?parent=96406"}],"wp:term":[{"taxonomy":"category","embeddable":true,"href":"https:\/\/catolicanet.net\/wp-cnet\/wp-json\/wp\/v2\/categories?post=96406"},{"taxonomy":"post_tag","embeddable":true,"href":"https:\/\/catolicanet.net\/wp-cnet\/wp-json\/wp\/v2\/tags?post=96406"}],"curies":[{"name":"wp","href":"https:\/\/api.w.org\/{rel}","templated":true}]}}