{"id":96386,"date":"2025-11-28T09:41:30","date_gmt":"2025-11-28T12:41:30","guid":{"rendered":"https:\/\/catolicanet.net\/wp-cnet\/?p=96386"},"modified":"2025-11-28T12:57:21","modified_gmt":"2025-11-28T15:57:21","slug":"papa-a-logica-da-pequenez-e-a-verdadeira-forca-da-igreja","status":"publish","type":"post","link":"https:\/\/catolicanet.net\/wp-cnet\/papa-a-logica-da-pequenez-e-a-verdadeira-forca-da-igreja\/","title":{"rendered":"Papa: \u201cA l\u00f3gica da pequenez \u00e9 a verdadeira for\u00e7a da Igreja\u201d"},"content":{"rendered":"<div class=\"article__subTitle\" style=\"text-align: justify;\">Durante o encontro com bispos, sacerdotes, religiosos e agentes pastorais em Istambul, na manh\u00e3 desta sexta-feira (28\/11), Le\u00e3o XIV recorda as profundas ra\u00edzes crist\u00e3s da regi\u00e3o e encoraja a pequena comunidade cat\u00f3lica do pa\u00eds a cultivar esperan\u00e7a, servi\u00e7o e renovada miss\u00e3o.<\/div>\n<div class=\"title__separator\" style=\"text-align: justify;\"><\/div>\n<div class=\"article__text\">\n<p style=\"text-align: justify;\"><b>Thulio Fonseca &#8211; Vatican News<\/b><\/p>\n<p><iframe loading=\"lazy\" title=\"Istambul, Encontro de Ora\u00e7\u00e3o, 28 de novembro de 2025, Papa Le\u00e3o XIV\" width=\"696\" height=\"392\" src=\"https:\/\/www.youtube.com\/embed\/OIabY7WQ4Kk?feature=oembed\" frameborder=\"0\" allow=\"accelerometer; autoplay; clipboard-write; encrypted-media; gyroscope; picture-in-picture; web-share\" referrerpolicy=\"strict-origin-when-cross-origin\" allowfullscreen><\/iframe><\/p>\n<p style=\"text-align: justify;\">No in\u00edcio do segundo dia de sua Viagem Apost\u00f3lica \u00e0 T\u00fcrkiye (Turquia), o Papa Le\u00e3o XIV reuniu-se, nesta sexta-feira, 28 de novembro, com bispos, sacerdotes, di\u00e1conos, consagrados e agentes pastorais na Catedral do Esp\u00edrito Santo, em Istambul. Participaram do encontro cerca de 800 pessoas, entre fi\u00e9is reunidos dentro e fora da igreja.<\/p>\n<p style=\"text-align: justify;\"><i>\u201cAgrade\u00e7o ao Senhor que me permite, na minha primeira Viagem Apost\u00f3lica, visitar esta \u2018terra santa\u2019 que \u00e9 a Turquia, onde a hist\u00f3ria do povo de Israel se encontra com o cristianismo nascente, o Antigo e o Novo Testamento se abra\u00e7am, e se escrevem as p\u00e1ginas de numerosos Conc\u00edlios.\u201d<\/i><\/p>\n<p style=\"text-align: justify;\">Ap\u00f3s ser acolhido com muita alegria pelos fi\u00e9is, o Pont\u00edfice, em seu discurso, evocou a densidade hist\u00f3rica da f\u00e9 neste territ\u00f3rio, lembrando que aqui \u201co povo de Israel se encontra com o cristianismo nascente\u201d e que, desde Abra\u00e3o at\u00e9 os Ap\u00f3stolos, esta terra viu surgir algumas das p\u00e1ginas mais decisivas da hist\u00f3ria da salva\u00e7\u00e3o. A mem\u00f3ria desses acontecimentos, por\u00e9m, n\u00e3o deve ser mero orgulho arqueol\u00f3gico \u2014 exortou o Papa \u2014 mas inspira\u00e7\u00e3o viva para o presente.<\/p>\n<div style=\"text-align: justify;\">\n<div class=\"article__embed article__embed--unwrap article__embed--photo\">\n<figure><picture><img decoding=\"async\" class=\"loaded\" title=\"Papa durante o encontro \" src=\"https:\/\/www.vaticannews.va\/content\/dam\/vaticannews\/agenzie\/images\/srv\/2025\/11\/27\/viaggio-apostolico-in-tuerkiye-e-libano\/1764313912282.JPG\/_jcr_content\/renditions\/cq5dam.thumbnail.cropped.750.422.jpeg\" alt=\"Papa durante o encontro \" data-original=\"\/content\/dam\/vaticannews\/agenzie\/images\/srv\/2025\/11\/27\/viaggio-apostolico-in-tuerkiye-e-libano\/1764313912282.JPG\/_jcr_content\/renditions\/cq5dam.thumbnail.cropped.750.422.jpeg\" data-was-processed=\"true\" \/><\/picture><\/figure>\n<div class=\"photo_embed--Title\">Papa durante o encontro \u00a0 (@Vatican Media)<\/div>\n<\/div>\n<\/div>\n<h2 style=\"text-align: justify;\">A for\u00e7a que nasce do pequeno<\/h2>\n<p style=\"text-align: justify;\">Ao falar da identidade e da miss\u00e3o da Igreja no pa\u00eds, o Papa destacou um crit\u00e9rio evang\u00e9lico que define o verdadeiro modo de Deus agir ao longo da hist\u00f3ria:<\/p>\n<div style=\"text-align: justify;\">\n<div class=\"article__embed article__embed--border embed_style\">\n<blockquote><p>\u201cA l\u00f3gica da pequenez \u00e9 a verdadeira for\u00e7a da Igreja. Efetivamente, esta n\u00e3o reside nos seus recursos e nas suas estruturas, nem os frutos da miss\u00e3o da Igreja derivam do consenso num\u00e9rico, poder econ\u00f4mico ou relev\u00e2ncia social. Em vez disso, ela vive da luz do Cordeiro [\u2026] e \u00e9 novamente chamada a sempre confiar na promessa do Senhor: \u2018N\u00e3o temais, pequenino rebanho, porque aprouve ao vosso Pai dar-vos o Reino\u2019.\u201d<\/p><\/blockquote>\n<\/div>\n<\/div>\n<p style=\"text-align: justify;\">Le\u00e3o XIV reconheceu que a comunidade cat\u00f3lica na Turquia \u00e9 numericamente pequena, mas insistiu que ela permanece \u201cfecunda como semente e fermento do Reino\u201d. Por isso, convidou todos a testemunhar o Evangelho com \u201calegria e esperan\u00e7a confiante\u201d, observando que j\u00e1 hoje surgem sinais promissores, como o crescente n\u00famero de jovens que procuram a Igreja com perguntas e inquieta\u00e7\u00f5es espirituais.<\/p>\n<h2 style=\"text-align: justify;\">Prioridades pastorais<\/h2>\n<p style=\"text-align: justify;\">O Santo Padre indicou \u00e2mbitos fundamentais para a miss\u00e3o da Igreja na Turquia: o di\u00e1logo ecum\u00eanico e inter-religioso, a transmiss\u00e3o da f\u00e9 \u00e0 popula\u00e7\u00e3o local e o servi\u00e7o pastoral aos refugiados e migrantes. Ao mesmo tempo, encorajou a perseveran\u00e7a no trabalho catequ\u00e9tico, especialmente no acompanhamento dos muitos jovens que procuram a Igreja com perguntas e inquieta\u00e7\u00f5es, sinal promissor que exige escuta e criatividade mission\u00e1ria.<\/p>\n<p style=\"text-align: justify;\">Sobre a pastoral relacionada aos migrantes e refugiados, o Papa destacou que a presen\u00e7a muito significativa de pessoas deslocadas no pa\u00eds interpela diretamente a comunidade cat\u00f3lica, chamada \u201ca acolher e servir aqueles que est\u00e3o entre os mais vulner\u00e1veis\u201d. Recordou ainda que muitos agentes pastorais v\u00eam de outras na\u00e7\u00f5es, o que torna essencial o esfor\u00e7o \u201cespecial e decidido de incultura\u00e7\u00e3o\u201d, para que a f\u00e9 seja comunicada de modo enraizado na l\u00edngua, nos costumes e na sensibilidade do povo turco. Essa incultura\u00e7\u00e3o, afirmou, \u00e9 condi\u00e7\u00e3o para um an\u00fancio verdadeiramente fecundo do Evangelho.<\/p>\n<div style=\"text-align: justify;\">\n<div class=\"article__embed article__embed--unwrap article__embed--photo\">\n<figure><picture><img decoding=\"async\" class=\"loaded\" title=\"Papa durante o encontro \" src=\"https:\/\/www.vaticannews.va\/content\/dam\/vaticannews\/agenzie\/images\/srv\/2025\/11\/27\/viaggio-apostolico-in-tuerkiye-e-libano\/1764314515155.JPG\/_jcr_content\/renditions\/cq5dam.thumbnail.cropped.750.422.jpeg\" alt=\"Papa durante o encontro \" data-original=\"\/content\/dam\/vaticannews\/agenzie\/images\/srv\/2025\/11\/27\/viaggio-apostolico-in-tuerkiye-e-libano\/1764314515155.JPG\/_jcr_content\/renditions\/cq5dam.thumbnail.cropped.750.422.jpeg\" data-was-processed=\"true\" \/><\/picture><\/figure>\n<div class=\"photo_embed--Title\">Papa durante o encontro \u00a0 (@Vatican Media)<\/div>\n<\/div>\n<\/div>\n<h2 style=\"text-align: justify;\">Niceia e os desafios teol\u00f3gicos de hoje<\/h2>\n<p style=\"text-align: justify;\">Por ocasi\u00e3o dos 1700 anos do Primeiro Conc\u00edlio de Niceia, celebrado em territ\u00f3rio turco, o Papa apontou tr\u00eas desafios atuais para a Igreja universal. O primeiro \u00e9 a necessidade de redescobrir a ess\u00eancia da f\u00e9 crist\u00e3 em torno do Credo, \u201cb\u00fassola\u201d que orienta discernimentos e preserva a unidade. O segundo, combater o que chamou de um \u201cnovo arianismo\u201d, quando Jesus \u00e9 admirado apenas como figura hist\u00f3rica, mas n\u00e3o reconhecido plenamente como Filho de Deus:<\/p>\n<div style=\"text-align: justify;\">\n<div class=\"article__embed article__embed--border embed_style\">\n<blockquote><p>\u201cNiceia lembra-nos: Cristo Jesus n\u00e3o \u00e9 uma figura do passado, \u00e9 o Filho de Deus que est\u00e1 no meio de n\u00f3s, que guia a hist\u00f3ria para o futuro que Deus nos prometeu.\u201d<\/p><\/blockquote>\n<\/div>\n<\/div>\n<p style=\"text-align: justify;\">O terceiro desafio diz respeito ao desenvolvimento da doutrina, que \u2014 explicou \u2014 cresce como um organismo vivo, mantendo a verdade essencial da f\u00e9 ao mesmo tempo em que aprofunda sua forma de express\u00e3o.<\/p>\n<h2 style=\"text-align: justify;\">Intercess\u00e3o de Maria Sant\u00edssima, Theotokos<\/h2>\n<p style=\"text-align: justify;\">Antes de encerrar, o Papa recordou a figura querida de S\u00e3o Jo\u00e3o XXIII, que serviu na Turquia e demonstrou profundo afeto pelo pa\u00eds e seu povo. Inspirado por esse exemplo, o Papa exortou a Igreja local a manter viva a alegria:<\/p>\n<p style=\"text-align: justify;\">\u201cDesejo que sejam animados por esta paix\u00e3o, que conservem a alegria da f\u00e9, que trabalhem como pescadores intr\u00e9pidos no barco do Senhor. Que Maria Sant\u00edssima, a Theotokos, interceda por voc\u00eas e os proteja\u201d, concluiu Le\u00e3o XIV.<\/p>\n<div>\n<div class=\"article__embed article__embed--unwrap article__embed--photo\">\n<figure style=\"text-align: justify;\"><picture><img decoding=\"async\" class=\"loaded\" title=\" \" src=\"https:\/\/www.vaticannews.va\/content\/dam\/vaticannews\/agenzie\/images\/srv\/2025\/11\/27\/viaggio-apostolico-in-tuerkiye-e-libano\/1764314508444.JPG\/_jcr_content\/renditions\/cq5dam.thumbnail.cropped.750.422.jpeg\" alt=\" \" data-original=\"\/content\/dam\/vaticannews\/agenzie\/images\/srv\/2025\/11\/27\/viaggio-apostolico-in-tuerkiye-e-libano\/1764314508444.JPG\/_jcr_content\/renditions\/cq5dam.thumbnail.cropped.750.422.jpeg\" data-was-processed=\"true\" \/><\/picture><\/figure>\n<div class=\"photo_embed--Title\" style=\"text-align: justify;\">\u00a0 (@Vatican Media)<\/div>\n<\/div>\n<\/div>\n<\/div>\n","protected":false},"excerpt":{"rendered":"<p>Durante o encontro com bispos, sacerdotes, religiosos e agentes pastorais em Istambul, na manh\u00e3 desta sexta-feira (28\/11), Le\u00e3o XIV recorda as profundas ra\u00edzes crist\u00e3s da regi\u00e3o e encoraja a pequena comunidade cat\u00f3lica do pa\u00eds a cultivar esperan\u00e7a, servi\u00e7o e renovada miss\u00e3o. Thulio Fonseca &#8211; Vatican News No in\u00edcio do segundo dia de sua Viagem Apost\u00f3lica [&hellip;]<\/p>\n","protected":false},"author":1,"featured_media":96387,"comment_status":"open","ping_status":"closed","sticky":false,"template":"","format":"standard","meta":{"footnotes":""},"categories":[3],"tags":[],"class_list":["post-96386","post","type-post","status-publish","format-standard","has-post-thumbnail","hentry","category-vaticano"],"_links":{"self":[{"href":"https:\/\/catolicanet.net\/wp-cnet\/wp-json\/wp\/v2\/posts\/96386","targetHints":{"allow":["GET"]}}],"collection":[{"href":"https:\/\/catolicanet.net\/wp-cnet\/wp-json\/wp\/v2\/posts"}],"about":[{"href":"https:\/\/catolicanet.net\/wp-cnet\/wp-json\/wp\/v2\/types\/post"}],"author":[{"embeddable":true,"href":"https:\/\/catolicanet.net\/wp-cnet\/wp-json\/wp\/v2\/users\/1"}],"replies":[{"embeddable":true,"href":"https:\/\/catolicanet.net\/wp-cnet\/wp-json\/wp\/v2\/comments?post=96386"}],"version-history":[{"count":3,"href":"https:\/\/catolicanet.net\/wp-cnet\/wp-json\/wp\/v2\/posts\/96386\/revisions"}],"predecessor-version":[{"id":96393,"href":"https:\/\/catolicanet.net\/wp-cnet\/wp-json\/wp\/v2\/posts\/96386\/revisions\/96393"}],"wp:featuredmedia":[{"embeddable":true,"href":"https:\/\/catolicanet.net\/wp-cnet\/wp-json\/wp\/v2\/media\/96387"}],"wp:attachment":[{"href":"https:\/\/catolicanet.net\/wp-cnet\/wp-json\/wp\/v2\/media?parent=96386"}],"wp:term":[{"taxonomy":"category","embeddable":true,"href":"https:\/\/catolicanet.net\/wp-cnet\/wp-json\/wp\/v2\/categories?post=96386"},{"taxonomy":"post_tag","embeddable":true,"href":"https:\/\/catolicanet.net\/wp-cnet\/wp-json\/wp\/v2\/tags?post=96386"}],"curies":[{"name":"wp","href":"https:\/\/api.w.org\/{rel}","templated":true}]}}