{"id":96382,"date":"2025-11-28T09:39:32","date_gmt":"2025-11-28T12:39:32","guid":{"rendered":"https:\/\/catolicanet.net\/wp-cnet\/?p=96382"},"modified":"2025-11-28T11:41:14","modified_gmt":"2025-11-28T14:41:14","slug":"leao-xiv-somos-convidados-a-superar-o-escandalo-das-divisoes-e-a-buscar-a-unidade","status":"publish","type":"post","link":"https:\/\/catolicanet.net\/wp-cnet\/leao-xiv-somos-convidados-a-superar-o-escandalo-das-divisoes-e-a-buscar-a-unidade\/","title":{"rendered":"Le\u00e3o XIV: somos convidados a superar o esc\u00e2ndalo das divis\u00f5es e a buscar a unidade"},"content":{"rendered":"<div class=\"mediaContent__inner \">\n<figure class=\"article__image\" style=\"text-align: justify;\"><span class=\"didascalia_img\">O Papa no Encontro ecum\u00eanico de ora\u00e7\u00e3o em Iznik &#8211; antiga Niceia -, ponto alto desta visita de Le\u00e3o XIV \u00e0 Turquia<\/span><\/figure>\n<\/div>\n<article class=\"article \">\n<div class=\"article__meta \" data-mediatype=\"foto\">\n<div class=\"article__subTitle\" style=\"text-align: justify;\">\u201cA reconcilia\u00e7\u00e3o \u00e9 hoje um apelo que vem da inteira humanidade afligida por conflitos e viol\u00eancia. O desejo de plena comunh\u00e3o entre todos os que creem em Jesus Cristo \u00e9 sempre acompanhado pela busca da fraternidade entre todos os seres humanos\u201d, disse o Santo Padre no Encontro ecum\u00eanico de ora\u00e7\u00e3o em Iznik &#8211; antiga Niceia -, ponto alto desta visita do Santo Padre \u00e0 Turquia, por ocasi\u00e3o dos 1.700 anos do Primeiro Conc\u00edlio de Niceia<\/div>\n<div class=\"title__separator\" style=\"text-align: justify;\"><\/div>\n<div class=\"article__text\">\n<p style=\"text-align: justify;\"><b>Raimundo de Lima \u2013 Vatican News<\/b><\/p>\n<p style=\"text-align: justify;\">Na tarde desta sexta-feira, 28 de novembro, segundo dia da visita do Papa \u00e0 Turquia (T\u00fcrkiye), o Santo Padre deslocou-se de Istambul para Iznik &#8211; antiga Niceia -, situada a 130km de Istambul, para o Encontro ecum\u00eanico de ora\u00e7\u00e3o, ponto alto da primeira etapa desta Viagem Apost\u00f3lica Internacional de Le\u00e3o XIV, por ocasi\u00e3o dos 1.700 anos do Primeiro Conc\u00edlio de Niceia. Na cidade onde convergem hist\u00f3ria e f\u00e9, nas proximidades das escava\u00e7\u00f5es arqueol\u00f3gicas da antiga Bas\u00edlica de S\u00e3o Ne\u00f3fito, o Bispo de Roma encontrou-se com o patriarca ecum\u00eanico Bartolomeu I, metropolitas e v\u00e1rios l\u00edderes religiosos, Chefes das Igrejas e Representantes das Comunh\u00f5es Crist\u00e3s mundiais para um momento ecum\u00eanico de ora\u00e7\u00e3o e recitaram juntos o Credo Niceno-Constantinopolitano.<\/p>\n<p style=\"text-align: justify;\">No discurso que dirigiu aos presentes no local onde foi celebrado o Conc\u00edlio que proclamou a divindade de Cristo, Le\u00e3o XIV foi direto ao ponto, evidenciando o que estava em jogo em Niceia e est\u00e1 em jogo hoje: a f\u00e9 no Deus que, em Jesus Cristo, se fez como n\u00f3s para nos tornar \u201cparticipantes da natureza divina\u201d.<\/p>\n<h2 style=\"text-align: justify;\">Superar o esc\u00e2ndalo das divis\u00f5es<\/h2>\n<p style=\"text-align: justify;\"><i>Esta confiss\u00e3o de f\u00e9 cristol\u00f3gica \u00e9 de fundamental import\u00e2ncia no caminho que os crist\u00e3os est\u00e3o percorrendo rumo \u00e0 plena comunh\u00e3o: ela \u00e9 partilhada, efetivamente, por todas as Igrejas e Comunidades crist\u00e3s no mundo, inclusive aquelas que, por v\u00e1rias raz\u00f5es, n\u00e3o utilizam o Credo Niceno-Constantinopolitano nas suas liturgias.<\/i><\/p>\n<p style=\"text-align: justify;\">Com efeito, prosseguiu o Santo Padre a f\u00e9 \u201cem um s\u00f3 Senhor, Jesus Cristo, Filho unig\u00eanito de Deus, nascido do Pai antes de todos os s\u00e9culos [\u2026] consubstancial ao Pai\u201d (Credo Niceno) \u00e9 um v\u00ednculo profundo que j\u00e1 une todos os crist\u00e3os. Nesse sentido, para citar Santo Agostinho, tamb\u00e9m no \u00e2mbito ecum\u00eanico, acrescentou, podemos dizer que \u201cembora n\u00f3s, crist\u00e3os, sejamos muitos, no \u00fanico Cristo somos um\u201d. Partindo da consci\u00eancia de que j\u00e1 nos encontramos unidos por este v\u00ednculo profundo \u2013 atrav\u00e9s de um caminho de ades\u00e3o cada vez mais total \u00e0 Palavra de Deus revelada em Jesus Cristo e sob a dire\u00e7\u00e3o do Esp\u00edrito Santo, no amor rec\u00edproco e no di\u00e1logo \u2013 somos todos convidados a superar o esc\u00e2ndalo das divis\u00f5es infelizmente ainda existentes e a alimentar o anseio em busca da unidade, pela qual o Senhor Jesus orou e deu a sua vida.<\/p>\n<h2 style=\"text-align: justify;\">A reconcilia\u00e7\u00e3o, um apelo que vem da inteira humanidade<\/h2>\n<p style=\"text-align: justify;\">\u201cQuanto mais n\u00f3s crist\u00e3os estivermos reconciliados &#8211; ressaltou o Pont\u00edfice -, tanto mais poderemos dar um testemunho cr\u00edvel do Evangelho de Jesus Cristo, que \u00e9 an\u00fancio de esperan\u00e7a para todos, mensagem de paz e de fraternidade universal que ultrapassa as fronteiras das nossas comunidades e na\u00e7\u00f5es\u201d.<\/p>\n<p style=\"text-align: justify;\"><i>A reconcilia\u00e7\u00e3o \u00e9 hoje um apelo que vem da inteira humanidade afligida por conflitos e viol\u00eancia. O desejo de plena comunh\u00e3o entre todos os que creem em Jesus Cristo \u00e9 sempre acompanhado pela busca da fraternidade entre todos os seres humanos. No Credo Niceno professamos a nossa f\u00e9 \u201cem um s\u00f3 Deus, Pai todo-poderoso\u201d; no entanto, n\u00e3o seria poss\u00edvel invocar Deus como Pai se recus\u00e1ssemos reconhecer os outros homens e mulheres como irm\u00e3os e irm\u00e3s, tamb\u00e9m eles criados \u00e0 imagem de Deus.<\/i><\/p>\n<h2 style=\"text-align: justify;\">Rejeitar uso da religi\u00e3o para justificar a guerra e a viol\u00eancia<\/h2>\n<p style=\"text-align: justify;\">Le\u00e3o XIV prosseguiu afirmando que existe uma fraternidade e sororidade universal, que n\u00e3o depende da etnia, nacionalidade, religi\u00e3o ou opini\u00e3o. Por sua natureza, as religi\u00f5es s\u00e3o deposit\u00e1rias desta verdade e deveriam encorajar as pessoas, os grupos humanos e os povos a reconhec\u00ea-la e a pratic\u00e1-la.<\/p>\n<div style=\"text-align: justify;\">\n<div class=\"article__embed article__embed--border embed_style\">\n<blockquote><p>\u201cO uso da religi\u00e3o para justificar a guerra e a viol\u00eancia, assim como qualquer forma de fundamentalismo e fanatismo, deve ser rejeitado com veem\u00eancia, enquanto os caminhos a seguir s\u00e3o os do encontro fraterno, do di\u00e1logo e da colabora\u00e7\u00e3o.\u201d<\/p><\/blockquote>\n<\/div>\n<\/div>\n<p style=\"text-align: justify;\">Por fim, o Papa disse estar profundamente grato ao patriarca Bartolomeu, que, com grande sabedoria e vis\u00e3o, decidiu comemorar conjuntamente o 1.700\u00ba anivers\u00e1rio do Conc\u00edlio de Niceia precisamente no local onde foi celebrado; e agradeceu calorosamente aos Chefes das Igrejas e aos Representantes das Comunh\u00f5es Crist\u00e3s mundiais que aceitaram o convite para participar neste evento. \u201cQue Deus Pai, todo-poderoso e misericordioso, ou\u00e7a a fervorosa ora\u00e7\u00e3o que hoje lhe dirigimos e conceda que este importante anivers\u00e1rio traga frutos abundantes de reconcilia\u00e7\u00e3o, unidade e paz\u201d, concluiu.<\/p>\n<\/div>\n<\/div>\n<\/article>\n","protected":false},"excerpt":{"rendered":"<p>O Papa no Encontro ecum\u00eanico de ora\u00e7\u00e3o em Iznik &#8211; antiga Niceia -, ponto alto desta visita de Le\u00e3o XIV \u00e0 Turquia \u201cA reconcilia\u00e7\u00e3o \u00e9 hoje um apelo que vem da inteira humanidade afligida por conflitos e viol\u00eancia. O desejo de plena comunh\u00e3o entre todos os que creem em Jesus Cristo \u00e9 sempre acompanhado pela [&hellip;]<\/p>\n","protected":false},"author":1,"featured_media":96383,"comment_status":"open","ping_status":"closed","sticky":false,"template":"","format":"standard","meta":{"footnotes":""},"categories":[13,3],"tags":[],"class_list":["post-96382","post","type-post","status-publish","format-standard","has-post-thumbnail","hentry","category-featured","category-vaticano"],"_links":{"self":[{"href":"https:\/\/catolicanet.net\/wp-cnet\/wp-json\/wp\/v2\/posts\/96382","targetHints":{"allow":["GET"]}}],"collection":[{"href":"https:\/\/catolicanet.net\/wp-cnet\/wp-json\/wp\/v2\/posts"}],"about":[{"href":"https:\/\/catolicanet.net\/wp-cnet\/wp-json\/wp\/v2\/types\/post"}],"author":[{"embeddable":true,"href":"https:\/\/catolicanet.net\/wp-cnet\/wp-json\/wp\/v2\/users\/1"}],"replies":[{"embeddable":true,"href":"https:\/\/catolicanet.net\/wp-cnet\/wp-json\/wp\/v2\/comments?post=96382"}],"version-history":[{"count":1,"href":"https:\/\/catolicanet.net\/wp-cnet\/wp-json\/wp\/v2\/posts\/96382\/revisions"}],"predecessor-version":[{"id":96385,"href":"https:\/\/catolicanet.net\/wp-cnet\/wp-json\/wp\/v2\/posts\/96382\/revisions\/96385"}],"wp:featuredmedia":[{"embeddable":true,"href":"https:\/\/catolicanet.net\/wp-cnet\/wp-json\/wp\/v2\/media\/96383"}],"wp:attachment":[{"href":"https:\/\/catolicanet.net\/wp-cnet\/wp-json\/wp\/v2\/media?parent=96382"}],"wp:term":[{"taxonomy":"category","embeddable":true,"href":"https:\/\/catolicanet.net\/wp-cnet\/wp-json\/wp\/v2\/categories?post=96382"},{"taxonomy":"post_tag","embeddable":true,"href":"https:\/\/catolicanet.net\/wp-cnet\/wp-json\/wp\/v2\/tags?post=96382"}],"curies":[{"name":"wp","href":"https:\/\/api.w.org\/{rel}","templated":true}]}}