{"id":96352,"date":"2025-11-24T08:29:02","date_gmt":"2025-11-24T11:29:02","guid":{"rendered":"https:\/\/catolicanet.net\/wp-cnet\/?p=96352"},"modified":"2025-11-24T13:32:12","modified_gmt":"2025-11-24T16:32:12","slug":"cnbb-homenageia-os-vencedores-da-55a-edicao-dos-premios-de-comunicacao-no-teatro-tucarena-em-sao-paulo","status":"publish","type":"post","link":"https:\/\/catolicanet.net\/wp-cnet\/cnbb-homenageia-os-vencedores-da-55a-edicao-dos-premios-de-comunicacao-no-teatro-tucarena-em-sao-paulo\/","title":{"rendered":"CNBB homenageia os vencedores da 55\u00aa edi\u00e7\u00e3o dos Pr\u00eamios de Comunica\u00e7\u00e3o, no Teatro Tucarena, em S\u00e3o Paulo"},"content":{"rendered":"<p style=\"text-align: justify;\">Foi ao ar neste domingo, 23\/11, pelas emissoras de TV de inspira\u00e7\u00e3o cat\u00f3lica do Brasil, a cerim\u00f4nia de entrega da 55\u00aa edi\u00e7\u00e3o dos Pr\u00eamios de Comunica\u00e7\u00e3o da Confer\u00eancia Nacional dos Bispos do Brasil (CNBB).<\/p>\n<p style=\"text-align: justify;\"><img loading=\"lazy\" decoding=\"async\" class=\"size-medium wp-image-991872 alignleft\" src=\"https:\/\/www.cnbb.org.br\/wp-content\/uploads\/2025\/11\/Apresentadores_foto-Luciney-Martins_O-SAO-PAULO-300x200.jpg\" sizes=\"auto, (max-width: 300px) 100vw, 300px\" srcset=\"https:\/\/www.cnbb.org.br\/wp-content\/uploads\/2025\/11\/Apresentadores_foto-Luciney-Martins_O-SAO-PAULO-300x200.jpg 300w, https:\/\/www.cnbb.org.br\/wp-content\/uploads\/2025\/11\/Apresentadores_foto-Luciney-Martins_O-SAO-PAULO-1024x683.jpg 1024w, https:\/\/www.cnbb.org.br\/wp-content\/uploads\/2025\/11\/Apresentadores_foto-Luciney-Martins_O-SAO-PAULO-768x512.jpg 768w, https:\/\/www.cnbb.org.br\/wp-content\/uploads\/2025\/11\/Apresentadores_foto-Luciney-Martins_O-SAO-PAULO-1536x1025.jpg 1536w, https:\/\/www.cnbb.org.br\/wp-content\/uploads\/2025\/11\/Apresentadores_foto-Luciney-Martins_O-SAO-PAULO-2048x1367.jpg 2048w, https:\/\/www.cnbb.org.br\/wp-content\/uploads\/2025\/11\/Apresentadores_foto-Luciney-Martins_O-SAO-PAULO-500x334.jpg 500w\" alt=\"\" width=\"300\" height=\"200\" \/>A cerim\u00f4nia foi apresentada pelo padre Arnaldo Rodrigues, assessor de comunica\u00e7\u00e3o da CNBB, e por Talita Salgado, assessora de comunica\u00e7\u00e3o da arquidiocese de Goi\u00e2nia (GO).<\/p>\n<p style=\"text-align: justify;\">A premia\u00e7\u00e3o reuniu membros da presid\u00eancia da CNBB, convidados e profissionais de diferentes \u00e1reas da comunica\u00e7\u00e3o reconhecidos por suas contribui\u00e7\u00f5es \u00e0 promo\u00e7\u00e3o da dignidade humana e dos valores do Evangelho.<\/p>\n<p style=\"text-align: justify;\">Gravada no teatro Tucarena, da Pontif\u00edcia Universidade Cat\u00f3lica de S\u00e3o Paulo (PUC-SP), na capital paulista, a premia\u00e7\u00e3o\u00a0 contou com apresenta\u00e7\u00f5es da S\u00e3o Paulo Schola Cantorum, sob reg\u00eancia do maestro Delphim Rezende Porto.<\/p>\n<figure id=\"attachment_991896\" class=\"wp-caption aligncenter\" style=\"text-align: justify;\" aria-describedby=\"caption-attachment-991896\"><img loading=\"lazy\" decoding=\"async\" class=\"wp-image-991896 size-large\" src=\"https:\/\/www.cnbb.org.br\/wp-content\/uploads\/2025\/11\/Orquestra_foto-Luciney-Martins_O-SAO-PAULO-1024x684.jpg\" sizes=\"auto, (max-width: 1024px) 100vw, 1024px\" srcset=\"https:\/\/www.cnbb.org.br\/wp-content\/uploads\/2025\/11\/Orquestra_foto-Luciney-Martins_O-SAO-PAULO-1024x684.jpg 1024w, https:\/\/www.cnbb.org.br\/wp-content\/uploads\/2025\/11\/Orquestra_foto-Luciney-Martins_O-SAO-PAULO-300x200.jpg 300w, https:\/\/www.cnbb.org.br\/wp-content\/uploads\/2025\/11\/Orquestra_foto-Luciney-Martins_O-SAO-PAULO-768x513.jpg 768w, https:\/\/www.cnbb.org.br\/wp-content\/uploads\/2025\/11\/Orquestra_foto-Luciney-Martins_O-SAO-PAULO-1536x1025.jpg 1536w, https:\/\/www.cnbb.org.br\/wp-content\/uploads\/2025\/11\/Orquestra_foto-Luciney-Martins_O-SAO-PAULO-2048x1367.jpg 2048w, https:\/\/www.cnbb.org.br\/wp-content\/uploads\/2025\/11\/Orquestra_foto-Luciney-Martins_O-SAO-PAULO-500x334.jpg 500w\" alt=\"\" width=\"1024\" height=\"684\" \/><\/figure>\n<p>S\u00e3o Paulo Schola Cantorum, sob reg\u00eancia do maestro Delphim Rezende Porto.<\/p>\n<h3 style=\"text-align: justify;\"><\/h3>\n<h3 style=\"text-align: justify;\">Reconhecimento e gratid\u00e3o da CNBB<\/h3>\n<figure id=\"attachment_991898\" class=\"wp-caption alignright\" style=\"text-align: justify;\" aria-describedby=\"caption-attachment-991898\"><img loading=\"lazy\" decoding=\"async\" class=\"wp-image-991898 size-medium\" src=\"https:\/\/www.cnbb.org.br\/wp-content\/uploads\/2025\/11\/Dom-Jaime_foto-Luciney-Martins_O-SAO-PAULO-3-300x200.jpg\" sizes=\"auto, (max-width: 300px) 100vw, 300px\" srcset=\"https:\/\/www.cnbb.org.br\/wp-content\/uploads\/2025\/11\/Dom-Jaime_foto-Luciney-Martins_O-SAO-PAULO-3-300x200.jpg 300w, https:\/\/www.cnbb.org.br\/wp-content\/uploads\/2025\/11\/Dom-Jaime_foto-Luciney-Martins_O-SAO-PAULO-3-1024x683.jpg 1024w, https:\/\/www.cnbb.org.br\/wp-content\/uploads\/2025\/11\/Dom-Jaime_foto-Luciney-Martins_O-SAO-PAULO-3-768x512.jpg 768w, https:\/\/www.cnbb.org.br\/wp-content\/uploads\/2025\/11\/Dom-Jaime_foto-Luciney-Martins_O-SAO-PAULO-3-1536x1025.jpg 1536w, https:\/\/www.cnbb.org.br\/wp-content\/uploads\/2025\/11\/Dom-Jaime_foto-Luciney-Martins_O-SAO-PAULO-3-2048x1367.jpg 2048w, https:\/\/www.cnbb.org.br\/wp-content\/uploads\/2025\/11\/Dom-Jaime_foto-Luciney-Martins_O-SAO-PAULO-3-500x334.jpg 500w\" alt=\"\" width=\"300\" height=\"200\" \/><figcaption id=\"caption-attachment-991898\" class=\"wp-caption-text\">Presidente da CNBB homenageia os premiados e fala do sentido de comunica\u00e7\u00e3o para a Igreja:\u201dpromover entre n\u00f3s: o belo, o uno e a verdade\u201d. | Fotos de Luciney Martins, O S. Paulo<\/figcaption><\/figure>\n<p style=\"text-align: justify;\">Ao dar in\u00edcio \u00e0 cerim\u00f4nia, o cardeal Jaime Spengler, arcebispo de Porto Alegre (RS) e presidente da CNBB, destacou o sentido de reconhecimento e gratid\u00e3o que marca os pr\u00eamios.<\/p>\n<p style=\"text-align: justify;\">\u201c\u00c9 um momento de reconhecimento e de gratid\u00e3o pelo trabalho realizado por meio de tantas pessoas que se disp\u00f5em a promover entre n\u00f3s o belo, o uno e a verdade\u201d, afirmou.<\/p>\n<blockquote><p>Dom Jaime tamb\u00e9m ressaltou a dimens\u00e3o transcendente da comunica\u00e7\u00e3o. \u201cComunicar significa participar da ess\u00eancia do divino, do transcendente. Comunicar, bem, transmitir aquilo que promove a vida em todas as suas manifesta\u00e7\u00f5es\u201d, sublinhou. Ao final, o Cardeal Spengler desejou que o encontro pudesse fortalecer a miss\u00e3o comum: \u201cOxal\u00e1 possamos avan\u00e7ar sempre mais nesta tarefa desafiadora que \u00e9 comunicar bem\u201d.<\/p><\/blockquote>\n<p style=\"text-align: justify;\">Em v\u00eddeo, o cardeal Odilo Pedro Scherer, arcebispo de S\u00e3o Paulo e gr\u00e3o-chanceler da PUC-SP, saudou os participantes e sublinhou a import\u00e2ncia do momento. Os Pr\u00eamios de Comunica\u00e7\u00e3o, afirmou, incentivam \u201co bom trabalho da comunica\u00e7\u00e3o, a fim de premiar express\u00f5es de comunica\u00e7\u00e3o da Igreja no Brasil\u201d. Ele lembrou ainda que, no contexto do Jubileu celebrado neste ano, a comunica\u00e7\u00e3o eclesial deve ser sempre marcada pela esperan\u00e7a. \u201cMesmo quando tem que se ocupar de fatos, muitas vezes tr\u00e1gicos (\u2026), a nossa comunica\u00e7\u00e3o sempre deve se caracterizar por ser comunicadora tamb\u00e9m da esperan\u00e7a\u201d, ressaltou.<\/p>\n<h3 style=\"text-align: justify;\">Pr\u00eamios de Comunica\u00e7\u00e3o da CNBB<\/h3>\n<p style=\"text-align: justify;\"><img loading=\"lazy\" decoding=\"async\" class=\"size-medium wp-image-991874 alignleft\" src=\"https:\/\/www.cnbb.org.br\/wp-content\/uploads\/2025\/11\/Trofeus-300x200.jpg\" sizes=\"auto, (max-width: 300px) 100vw, 300px\" srcset=\"https:\/\/www.cnbb.org.br\/wp-content\/uploads\/2025\/11\/Trofeus-300x200.jpg 300w, https:\/\/www.cnbb.org.br\/wp-content\/uploads\/2025\/11\/Trofeus-1024x683.jpg 1024w, https:\/\/www.cnbb.org.br\/wp-content\/uploads\/2025\/11\/Trofeus-768x512.jpg 768w, https:\/\/www.cnbb.org.br\/wp-content\/uploads\/2025\/11\/Trofeus-1536x1025.jpg 1536w, https:\/\/www.cnbb.org.br\/wp-content\/uploads\/2025\/11\/Trofeus-2048x1367.jpg 2048w, https:\/\/www.cnbb.org.br\/wp-content\/uploads\/2025\/11\/Trofeus-500x334.jpg 500w\" alt=\"\" width=\"300\" height=\"200\" \/>Criados para valorizar o trabalho de profissionais e iniciativas que promovem a vida, a justi\u00e7a e a verdade, os Pr\u00eamios de Comunica\u00e7\u00e3o da CNBB se consolidaram, desde 1967, como um dos mais tradicionais reconhecimentos no campo da m\u00eddia brasileira.<\/p>\n<p style=\"text-align: justify;\">Entre os pr\u00eamios tradicionais est\u00e3o o \u201cMargarida de Prata\u201d (Cinema), \u201cMicrofone de Prata\u201d (R\u00e1dio), \u201cDom Helder C\u00e2mara\u201d (Imprensa), \u201cClara de Assis\u201d (Televis\u00e3o), \u201cDom Luciano Mendes de Almeida\u201d (Internet), \u201cKerigma\u201d (Pastoral da Comunica\u00e7\u00e3o) e \u201cPapa Francisco\u201d (Teses e Disserta\u00e7\u00f5es Acad\u00eamicas). A novidade deste ano foi a inclus\u00e3o do Pr\u00eamio \u201cS\u00e3o Carlo Acutis\u201d, voltado \u00e0s \u00e1reas de publicidade, identidade visual e design digital.<\/p>\n<p style=\"text-align: justify;\">A entrega dos pr\u00eamios foi realizada por dom Jaime e os demais membros da presid\u00eancia da CNBB \u2013 dom Jo\u00e3o Justino de Medeiros Silva, arcebispo de Goi\u00e2nia e primeiro vive-presidente; dom Paulo Jackson N\u00f3brega de Sousa, arcebispo de Olinda e Recife (PE) e segundo vice-presidente; dom Ricardo Hoepers, bispo auxiliar de Bras\u00edlia e secret\u00e1rio-geral.<\/p>\n<p style=\"text-align: justify;\">Tamb\u00e9m participaram da entrega dom Valdir Jos\u00e9 de Castro, bispo de Campo Limpo (SP) e presidente da Comiss\u00e3o Episcopal Pastoral para a Comunica\u00e7\u00e3o; dom Moacir Silva, arcebispo de Ribeir\u00e3o Preto (SP) e presidente do Regional Sul 1 da CNBB; e o padre Leandro Megeto, subsecret\u00e1rio adjunto-geral da CNBB.<\/p>\n<blockquote><p>Ao celebrar a 55\u00aa edi\u00e7\u00e3o de seus Pr\u00eamios de Comunica\u00e7\u00e3o, a CNBB renova seu compromisso de incentivar uma comunica\u00e7\u00e3o comprometida com a promo\u00e7\u00e3o da vida, da verdade e do bem comum, reconhecendo iniciativas que fortalecem uma cultura de fraternidade, justi\u00e7a e esperan\u00e7a no pa\u00eds.<\/p><\/blockquote>\n<p style=\"text-align: justify;\"><strong>Vencedores da 55\u00aa edi\u00e7\u00e3o dos Pr\u00eamios de Comunica\u00e7\u00e3o da CNBB:<\/strong><\/p>\n<h3 style=\"text-align: justify;\">Microfone de Prata \u2013 produ\u00e7\u00f5es radiof\u00f4nicas<\/h3>\n<p style=\"text-align: justify;\"><strong><br \/>\nJornalismo<\/strong><br \/>\n\u2013 Reportagem\u00a0<strong><em>\u201cDa promessa \u00e0 tradi\u00e7\u00e3o \u2013 O massacre dos Lanceiros Negros\u201d,<\/em><\/strong>\u00a0dos autores Leila da Cruza Gon\u00e7alves e Luiz Felipe, veiculada na R\u00e1dio Senado. Conhe\u00e7a\u00a0<a href=\"https:\/\/soundcloud.com\/leila-heredia-323922017\/o-massacre-de-porongos?utm_source=clipboard&amp;utm_medium=text&amp;utm_campaign=social_sharing&amp;si=1b27ef8ec2174956835c6d7b5ddbe7d2\" target=\"_blank\" rel=\"noopener\">aqui.<\/a><\/p>\n<p style=\"text-align: justify;\"><strong>Religioso<\/strong><br \/>\n\u2013<strong><em>\u00a0\u201cA m\u00edstica de Nazar\u00e9\u201d<\/em><\/strong>, publicado na R\u00e1dio 106.1 FM, da Rede Excelsior de Comunica\u00e7\u00e3o, do padre Danilo Pinto dos Santos, sacerdote da arquidiocese de Salvador. Conhe\u00e7a\u00a0<a href=\"https:\/\/soundcloud.com\/danilo-543187279\/sets\/a-mistica-de-nazare?si=8efe1841d67e4a6b99f14806a0cd39c6&amp;utm_source=clipboard&amp;utm_medium=text&amp;utm_campaign=social_sharing\" target=\"_blank\" rel=\"noopener\">aqui<\/a>.<\/p>\n<p style=\"text-align: justify;\"><strong>Entretenimento<\/strong><br \/>\n\u2013 Especial conto\u00a0<em><strong>\u201cUtopia\u201d<\/strong><\/em>\u00a0sobre a fam\u00edlia, baseado na Can\u00e7\u00e3o do Padre Zezinho, de Marcos Tiago Fortes, veiculado na R\u00e1dio Aparecida e Rede Aparecida de R\u00e1dio. Conhe\u00e7a\u00a0<a href=\"https:\/\/drive.google.com\/drive\/u\/0\/folders\/1DXSKD4fBMuhJOhQcOVsCrvpdcQ0RPtMC\" target=\"_blank\" rel=\"noopener\">aqui<\/a><\/p>\n<div id=\"gallery-1\" class=\"gallery galleryid-991804 gallery-columns-3 gallery-size-thumbnail\" style=\"text-align: justify;\">\n<figure class=\"gallery-item\">\n<div class=\"gallery-icon landscape\"><a class=\"rl-gallery-link\" title=\"\" href=\"https:\/\/www.cnbb.org.br\/wp-content\/uploads\/2025\/11\/Heredia_foto-Luciney-Martins_O-SAO-PAULO-scaled.jpg\" data-rl_title=\"\" data-rl_caption=\"\" data-rel=\"lightbox-gallery-1\" data-rl_=\"\"><img loading=\"lazy\" decoding=\"async\" class=\"attachment-thumbnail size-thumbnail\" src=\"https:\/\/www.cnbb.org.br\/wp-content\/uploads\/2025\/11\/Heredia_foto-Luciney-Martins_O-SAO-PAULO-150x150.jpg\" sizes=\"auto, (max-width: 150px) 100vw, 150px\" srcset=\"https:\/\/www.cnbb.org.br\/wp-content\/uploads\/2025\/11\/Heredia_foto-Luciney-Martins_O-SAO-PAULO-150x150.jpg 150w, https:\/\/www.cnbb.org.br\/wp-content\/uploads\/2025\/11\/Heredia_foto-Luciney-Martins_O-SAO-PAULO-800x800.jpg 800w\" alt=\"\" width=\"150\" height=\"150\" \/><\/a><\/div>\n<\/figure>\n<figure class=\"gallery-item\">\n<div class=\"gallery-icon landscape\"><a class=\"rl-gallery-link\" title=\"\" href=\"https:\/\/www.cnbb.org.br\/wp-content\/uploads\/2025\/11\/Padre-Danilo_foto-Luciney-Martins_O-SAO-PAULO.jpg\" data-rl_title=\"\" data-rl_caption=\"\" data-rel=\"lightbox-gallery-1\" data-rl_=\"\"><img loading=\"lazy\" decoding=\"async\" class=\"attachment-thumbnail size-thumbnail\" src=\"https:\/\/www.cnbb.org.br\/wp-content\/uploads\/2025\/11\/Padre-Danilo_foto-Luciney-Martins_O-SAO-PAULO-150x150.jpg\" sizes=\"auto, (max-width: 150px) 100vw, 150px\" srcset=\"https:\/\/www.cnbb.org.br\/wp-content\/uploads\/2025\/11\/Padre-Danilo_foto-Luciney-Martins_O-SAO-PAULO-150x150.jpg 150w, https:\/\/www.cnbb.org.br\/wp-content\/uploads\/2025\/11\/Padre-Danilo_foto-Luciney-Martins_O-SAO-PAULO-800x800.jpg 800w\" alt=\"\" width=\"150\" height=\"150\" \/><\/a><\/div>\n<\/figure>\n<figure class=\"gallery-item\">\n<div class=\"gallery-icon landscape\"><a class=\"rl-gallery-link\" title=\"\" href=\"https:\/\/www.cnbb.org.br\/wp-content\/uploads\/2025\/11\/MPentrenimento.jpg\" data-rl_title=\"\" data-rl_caption=\"\" data-rel=\"lightbox-gallery-1\" data-rl_=\"\"><img loading=\"lazy\" decoding=\"async\" class=\"attachment-thumbnail size-thumbnail\" src=\"https:\/\/www.cnbb.org.br\/wp-content\/uploads\/2025\/11\/MPentrenimento-150x150.jpg\" sizes=\"auto, (max-width: 150px) 100vw, 150px\" srcset=\"https:\/\/www.cnbb.org.br\/wp-content\/uploads\/2025\/11\/MPentrenimento-150x150.jpg 150w, https:\/\/www.cnbb.org.br\/wp-content\/uploads\/2025\/11\/MPentrenimento-800x800.jpg 800w\" alt=\"\" width=\"150\" height=\"150\" \/><\/a><\/div>\n<\/figure>\n<\/div>\n<h3 style=\"text-align: justify;\">Pr\u00eamio Clara de Assis \u2013 televis\u00e3o<\/h3>\n<p style=\"text-align: justify;\"><strong><br \/>\nReportagem<\/strong><br \/>\n\u2013 Reportagem\u00a0<strong><em>\u201cConvento de Campinas (SP) acolhe e promove a sa\u00fade de irm\u00e3s idosas\u201d<\/em><\/strong>, de Victor Gabriel de Freitas, exibida na Rede S\u00e9culo 21 \u2013 Associa\u00e7\u00e3o do Senhor Jesus.\u00a0 Conhe\u00e7a\u00a0<a title=\"\" href=\"https:\/\/www.youtube.com\/watch?v=K1K_aFspwK8&amp;list=PL5ZdTaQ4K90bMQWQHJ6rz-2IJzOlpaC-f&amp;index=20\" target=\"_blank\" rel=\"noopener\" data-rel=\"lightbox-video-0\">aqui.<\/a><br \/>\n<strong><br \/>\nEntretenimento<\/strong><br \/>\n<strong>\u2013\u00a0<em>\u201cRota do Ros\u00e1rio \u2013 Caminhos da Evangeliza\u00e7\u00e3o com Carol Tormena\u201d,<\/em><\/strong>\u00a0de Associa\u00e7\u00e3o Evangelizar \u00e9 Preciso publicada na TV Evangelizar. Conhe\u00e7a\u00a0<a title=\"\" href=\"https:\/\/www.youtube.com\/watch?v=djBQ5qWh-bA&amp;t=42s\" target=\"_blank\" rel=\"noopener\" data-rel=\"lightbox-video-1\">aqui.<\/a><\/p>\n<p style=\"text-align: justify;\"><strong>Document\u00e1rio<\/strong><br \/>\n\u2013 Programa Arquivo A:<strong><em>\u00a0\u201cDesafios da Igreja \u2013 Inf\u00e2ncia Roubada\u201d<\/em><\/strong>, de Camila Morais, veiculado na TV Aparecida. Conhe\u00e7a\u00a0<a title=\"\" href=\"https:\/\/www.youtube.com\/watch?v=2Mv4dVbsPmc\" target=\"_blank\" rel=\"noopener\" data-rel=\"lightbox-video-2\">aqui.<\/a><\/p>\n<div id=\"gallery-2\" class=\"gallery galleryid-991804 gallery-columns-3 gallery-size-thumbnail\" style=\"text-align: justify;\">\n<figure class=\"gallery-item\">\n<div class=\"gallery-icon landscape\"><a class=\"rl-gallery-link\" title=\"\" href=\"https:\/\/www.cnbb.org.br\/wp-content\/uploads\/2025\/11\/Victor_foto-Luciney-Martins_O-SAO-PAULO-scaled.jpg\" data-rl_title=\"\" data-rl_caption=\"\" data-rel=\"lightbox-gallery-2\" data-rl_=\"\"><img loading=\"lazy\" decoding=\"async\" class=\"attachment-thumbnail size-thumbnail\" src=\"https:\/\/www.cnbb.org.br\/wp-content\/uploads\/2025\/11\/Victor_foto-Luciney-Martins_O-SAO-PAULO-150x150.jpg\" sizes=\"auto, (max-width: 150px) 100vw, 150px\" srcset=\"https:\/\/www.cnbb.org.br\/wp-content\/uploads\/2025\/11\/Victor_foto-Luciney-Martins_O-SAO-PAULO-150x150.jpg 150w, https:\/\/www.cnbb.org.br\/wp-content\/uploads\/2025\/11\/Victor_foto-Luciney-Martins_O-SAO-PAULO-800x800.jpg 800w\" alt=\"\" width=\"150\" height=\"150\" \/><\/a><\/div>\n<\/figure>\n<figure class=\"gallery-item\">\n<div class=\"gallery-icon landscape\"><a class=\"rl-gallery-link\" title=\"\" href=\"https:\/\/www.cnbb.org.br\/wp-content\/uploads\/2025\/11\/Clara-de-Assim-Tormena_foto-Luciney-Martins_O-SAO-PAULO-scaled.jpg\" data-rl_title=\"\" data-rl_caption=\"\" data-rel=\"lightbox-gallery-2\" data-rl_=\"\"><img loading=\"lazy\" decoding=\"async\" class=\"attachment-thumbnail size-thumbnail\" src=\"https:\/\/www.cnbb.org.br\/wp-content\/uploads\/2025\/11\/Clara-de-Assim-Tormena_foto-Luciney-Martins_O-SAO-PAULO-150x150.jpg\" sizes=\"auto, (max-width: 150px) 100vw, 150px\" srcset=\"https:\/\/www.cnbb.org.br\/wp-content\/uploads\/2025\/11\/Clara-de-Assim-Tormena_foto-Luciney-Martins_O-SAO-PAULO-150x150.jpg 150w, https:\/\/www.cnbb.org.br\/wp-content\/uploads\/2025\/11\/Clara-de-Assim-Tormena_foto-Luciney-Martins_O-SAO-PAULO-800x800.jpg 800w\" alt=\"\" width=\"150\" height=\"150\" \/><\/a><\/div>\n<\/figure>\n<figure class=\"gallery-item\">\n<div class=\"gallery-icon landscape\"><a class=\"rl-gallery-link\" title=\"\" href=\"https:\/\/www.cnbb.org.br\/wp-content\/uploads\/2025\/11\/Clara-de-Assim_foto-Luciney-Martins_O-SAO-PAULO-scaled.jpg\" data-rl_title=\"\" data-rl_caption=\"\" data-rel=\"lightbox-gallery-2\" data-rl_=\"\"><img loading=\"lazy\" decoding=\"async\" class=\"attachment-thumbnail size-thumbnail\" src=\"https:\/\/www.cnbb.org.br\/wp-content\/uploads\/2025\/11\/Clara-de-Assim_foto-Luciney-Martins_O-SAO-PAULO-150x150.jpg\" sizes=\"auto, (max-width: 150px) 100vw, 150px\" srcset=\"https:\/\/www.cnbb.org.br\/wp-content\/uploads\/2025\/11\/Clara-de-Assim_foto-Luciney-Martins_O-SAO-PAULO-150x150.jpg 150w, https:\/\/www.cnbb.org.br\/wp-content\/uploads\/2025\/11\/Clara-de-Assim_foto-Luciney-Martins_O-SAO-PAULO-800x800.jpg 800w\" alt=\"\" width=\"150\" height=\"150\" \/><\/a><\/div>\n<\/figure>\n<\/div>\n<h3 style=\"text-align: justify;\">Pr\u00eamio dom H\u00e9lder C\u00e2mara \u2013 sites, hot sites e revistas<\/h3>\n<p style=\"text-align: justify;\"><strong><br \/>\nJornal<br \/>\n<\/strong>\u2013\u00a0 A reportagem\u00a0<strong><em>\u201cCatequese inclusiva\u201d<\/em><\/strong>, publicada no jornal O S\u00e3o Paulo, do rep\u00f3rter Daniel Gomes. Conhe\u00e7a\u00a0<a href=\"https:\/\/premios.cnbb.org.br\/wp-content\/uploads\/gravity_forms\/8-3f79b2960ff684b2f734d38a7235a1e6\/2025\/05\/Ed-3468-de-11102023-Catequese-Inclusiva.pdf\" target=\"_blank\" rel=\"noopener\">aqui<\/a>.<\/p>\n<p style=\"text-align: justify;\"><strong>Revista<\/strong><\/p>\n<p style=\"text-align: justify;\">\u2013 A reportagem\u00a0<em><strong>\u201c<\/strong><strong>Entre ruas e pra\u00e7as: um jeito de caminhar\u201d,<\/strong>\u00a0<\/em>de Jana\u00edna da Concei\u00e7\u00e3o de Paula Santos, publicada na revista da Pastoral do Povo de Rua. Conhe\u00e7a\u00a0<a href=\"https:\/\/premios.cnbb.org.br\/wp-content\/uploads\/gravity_forms\/8-3f79b2960ff684b2f734d38a7235a1e6\/2025\/04\/POVO-DA-RUA_Revista-Entre-Ruas-e-Pracas.pdf\" target=\"_blank\" rel=\"noopener\">aqui.<\/a><\/p>\n<p style=\"text-align: justify;\"><strong>Sites<br \/>\n<\/strong>\u2013 A mat\u00e9ria\u00a0<strong><em>\u201cV\u00ednculo de trabalho permite que migrantes e refugiados se integrem \u00e0 sociedade brasileira\u201d<\/em>\u00a0<\/strong>publicada no site do<em>\u00a0Servi\u00e7o Jesu\u00edta a Migrantes e Refugiados Brasil\u201d, de\u00a0<\/em>Monalisa Coelho. Conhe\u00e7a\u00a0<a href=\"https:\/\/sjmrbrasil.org\/vinculo-de-trabalho-permite-que-migrantes-e-refugiados-se-integrem-a-sociedade-brasileira\/\" target=\"_blank\" rel=\"noopener\">aqui<\/a>.<\/p>\n<div id=\"gallery-3\" class=\"gallery galleryid-991804 gallery-columns-3 gallery-size-thumbnail\" style=\"text-align: justify;\">\n<figure class=\"gallery-item\">\n<div class=\"gallery-icon landscape\"><a class=\"rl-gallery-link\" title=\"\" href=\"https:\/\/www.cnbb.org.br\/wp-content\/uploads\/2025\/11\/Daniel_foto_Luciney-Martins_O-SAO-PAULO-2-scaled.jpg\" data-rl_title=\"\" data-rl_caption=\"\" data-rel=\"lightbox-gallery-3\" data-rl_=\"\"><img loading=\"lazy\" decoding=\"async\" class=\"attachment-thumbnail size-thumbnail\" src=\"https:\/\/www.cnbb.org.br\/wp-content\/uploads\/2025\/11\/Daniel_foto_Luciney-Martins_O-SAO-PAULO-2-150x150.jpg\" sizes=\"auto, (max-width: 150px) 100vw, 150px\" srcset=\"https:\/\/www.cnbb.org.br\/wp-content\/uploads\/2025\/11\/Daniel_foto_Luciney-Martins_O-SAO-PAULO-2-150x150.jpg 150w, https:\/\/www.cnbb.org.br\/wp-content\/uploads\/2025\/11\/Daniel_foto_Luciney-Martins_O-SAO-PAULO-2-800x800.jpg 800w\" alt=\"\" width=\"150\" height=\"150\" \/><\/a><\/div>\n<\/figure>\n<figure class=\"gallery-item\">\n<div class=\"gallery-icon landscape\"><a class=\"rl-gallery-link\" title=\"\" href=\"https:\/\/www.cnbb.org.br\/wp-content\/uploads\/2025\/11\/Janaina_foto-Luciney-Martins_O-SAO-PAULO-scaled.jpg\" data-rl_title=\"\" data-rl_caption=\"\" data-rel=\"lightbox-gallery-3\" data-rl_=\"\"><img loading=\"lazy\" decoding=\"async\" class=\"attachment-thumbnail size-thumbnail\" src=\"https:\/\/www.cnbb.org.br\/wp-content\/uploads\/2025\/11\/Janaina_foto-Luciney-Martins_O-SAO-PAULO-150x150.jpg\" sizes=\"auto, (max-width: 150px) 100vw, 150px\" srcset=\"https:\/\/www.cnbb.org.br\/wp-content\/uploads\/2025\/11\/Janaina_foto-Luciney-Martins_O-SAO-PAULO-150x150.jpg 150w, https:\/\/www.cnbb.org.br\/wp-content\/uploads\/2025\/11\/Janaina_foto-Luciney-Martins_O-SAO-PAULO-800x800.jpg 800w\" alt=\"\" width=\"150\" height=\"150\" \/><\/a><\/div>\n<\/figure>\n<figure class=\"gallery-item\">\n<div class=\"gallery-icon landscape\"><a class=\"rl-gallery-link\" title=\"\" href=\"https:\/\/www.cnbb.org.br\/wp-content\/uploads\/2025\/11\/Monalisa_foto-Luciney-Martins_O-SAO-PAULO-2-scaled.jpg\" data-rl_title=\"\" data-rl_caption=\"\" data-rel=\"lightbox-gallery-3\" data-rl_=\"\"><img loading=\"lazy\" decoding=\"async\" class=\"attachment-thumbnail size-thumbnail\" src=\"https:\/\/www.cnbb.org.br\/wp-content\/uploads\/2025\/11\/Monalisa_foto-Luciney-Martins_O-SAO-PAULO-2-150x150.jpg\" sizes=\"auto, (max-width: 150px) 100vw, 150px\" srcset=\"https:\/\/www.cnbb.org.br\/wp-content\/uploads\/2025\/11\/Monalisa_foto-Luciney-Martins_O-SAO-PAULO-2-150x150.jpg 150w, https:\/\/www.cnbb.org.br\/wp-content\/uploads\/2025\/11\/Monalisa_foto-Luciney-Martins_O-SAO-PAULO-2-800x800.jpg 800w\" alt=\"\" width=\"150\" height=\"150\" \/><\/a><\/div>\n<\/figure>\n<\/div>\n<h3 style=\"text-align: justify;\">Pr\u00eamio Margarida de Prata \u2013 cinema<\/h3>\n<p style=\"text-align: justify;\"><strong><br \/>\nLonga metragem<\/strong><br \/>\n\u2013 O filme\u00a0<strong>\u201cMada e Bia\u201d<\/strong>, de Dagmar Olmo Talga. Conhe\u00e7a\u00a0<a href=\"https:\/\/drive.google.com\/file\/d\/1C-WC4TKDA6MIfPSsilXka3Dv9Bkkcj6t\/view?usp=sharing\" target=\"_blank\" rel=\"noopener\">aqui.<\/a><\/p>\n<p style=\"text-align: justify;\"><strong>Curta metragem<\/strong><\/p>\n<p style=\"text-align: justify;\">\u2013 O curta metragem<strong><em>\u00a0\u201cDesterro\u201d<\/em><\/strong>, de Quel Haru Augusto Satto Vilela, Maria Lu\u00edsa Reis e C\u00e1ritas Minas Gerais. Conhe\u00e7a\u00a0<a title=\"\" href=\"https:\/\/www.youtube.com\/watch?v=prrgvpw1LMc\" target=\"_blank\" rel=\"noopener\" data-rel=\"lightbox-video-3\">aqui<\/a>.<\/p>\n<div id=\"gallery-4\" class=\"gallery galleryid-991804 gallery-columns-2 gallery-size-medium\" style=\"text-align: justify;\">\n<figure class=\"gallery-item\">\n<div class=\"gallery-icon landscape\"><a class=\"rl-gallery-link\" title=\"\" href=\"https:\/\/www.cnbb.org.br\/wp-content\/uploads\/2025\/11\/Longa_foto-Luciney-Martins_O-SAO-PAULO-scaled.jpg\" data-rl_title=\"\" data-rl_caption=\"\" data-rel=\"lightbox-gallery-4\" data-rl_=\"\"><img loading=\"lazy\" decoding=\"async\" class=\"attachment-medium size-medium\" src=\"https:\/\/www.cnbb.org.br\/wp-content\/uploads\/2025\/11\/Longa_foto-Luciney-Martins_O-SAO-PAULO-300x200.jpg\" sizes=\"auto, (max-width: 300px) 100vw, 300px\" srcset=\"https:\/\/www.cnbb.org.br\/wp-content\/uploads\/2025\/11\/Longa_foto-Luciney-Martins_O-SAO-PAULO-300x200.jpg 300w, https:\/\/www.cnbb.org.br\/wp-content\/uploads\/2025\/11\/Longa_foto-Luciney-Martins_O-SAO-PAULO-1024x684.jpg 1024w, https:\/\/www.cnbb.org.br\/wp-content\/uploads\/2025\/11\/Longa_foto-Luciney-Martins_O-SAO-PAULO-768x513.jpg 768w, https:\/\/www.cnbb.org.br\/wp-content\/uploads\/2025\/11\/Longa_foto-Luciney-Martins_O-SAO-PAULO-1536x1026.jpg 1536w, https:\/\/www.cnbb.org.br\/wp-content\/uploads\/2025\/11\/Longa_foto-Luciney-Martins_O-SAO-PAULO-2048x1367.jpg 2048w, https:\/\/www.cnbb.org.br\/wp-content\/uploads\/2025\/11\/Longa_foto-Luciney-Martins_O-SAO-PAULO-500x334.jpg 500w\" alt=\"\" width=\"300\" height=\"200\" \/><\/a><\/div>\n<\/figure>\n<figure class=\"gallery-item\">\n<div class=\"gallery-icon landscape\"><a class=\"rl-gallery-link\" title=\"\" href=\"https:\/\/www.cnbb.org.br\/wp-content\/uploads\/2025\/11\/Curta_foto-Luciney-Martins_O-SAO-PAULO-scaled.jpg\" data-rl_title=\"\" data-rl_caption=\"\" data-rel=\"lightbox-gallery-4\" data-rl_=\"\"><img loading=\"lazy\" decoding=\"async\" class=\"attachment-medium size-medium\" src=\"https:\/\/www.cnbb.org.br\/wp-content\/uploads\/2025\/11\/Curta_foto-Luciney-Martins_O-SAO-PAULO-300x200.jpg\" sizes=\"auto, (max-width: 300px) 100vw, 300px\" srcset=\"https:\/\/www.cnbb.org.br\/wp-content\/uploads\/2025\/11\/Curta_foto-Luciney-Martins_O-SAO-PAULO-300x200.jpg 300w, https:\/\/www.cnbb.org.br\/wp-content\/uploads\/2025\/11\/Curta_foto-Luciney-Martins_O-SAO-PAULO-1024x684.jpg 1024w, https:\/\/www.cnbb.org.br\/wp-content\/uploads\/2025\/11\/Curta_foto-Luciney-Martins_O-SAO-PAULO-768x513.jpg 768w, https:\/\/www.cnbb.org.br\/wp-content\/uploads\/2025\/11\/Curta_foto-Luciney-Martins_O-SAO-PAULO-1536x1026.jpg 1536w, https:\/\/www.cnbb.org.br\/wp-content\/uploads\/2025\/11\/Curta_foto-Luciney-Martins_O-SAO-PAULO-2048x1367.jpg 2048w, https:\/\/www.cnbb.org.br\/wp-content\/uploads\/2025\/11\/Curta_foto-Luciney-Martins_O-SAO-PAULO-500x334.jpg 500w\" alt=\"\" width=\"300\" height=\"200\" \/><\/a><\/div>\n<\/figure>\n<\/div>\n<h3 style=\"text-align: justify;\">Pr\u00eamio dom Luciano Mendes de Almeida \u2013 plataformas digitais<\/h3>\n<p style=\"text-align: justify;\"><strong>Redes Sociais<\/strong><br \/>\n\u2013 P\u00e1gina no Instagram\u00a0<strong><em>\u201cA Mem\u00f3ria da \u00c1gua\u201d<\/em><\/strong>, da Lumine, acompanha a produ\u00e7\u00e3o de um document\u00e1rio original que investiga o mist\u00e9rio da \u00e1gua no imagin\u00e1rio crist\u00e3o. Conhe\u00e7a\u00a0<a href=\"https:\/\/www.instagram.com\/amemoriadaagua\/\" target=\"_blank\" rel=\"noopener\">aqui.<\/a><\/p>\n<p style=\"text-align: justify;\"><strong>Sites, hot sites e portais<\/strong><\/p>\n<p style=\"text-align: justify;\">\u2013 Site do<strong><em>\u00a0\u201cCentro Marista de Defesa da Inf\u00e2ncia\u201d<\/em>\u00a0<\/strong>. Desenvolvido com o objetivo de apresentar o trabalho do CMDI na prote\u00e7\u00e3o e defesa de direitos das inf\u00e2ncias, do Grupo Marista. Conhe\u00e7a\u00a0<a href=\"https:\/\/centrodedefesa.org.br\/\" target=\"_blank\" rel=\"noopener\">aqui<\/a>.<\/p>\n<p style=\"text-align: justify;\"><strong>Aplicativo<\/strong><br \/>\n\u2013 O aplicativo\u00a0<strong><em>Evangelizar \u00c9 Preciso<\/em>\u00a0<\/strong>da Associa\u00e7\u00e3o Evangelizar \u00e9 Preciso. Conhe\u00e7a\u00a0<a href=\"https:\/\/mensagem.evangelizarepreciso.com.br\/app\" target=\"_blank\" rel=\"noopener\">aqui<\/a><\/p>\n<p style=\"text-align: justify;\">.<\/p>\n<div id=\"gallery-5\" class=\"gallery galleryid-991804 gallery-columns-3 gallery-size-thumbnail\" style=\"text-align: justify;\">\n<figure class=\"gallery-item\">\n<div class=\"gallery-icon landscape\"><a class=\"rl-gallery-link\" title=\"\" href=\"https:\/\/www.cnbb.org.br\/wp-content\/uploads\/2025\/11\/Lumine_foto-Luciney-Martins_O-SAO-PAULO-1-1.jpg\" data-rl_title=\"\" data-rl_caption=\"\" data-rel=\"lightbox-gallery-5\" data-rl_=\"\"><img loading=\"lazy\" decoding=\"async\" class=\"attachment-thumbnail size-thumbnail\" src=\"https:\/\/www.cnbb.org.br\/wp-content\/uploads\/2025\/11\/Lumine_foto-Luciney-Martins_O-SAO-PAULO-1-1-150x150.jpg\" sizes=\"auto, (max-width: 150px) 100vw, 150px\" srcset=\"https:\/\/www.cnbb.org.br\/wp-content\/uploads\/2025\/11\/Lumine_foto-Luciney-Martins_O-SAO-PAULO-1-1-150x150.jpg 150w, https:\/\/www.cnbb.org.br\/wp-content\/uploads\/2025\/11\/Lumine_foto-Luciney-Martins_O-SAO-PAULO-1-1-800x800.jpg 800w\" alt=\"\" width=\"150\" height=\"150\" \/><\/a><\/div>\n<\/figure>\n<figure class=\"gallery-item\">\n<div class=\"gallery-icon landscape\"><a class=\"rl-gallery-link\" title=\"\" href=\"https:\/\/www.cnbb.org.br\/wp-content\/uploads\/2025\/11\/Maristas_foto-Luciney-Martins_O-SAO-PAULO-scaled.jpg\" data-rl_title=\"\" data-rl_caption=\"\" data-rel=\"lightbox-gallery-5\" data-rl_=\"\"><img loading=\"lazy\" decoding=\"async\" class=\"attachment-thumbnail size-thumbnail\" src=\"https:\/\/www.cnbb.org.br\/wp-content\/uploads\/2025\/11\/Maristas_foto-Luciney-Martins_O-SAO-PAULO-150x150.jpg\" sizes=\"auto, (max-width: 150px) 100vw, 150px\" srcset=\"https:\/\/www.cnbb.org.br\/wp-content\/uploads\/2025\/11\/Maristas_foto-Luciney-Martins_O-SAO-PAULO-150x150.jpg 150w, https:\/\/www.cnbb.org.br\/wp-content\/uploads\/2025\/11\/Maristas_foto-Luciney-Martins_O-SAO-PAULO-800x800.jpg 800w\" alt=\"\" width=\"150\" height=\"150\" \/><\/a><\/div>\n<\/figure>\n<figure class=\"gallery-item\">\n<div class=\"gallery-icon landscape\"><a class=\"rl-gallery-link\" title=\"\" href=\"https:\/\/www.cnbb.org.br\/wp-content\/uploads\/2025\/11\/Aplicativo_foto-Luciney-Martins_O-SAO-PAULO-2-scaled.jpg\" data-rl_title=\"\" data-rl_caption=\"\" data-rel=\"lightbox-gallery-5\" data-rl_=\"\"><img loading=\"lazy\" decoding=\"async\" class=\"attachment-thumbnail size-thumbnail\" src=\"https:\/\/www.cnbb.org.br\/wp-content\/uploads\/2025\/11\/Aplicativo_foto-Luciney-Martins_O-SAO-PAULO-2-150x150.jpg\" sizes=\"auto, (max-width: 150px) 100vw, 150px\" srcset=\"https:\/\/www.cnbb.org.br\/wp-content\/uploads\/2025\/11\/Aplicativo_foto-Luciney-Martins_O-SAO-PAULO-2-150x150.jpg 150w, https:\/\/www.cnbb.org.br\/wp-content\/uploads\/2025\/11\/Aplicativo_foto-Luciney-Martins_O-SAO-PAULO-2-800x800.jpg 800w\" alt=\"\" width=\"150\" height=\"150\" \/><\/a><\/div>\n<\/figure>\n<\/div>\n<h3 style=\"text-align: justify;\">Pr\u00eamio Papa Francisco \u2013 disserta\u00e7\u00f5es e teses<\/h3>\n<p style=\"text-align: justify;\"><strong><br \/>\nMestrado<\/strong><br \/>\n\u2013 A disserta\u00e7\u00e3o\u00a0<strong><em>\u201cIgreja em rede: an\u00e1lise comparativa das proposi\u00e7\u00f5es dos papas Bento XVI e Francisco para a comunica\u00e7\u00e3o\u201d<\/em><\/strong>, de Marcus T\u00falio Oliveira Neto. Conhe\u00e7a\u00a0<a href=\"https:\/\/premios.cnbb.org.br\/wp-content\/uploads\/gravity_forms\/8-3f79b2960ff684b2f734d38a7235a1e6\/2025\/05\/Marcus-Tulio-Oliveira-Neto.pdf\" target=\"_blank\" rel=\"noopener\">aqui<\/a><\/p>\n<p style=\"text-align: justify;\"><strong>Doutorado<\/strong><br \/>\n\u2013 A tese:\u00a0<em><strong>\u201cParticipa\u00e7\u00e3o da Pastoral da Comunica\u00e7\u00e3o (Pascom) em processos midi\u00e1ticos da Igreja Cat\u00f3lica\u201d \u2013\u00a0<\/strong>pr\u00e1ticas comunit\u00e1rias da Rede de Comunicadores da Arquidiocese de Natal, no Rio Grande do Norte\u201d<\/em>, de Cezar Macedo Barros.<br \/>\nConhe\u00e7a\u00a0<a href=\"https:\/\/premios.cnbb.org.br\/wp-content\/uploads\/gravity_forms\/8-3f79b2960ff684b2f734d38a7235a1e6\/2025\/04\/ParticipacaoPastoralComunicacao_Barros_2024.pdf\" target=\"_blank\" rel=\"noopener\">aqui<\/a>.<\/p>\n<div id=\"gallery-6\" class=\"gallery galleryid-991804 gallery-columns-2 gallery-size-medium\" style=\"text-align: justify;\">\n<figure class=\"gallery-item\">\n<div class=\"gallery-icon landscape\"><a class=\"rl-gallery-link\" title=\"\" href=\"https:\/\/www.cnbb.org.br\/wp-content\/uploads\/2025\/11\/Dissertacao_foto-Luciney-Martins_O-SAO-PAULO-scaled.jpg\" data-rl_title=\"\" data-rl_caption=\"\" data-rel=\"lightbox-gallery-6\" data-rl_=\"\"><img loading=\"lazy\" decoding=\"async\" class=\"attachment-medium size-medium\" src=\"https:\/\/www.cnbb.org.br\/wp-content\/uploads\/2025\/11\/Dissertacao_foto-Luciney-Martins_O-SAO-PAULO-300x200.jpg\" sizes=\"auto, (max-width: 300px) 100vw, 300px\" srcset=\"https:\/\/www.cnbb.org.br\/wp-content\/uploads\/2025\/11\/Dissertacao_foto-Luciney-Martins_O-SAO-PAULO-300x200.jpg 300w, https:\/\/www.cnbb.org.br\/wp-content\/uploads\/2025\/11\/Dissertacao_foto-Luciney-Martins_O-SAO-PAULO-1024x684.jpg 1024w, https:\/\/www.cnbb.org.br\/wp-content\/uploads\/2025\/11\/Dissertacao_foto-Luciney-Martins_O-SAO-PAULO-768x513.jpg 768w, https:\/\/www.cnbb.org.br\/wp-content\/uploads\/2025\/11\/Dissertacao_foto-Luciney-Martins_O-SAO-PAULO-1536x1025.jpg 1536w, https:\/\/www.cnbb.org.br\/wp-content\/uploads\/2025\/11\/Dissertacao_foto-Luciney-Martins_O-SAO-PAULO-2048x1367.jpg 2048w, https:\/\/www.cnbb.org.br\/wp-content\/uploads\/2025\/11\/Dissertacao_foto-Luciney-Martins_O-SAO-PAULO-500x334.jpg 500w\" alt=\"\" width=\"300\" height=\"200\" \/><\/a><\/div>\n<\/figure>\n<figure class=\"gallery-item\">\n<div class=\"gallery-icon landscape\"><a class=\"rl-gallery-link\" title=\"\" href=\"https:\/\/www.cnbb.org.br\/wp-content\/uploads\/2025\/11\/Tese_foto-Luciney-Martins_O-SAO-PAULO-scaled.jpg\" data-rl_title=\"\" data-rl_caption=\"\" data-rel=\"lightbox-gallery-6\" data-rl_=\"\"><img loading=\"lazy\" decoding=\"async\" class=\"attachment-medium size-medium\" src=\"https:\/\/www.cnbb.org.br\/wp-content\/uploads\/2025\/11\/Tese_foto-Luciney-Martins_O-SAO-PAULO-300x200.jpg\" sizes=\"auto, (max-width: 300px) 100vw, 300px\" srcset=\"https:\/\/www.cnbb.org.br\/wp-content\/uploads\/2025\/11\/Tese_foto-Luciney-Martins_O-SAO-PAULO-300x200.jpg 300w, https:\/\/www.cnbb.org.br\/wp-content\/uploads\/2025\/11\/Tese_foto-Luciney-Martins_O-SAO-PAULO-1024x683.jpg 1024w, https:\/\/www.cnbb.org.br\/wp-content\/uploads\/2025\/11\/Tese_foto-Luciney-Martins_O-SAO-PAULO-768x512.jpg 768w, https:\/\/www.cnbb.org.br\/wp-content\/uploads\/2025\/11\/Tese_foto-Luciney-Martins_O-SAO-PAULO-1536x1025.jpg 1536w, https:\/\/www.cnbb.org.br\/wp-content\/uploads\/2025\/11\/Tese_foto-Luciney-Martins_O-SAO-PAULO-2048x1367.jpg 2048w, https:\/\/www.cnbb.org.br\/wp-content\/uploads\/2025\/11\/Tese_foto-Luciney-Martins_O-SAO-PAULO-500x334.jpg 500w\" alt=\"\" width=\"300\" height=\"200\" \/><\/a><\/div>\n<\/figure>\n<\/div>\n<h3 style=\"text-align: justify;\">Pr\u00eamio Kerigma \u2013 iniciativas da Pastoral da Comunica\u00e7\u00e3o<\/h3>\n<p style=\"text-align: justify;\">\u2013 O\u00a0<em><strong>\u201cPlano Estrat\u00e9gico de Comunica\u00e7\u00e3o do Regional Leste 2 \u2013 2023 a 2027\u201d<\/strong><\/em>, desenvolvido pela Pascom do Regional Leste 2. Conhe\u00e7a\u00a0<a href=\"https:\/\/premios.cnbb.org.br\/wp-content\/uploads\/gravity_forms\/8-3f79b2960ff684b2f734d38a7235a1e6\/2025\/04\/PEC-versao-final.pdf\" target=\"_blank\" rel=\"noopener\">aqui<\/a><\/p>\n<p style=\"text-align: justify;\"><img loading=\"lazy\" decoding=\"async\" class=\"aligncenter wp-image-991890 size-large\" src=\"https:\/\/www.cnbb.org.br\/wp-content\/uploads\/2025\/11\/Kerigma_foto-Luciney-Martins_O-SAO-PAULO-1024x683.jpg\" sizes=\"auto, (max-width: 1024px) 100vw, 1024px\" srcset=\"https:\/\/www.cnbb.org.br\/wp-content\/uploads\/2025\/11\/Kerigma_foto-Luciney-Martins_O-SAO-PAULO-1024x683.jpg 1024w, https:\/\/www.cnbb.org.br\/wp-content\/uploads\/2025\/11\/Kerigma_foto-Luciney-Martins_O-SAO-PAULO-300x200.jpg 300w, https:\/\/www.cnbb.org.br\/wp-content\/uploads\/2025\/11\/Kerigma_foto-Luciney-Martins_O-SAO-PAULO-768x512.jpg 768w, https:\/\/www.cnbb.org.br\/wp-content\/uploads\/2025\/11\/Kerigma_foto-Luciney-Martins_O-SAO-PAULO-1536x1025.jpg 1536w, https:\/\/www.cnbb.org.br\/wp-content\/uploads\/2025\/11\/Kerigma_foto-Luciney-Martins_O-SAO-PAULO-2048x1367.jpg 2048w, https:\/\/www.cnbb.org.br\/wp-content\/uploads\/2025\/11\/Kerigma_foto-Luciney-Martins_O-SAO-PAULO-500x334.jpg 500w\" alt=\"\" width=\"1024\" height=\"683\" \/><\/p>\n<h3 style=\"text-align: justify;\"><\/h3>\n<h3 style=\"text-align: justify;\">Pr\u00eamio S\u00e3o Carlo Acutis \u2013 design e publicidade<\/h3>\n<p style=\"text-align: justify;\"><strong>Pe\u00e7as gr\u00e1ficas, identidade visual e logomarcas<\/strong><br \/>\n\u2013 Identidade Visual\u00a0<strong><em>\u201cCorpus Christi Curitiba\u201d<\/em><\/strong>, de Jo\u00e3o Geraldo Borges Junio. Conhe\u00e7a\u00a0<a href=\"https:\/\/premios.cnbb.org.br\/wp-content\/uploads\/gravity_forms\/8-3f79b2960ff684b2f734d38a7235a1e6\/2025\/05\/Joao_Geraldo_Borges_Junior.pdf\" target=\"_blank\" rel=\"noopener\">aqui.<\/a><\/p>\n<p style=\"text-align: justify;\"><strong>Campanhas e v\u00eddeos publicit\u00e1rios<\/strong><br \/>\n\u2013 A Campanha\u00a0<strong><em>\u201cNovos Padres\u201d<\/em><\/strong>, de Ag\u00eancia Tabor. Conhe\u00e7a\u00a0<a href=\"https:\/\/premios.cnbb.org.br\/wp-content\/uploads\/gravity_forms\/8-3f79b2960ff684b2f734d38a7235a1e6\/2025\/05\/NOVOSPADRES.pdf\" target=\"_blank\" rel=\"noopener\">aqui<\/a>.<\/p>\n<div id=\"gallery-7\" class=\"gallery galleryid-991804 gallery-columns-2 gallery-size-medium\" style=\"text-align: justify;\">\n<figure class=\"gallery-item\">\n<div class=\"gallery-icon landscape\"><a class=\"rl-gallery-link\" title=\"\" href=\"https:\/\/www.cnbb.org.br\/wp-content\/uploads\/2025\/11\/Corpus-Christi_foto-Luciney-Martins_O-SAO-PAULO-scaled.jpg\" data-rl_title=\"\" data-rl_caption=\"\" data-rel=\"lightbox-gallery-7\" data-rl_=\"\"><img loading=\"lazy\" decoding=\"async\" class=\"attachment-medium size-medium\" src=\"https:\/\/www.cnbb.org.br\/wp-content\/uploads\/2025\/11\/Corpus-Christi_foto-Luciney-Martins_O-SAO-PAULO-300x200.jpg\" sizes=\"auto, (max-width: 300px) 100vw, 300px\" srcset=\"https:\/\/www.cnbb.org.br\/wp-content\/uploads\/2025\/11\/Corpus-Christi_foto-Luciney-Martins_O-SAO-PAULO-300x200.jpg 300w, https:\/\/www.cnbb.org.br\/wp-content\/uploads\/2025\/11\/Corpus-Christi_foto-Luciney-Martins_O-SAO-PAULO-1024x684.jpg 1024w, https:\/\/www.cnbb.org.br\/wp-content\/uploads\/2025\/11\/Corpus-Christi_foto-Luciney-Martins_O-SAO-PAULO-768x513.jpg 768w, https:\/\/www.cnbb.org.br\/wp-content\/uploads\/2025\/11\/Corpus-Christi_foto-Luciney-Martins_O-SAO-PAULO-1536x1025.jpg 1536w, https:\/\/www.cnbb.org.br\/wp-content\/uploads\/2025\/11\/Corpus-Christi_foto-Luciney-Martins_O-SAO-PAULO-2048x1367.jpg 2048w, https:\/\/www.cnbb.org.br\/wp-content\/uploads\/2025\/11\/Corpus-Christi_foto-Luciney-Martins_O-SAO-PAULO-500x334.jpg 500w\" alt=\"\" width=\"300\" height=\"200\" \/><\/a><\/div>\n<\/figure>\n<figure class=\"gallery-item\">\n<div class=\"gallery-icon landscape\"><a class=\"rl-gallery-link\" title=\"\" href=\"https:\/\/www.cnbb.org.br\/wp-content\/uploads\/2025\/11\/Campanhas_Novos_Padres_foto-Luciney-Martins_O-SAO-PAULO.jpg\" data-rl_title=\"\" data-rl_caption=\"\" data-rel=\"lightbox-gallery-7\" data-rl_=\"\"><img loading=\"lazy\" decoding=\"async\" class=\"attachment-medium size-medium\" src=\"https:\/\/www.cnbb.org.br\/wp-content\/uploads\/2025\/11\/Campanhas_Novos_Padres_foto-Luciney-Martins_O-SAO-PAULO-300x200.jpg\" sizes=\"auto, (max-width: 300px) 100vw, 300px\" srcset=\"https:\/\/www.cnbb.org.br\/wp-content\/uploads\/2025\/11\/Campanhas_Novos_Padres_foto-Luciney-Martins_O-SAO-PAULO-300x200.jpg 300w, https:\/\/www.cnbb.org.br\/wp-content\/uploads\/2025\/11\/Campanhas_Novos_Padres_foto-Luciney-Martins_O-SAO-PAULO-1024x684.jpg 1024w, https:\/\/www.cnbb.org.br\/wp-content\/uploads\/2025\/11\/Campanhas_Novos_Padres_foto-Luciney-Martins_O-SAO-PAULO-768x513.jpg 768w, https:\/\/www.cnbb.org.br\/wp-content\/uploads\/2025\/11\/Campanhas_Novos_Padres_foto-Luciney-Martins_O-SAO-PAULO-1536x1026.jpg 1536w, https:\/\/www.cnbb.org.br\/wp-content\/uploads\/2025\/11\/Campanhas_Novos_Padres_foto-Luciney-Martins_O-SAO-PAULO-2048x1368.jpg 2048w, https:\/\/www.cnbb.org.br\/wp-content\/uploads\/2025\/11\/Campanhas_Novos_Padres_foto-Luciney-Martins_O-SAO-PAULO-500x334.jpg 500w\" alt=\"\" width=\"300\" height=\"200\" \/><\/a><\/div>\n<\/figure>\n<\/div>\n<h3 style=\"text-align: justify;\">Men\u00e7\u00e3o honrosa<\/h3>\n<p style=\"text-align: justify;\"><img loading=\"lazy\" decoding=\"async\" class=\"size-medium wp-image-991893 alignleft\" src=\"https:\/\/www.cnbb.org.br\/wp-content\/uploads\/2025\/11\/Mencao_Honrosa_foto-Luciney-Martins_O-SAO-PAULO-300x200.jpg\" sizes=\"auto, (max-width: 300px) 100vw, 300px\" srcset=\"https:\/\/www.cnbb.org.br\/wp-content\/uploads\/2025\/11\/Mencao_Honrosa_foto-Luciney-Martins_O-SAO-PAULO-300x200.jpg 300w, https:\/\/www.cnbb.org.br\/wp-content\/uploads\/2025\/11\/Mencao_Honrosa_foto-Luciney-Martins_O-SAO-PAULO-1024x683.jpg 1024w, https:\/\/www.cnbb.org.br\/wp-content\/uploads\/2025\/11\/Mencao_Honrosa_foto-Luciney-Martins_O-SAO-PAULO-768x512.jpg 768w, https:\/\/www.cnbb.org.br\/wp-content\/uploads\/2025\/11\/Mencao_Honrosa_foto-Luciney-Martins_O-SAO-PAULO-1536x1025.jpg 1536w, https:\/\/www.cnbb.org.br\/wp-content\/uploads\/2025\/11\/Mencao_Honrosa_foto-Luciney-Martins_O-SAO-PAULO-2048x1367.jpg 2048w, https:\/\/www.cnbb.org.br\/wp-content\/uploads\/2025\/11\/Mencao_Honrosa_foto-Luciney-Martins_O-SAO-PAULO-500x334.jpg 500w\" alt=\"\" width=\"300\" height=\"200\" \/>A cerim\u00f4nia tamb\u00e9m foi marcada pela concess\u00e3o da men\u00e7\u00e3o honrosa \u201cIrm\u00e3 Dorothy Stang\u201d, destinada a pessoas ou obras que se destacam na promo\u00e7\u00e3o dos valores humanos e crist\u00e3os. O homenageado desta edi\u00e7\u00e3o foi o jornalista Andr\u00e9 Trigueiro, da GloboNews, refer\u00eancia nacional no jornalismo ambiental.<\/p>\n<p style=\"text-align: justify;\">Ao comentar a homenagem, dom Jaime lembrou o legado da mission\u00e1ria assassinada em 2005, no Par\u00e1.<\/p>\n<blockquote><p>\u201cN\u00f3s n\u00e3o podemos esquecer essas figuras extraordin\u00e1rias que passam pelas nossas vidas (\u2026) fazendo o bem, propagando justi\u00e7a, direitos iguais para todos. E a irm\u00e3 Dorothy foi uma dessas figuras\u201d.<\/p><\/blockquote>\n<p style=\"text-align: justify;\">Em seu agradecimento, Trigueiro ressaltou a relev\u00e2ncia da distin\u00e7\u00e3o. \u201cEsse pr\u00eamio, no \u00e2mbito da CNBB, do meu ponto de vista, sempre se posicionou do lado certo da hist\u00f3ria da Igreja e do Brasil, do ponto de vista pol\u00edtico, em favor das quest\u00f5es socioambientais\u201d. O jornalista dedicou a homenagem a religiosos, l\u00edderes comunit\u00e1rios e defensores da floresta que perderam a vida na defesa dos povos da Amaz\u00f4nia. \u201cQue possamos sempre nos lembrar de quem, de fato, tem a coragem de estar do lado certo\u201d, concluiu.<\/p>\n<p style=\"text-align: justify;\"><strong>Confira a cerim\u00f4nia na \u00edntegra abaixo:<\/strong><\/p>\n<div class=\"ast-oembed-container\" style=\"text-align: justify;\"><iframe loading=\"lazy\" title=\"Cerim\u00f4nia dos Pr\u00eamios de Comunica\u00e7\u00e3o CNBB - 55\u00aa edi\u00e7\u00e3o\" src=\"https:\/\/www.youtube.com\/embed\/Ip2TodOh5Z0?feature=oembed\" width=\"1200\" height=\"675\" frameborder=\"0\" allowfullscreen=\"allowfullscreen\" data-mce-fragment=\"1\"><\/iframe><\/div>\n<p style=\"text-align: justify;\"><a title=\"\" href=\"https:\/\/www.youtube.com\/watch?v=Ip2TodOh5Z0\" target=\"_blank\" rel=\"noopener\" data-rel=\"lightbox-video-4\">Cerim\u00f4nia dos Pr\u00eamios de Comunica\u00e7\u00e3o CNBB \u2013 55\u00aa edi\u00e7\u00e3o<\/a><\/p>\n<h3 style=\"text-align: justify;\">Compromisso com a comunica\u00e7\u00e3o<\/h3>\n<p style=\"text-align: justify;\"><img loading=\"lazy\" decoding=\"async\" class=\"size-medium wp-image-991894 alignright\" src=\"https:\/\/www.cnbb.org.br\/wp-content\/uploads\/2025\/11\/Centro-Multimidia-300x200.jpg\" sizes=\"auto, (max-width: 300px) 100vw, 300px\" srcset=\"https:\/\/www.cnbb.org.br\/wp-content\/uploads\/2025\/11\/Centro-Multimidia-300x200.jpg 300w, https:\/\/www.cnbb.org.br\/wp-content\/uploads\/2025\/11\/Centro-Multimidia-1024x684.jpg 1024w, https:\/\/www.cnbb.org.br\/wp-content\/uploads\/2025\/11\/Centro-Multimidia-768x513.jpg 768w, https:\/\/www.cnbb.org.br\/wp-content\/uploads\/2025\/11\/Centro-Multimidia-1536x1025.jpg 1536w, https:\/\/www.cnbb.org.br\/wp-content\/uploads\/2025\/11\/Centro-Multimidia-2048x1367.jpg 2048w, https:\/\/www.cnbb.org.br\/wp-content\/uploads\/2025\/11\/Centro-Multimidia-500x334.jpg 500w\" alt=\"\" width=\"300\" height=\"200\" \/>Ao longo da cerim\u00f4nia, os telespectadores tamb\u00e9m foram convidados a participar da campanha nacional de arrecada\u00e7\u00e3o para o novo Centro Multim\u00eddia S\u00e3o Paulo VI, instalado na sede da CNBB, em Bras\u00edlia (DF).<\/p>\n<p style=\"text-align: justify;\">O est\u00fadio tem como objetivo fortalecer a presen\u00e7a digital da Igreja Cat\u00f3lica no Brasil e ampliar a qualidade das transmiss\u00f5es e conte\u00fados produzidos pela Confer\u00eancia. A iniciativa busca viabilizar a aquisi\u00e7\u00e3o de equipamentos para estruturar o espa\u00e7o, tornando-o uma refer\u00eancia na produ\u00e7\u00e3o de conte\u00fado religioso e formativo.<\/p>\n<p style=\"text-align: justify;\"><strong>Fa\u00e7a sua doa\u00e7\u00e3o:<\/strong><\/p>\n<p style=\"text-align: justify;\">Pix com a chave:<br \/>\ndoecentropaulovi@cnbb.org.br<\/p>\n<p style=\"text-align: justify;\"><strong>Dep\u00f3sito banc\u00e1rio:<\/strong><br \/>\nBanco do Bradesco (237)<br \/>\nAg\u00eancia:048407<br \/>\nConta corrente: 21150-8<br \/>\nTitular: Confer\u00eancia Nacional dos Bispos do Brasil<br \/>\nCNPJ: 33.685.686\/0001-50<\/p>\n<pre>Por Fernando Geronazzo com fotos de Luciney Martins, jornal O S. Paulo<\/pre>\n","protected":false},"excerpt":{"rendered":"<p>Foi ao ar neste domingo, 23\/11, pelas emissoras de TV de inspira\u00e7\u00e3o cat\u00f3lica do Brasil, a cerim\u00f4nia de entrega da 55\u00aa edi\u00e7\u00e3o dos Pr\u00eamios de Comunica\u00e7\u00e3o da Confer\u00eancia Nacional dos Bispos do Brasil (CNBB). A cerim\u00f4nia foi apresentada pelo padre Arnaldo Rodrigues, assessor de comunica\u00e7\u00e3o da CNBB, e por Talita Salgado, assessora de comunica\u00e7\u00e3o da [&hellip;]<\/p>\n","protected":false},"author":1,"featured_media":96355,"comment_status":"open","ping_status":"closed","sticky":false,"template":"","format":"standard","meta":{"footnotes":""},"categories":[7],"tags":[],"class_list":["post-96352","post","type-post","status-publish","format-standard","has-post-thumbnail","hentry","category-cnbb"],"_links":{"self":[{"href":"https:\/\/catolicanet.net\/wp-cnet\/wp-json\/wp\/v2\/posts\/96352","targetHints":{"allow":["GET"]}}],"collection":[{"href":"https:\/\/catolicanet.net\/wp-cnet\/wp-json\/wp\/v2\/posts"}],"about":[{"href":"https:\/\/catolicanet.net\/wp-cnet\/wp-json\/wp\/v2\/types\/post"}],"author":[{"embeddable":true,"href":"https:\/\/catolicanet.net\/wp-cnet\/wp-json\/wp\/v2\/users\/1"}],"replies":[{"embeddable":true,"href":"https:\/\/catolicanet.net\/wp-cnet\/wp-json\/wp\/v2\/comments?post=96352"}],"version-history":[{"count":2,"href":"https:\/\/catolicanet.net\/wp-cnet\/wp-json\/wp\/v2\/posts\/96352\/revisions"}],"predecessor-version":[{"id":96357,"href":"https:\/\/catolicanet.net\/wp-cnet\/wp-json\/wp\/v2\/posts\/96352\/revisions\/96357"}],"wp:featuredmedia":[{"embeddable":true,"href":"https:\/\/catolicanet.net\/wp-cnet\/wp-json\/wp\/v2\/media\/96355"}],"wp:attachment":[{"href":"https:\/\/catolicanet.net\/wp-cnet\/wp-json\/wp\/v2\/media?parent=96352"}],"wp:term":[{"taxonomy":"category","embeddable":true,"href":"https:\/\/catolicanet.net\/wp-cnet\/wp-json\/wp\/v2\/categories?post=96352"},{"taxonomy":"post_tag","embeddable":true,"href":"https:\/\/catolicanet.net\/wp-cnet\/wp-json\/wp\/v2\/tags?post=96352"}],"curies":[{"name":"wp","href":"https:\/\/api.w.org\/{rel}","templated":true}]}}