{"id":96340,"date":"2025-11-24T12:57:40","date_gmt":"2025-11-24T15:57:40","guid":{"rendered":"https:\/\/catolicanet.net\/wp-cnet\/?p=96340"},"modified":"2025-11-24T12:57:40","modified_gmt":"2025-11-24T15:57:40","slug":"leao-xiv-aos-letoes-no-conflito-que-assola-a-sua-regiao-vive-confiem-em-deus","status":"publish","type":"post","link":"https:\/\/catolicanet.net\/wp-cnet\/leao-xiv-aos-letoes-no-conflito-que-assola-a-sua-regiao-vive-confiem-em-deus\/","title":{"rendered":"Le\u00e3o XIV aos let\u00f5es: no conflito que assola a sua regi\u00e3o vive, confiem em Deus"},"content":{"rendered":"<div class=\"mediaContent__inner \">\n<figure class=\"article__image\" style=\"text-align: justify;\"><span class=\"didascalia_img\">O Papa aben\u00e7oa uma imagem da M\u00e3e do Bom Conselho doada pelos peregrinos da Let\u00f4nia<\/span><\/figure>\n<\/div>\n<article class=\"article \">\n<div class=\"article__meta audioInside\" data-mediatype=\"foto\">\n<div class=\"article__subTitle\" style=\"text-align: justify;\">Ao saudar os peregrinos do pa\u00eds b\u00e1ltico, o Pont\u00edfice regozijou-se com os seus la\u00e7os cada vez mais estreitos com a Santa S\u00e9. Recordou a viagem apost\u00f3lica do Papa Francisco, em 2018, no centen\u00e1rio da independ\u00eancia, e a cita\u00e7\u00e3o da escritora Zenta Maurina, que afirmou que as ra\u00edzes da na\u00e7\u00e3o est\u00e3o &#8220;no c\u00e9u&#8221;.<\/div>\n<div class=\"title__separator\" style=\"text-align: justify;\"><\/div>\n<div class=\"article__text\">\n<p style=\"text-align: justify;\"><b>Edoardo Giribaldi \u2013 Vatican News<\/b><\/p>\n<p style=\"text-align: justify;\">O conflito que amea\u00e7a as portas da Let\u00f4nia corre o risco de trazer \u00e0 mem\u00f3ria o passado \u201cturbulento\u201d do pa\u00eds. Diante de tais \u201ctribula\u00e7\u00f5es\u201d, \u00e9 essencial recorrer a Deus, para sermos consolados pela gra\u00e7a que vem daquele \u201cc\u00e9u\u201d onde est\u00e3o as \u201cra\u00edzes\u201d da na\u00e7\u00e3o. Esta \u00e9 a exorta\u00e7\u00e3o que o Papa Le\u00e3o XIV dirigiu, nesta segunda-feira (24\/11), aos mais de duzentos peregrinos vindos da Let\u00f4nia, recebidos na Sala Clementina da Resid\u00eancia Apost\u00f3lica Vaticana.<\/p>\n<div style=\"text-align: justify;\">\n<div class=\"article__embed article__embed--unwrap article__embed--dark\">\n<div class=\"article__innerTitle\">Ou\u00e7a e compartilhe<\/div>\n<div>\n<!--[if lt IE 9]><script>document.createElement('audio');<\/script><![endif]-->\n<audio class=\"wp-audio-shortcode\" id=\"audio-96340-1\" preload=\"none\" style=\"width: 100%;\" controls=\"controls\"><source type=\"audio\/mpeg\" src=\"https:\/\/media.vaticannews.va\/media2\/audio\/s1\/2025\/11\/24\/15\/138894128_F138894128.mp3?_=1\" \/><a href=\"https:\/\/media.vaticannews.va\/media2\/audio\/s1\/2025\/11\/24\/15\/138894128_F138894128.mp3\">https:\/\/media.vaticannews.va\/media2\/audio\/s1\/2025\/11\/24\/15\/138894128_F138894128.mp3<\/a><\/audio>\n<\/div>\n<\/div>\n<\/div>\n<h2 style=\"text-align: justify;\">Cem anos desde a primeira peregrina\u00e7\u00e3o<\/h2>\n<p style=\"text-align: justify;\">O Pont\u00edfice evidenciou que a chegada dos peregrinos a Roma coincide com o centen\u00e1rio da primeira peregrina\u00e7\u00e3o oficial da Let\u00f4nia \u00e0 capital italiana.<\/p>\n<div style=\"text-align: justify;\">\n<div class=\"article__embed article__embed--border embed_style\">\n<blockquote><p>\u201c\u00c9 bonito ver que voc\u00eas mant\u00eam viva esta tradi\u00e7\u00e3o da peregrina\u00e7\u00e3o e seguem os passos de seus antepassados \u200b\u200bna f\u00e9.\u201d<\/p><\/blockquote>\n<\/div>\n<\/div>\n<h2 style=\"text-align: justify;\">Esperan\u00e7a no meio de desafios e incertezas<\/h2>\n<p style=\"text-align: justify;\">Uma viagem que recorda como Roma &#8220;sempre foi uma casa para todos os crist\u00e3os&#8221; e o lugar onde &#8220;os grandes ap\u00f3stolos&#8221; Pedro e Paulo se tornaram m\u00e1rtires da f\u00e9 crist\u00e3, dando &#8220;supremo testemunho&#8221; do Evangelho.<\/p>\n<div style=\"text-align: justify;\">\n<div class=\"article__embed article__embed--border embed_style\">\n<blockquote><p>\u201cA minha ora\u00e7\u00e3o \u00e9 que voc\u00eas se inspirem neles e nos outros lugares dos santos em Roma. Todos eles demonstraram que a esperan\u00e7a n\u00e3o desilude, apesar da incerteza das suas situa\u00e7\u00f5es e dos desafios que enfrentaram.\u201d<\/p><\/blockquote>\n<\/div>\n<\/div>\n<h2 style=\"text-align: justify;\">Recorrer a Deus nas tribula\u00e7\u00f5es<\/h2>\n<p style=\"text-align: justify;\">&#8220;Foram precisamente as inseguran\u00e7as e os contextos complicados que marcaram a hist\u00f3ria do pa\u00eds&#8221;, afirmou Le\u00e3o XIV. O seu predecessor, o Papa Francisco, j\u00e1 o tinha recordado quando visitou a Let\u00f4nia em 2018, no centen\u00e1rio da independ\u00eancia.<\/p>\n<div style=\"text-align: justify;\">\n<div class=\"article__embed article__embed--border embed_style\">\n<blockquote><p>\u201cEmbora o atual conflito na sua regi\u00e3o possa evocar lembran\u00e7as daqueles tempos turbulentos, \u00e9 importante nos voltarmos para Deus e sermos fortalecidos pela Sua gra\u00e7a quando enfrentamos tribula\u00e7\u00f5es semelhantes.\u201d<\/p><\/blockquote>\n<\/div>\n<\/div>\n<h2 style=\"text-align: justify;\">As ra\u00edzes &#8220;no c\u00e9u&#8221;<\/h2>\n<p style=\"text-align: justify;\">O tema central do Jubileu, a esperan\u00e7a, n\u00e3o traz consigo \u201ctodas as respostas\u201d, mas \u00e9 um convite a \u201cdepositar nossa confian\u00e7a em Deus e seguir Cristo mais de perto\u201d. N\u00e3o por acaso, como lembrou o Papa Francisco durante seu discurso no Pal\u00e1cio Presidencial de Riga, a f\u00e9 crist\u00e3 desempenhou um \u201cpapel fundamental\u201d na hist\u00f3ria do pa\u00eds. A esse respeito, o Papa Bergoglio citou a escritora local Zenta Maurina, que escreveu que as ra\u00edzes da Let\u00f4nia \u201cest\u00e3o no c\u00e9u\u201d.<\/p>\n<div style=\"text-align: justify;\">\n<div class=\"article__embed article__embed--border embed_style\">\n<blockquote><p>\u201cPor esse motivo, estou grato pelo fato de os la\u00e7os entre a Let\u00f4nia e a Santa S\u00e9 terem se tornado mais estreitos nos \u00faltimos anos.\u201d<\/p><\/blockquote>\n<\/div>\n<\/div>\n<h2 style=\"text-align: justify;\">Sauda\u00e7\u00e3o \u00e0 primeira-ministra da Let\u00f4nia<\/h2>\n<p style=\"text-align: justify;\">Ao saudar a primeira-ministra da Let\u00f4nia, Evika Sili\u0146a, presente na Sala Clementina, Le\u00e3o XIV ressaltou como a virtude da esperan\u00e7a est\u00e1 intrinsecamente ligada \u00e0 da f\u00e9, para fixar o olhar no presente e acolher as b\u00ean\u00e7\u00e3os de Deus no \u201caqui e agora\u201d.<\/p>\n<h2 style=\"text-align: justify;\">A oferta do \u201csil\u00eancio\u201d da peregrina\u00e7\u00e3o<\/h2>\n<p style=\"text-align: justify;\">Nesse sentido, a peregrina\u00e7\u00e3o desempenha um papel essencial na vida de f\u00e9, pois oferece tempo e espa\u00e7o \u201cpara encontrar Deus mais profundamente\u201d, afastando da rotina e do \u201cbarulho\u201d do cotidiano, oferecendo \u201co sil\u00eancio para ouvir mais claramente a voz de Deus\u201d.<\/p>\n<div style=\"text-align: justify;\">\n<div class=\"article__embed article__embed--border embed_style\">\n<blockquote><p>\u201cPortanto, encorajo-os a aproveitar esta oportunidade de ora\u00e7\u00e3o e a se abrirem \u00e0 gra\u00e7a de Deus, para que Ele fortale\u00e7a sua f\u00e9 e lhes conceda a paz que o mundo n\u00e3o pode dar.\u201d<\/p><\/blockquote>\n<\/div>\n<\/div>\n<h2 style=\"text-align: justify;\">A viagem continua<\/h2>\n<p style=\"text-align: justify;\">A peregrina\u00e7\u00e3o, concluiu o Papa, alcan\u00e7a tamb\u00e9m a p\u00e1tria para onde se regressa. As suas sementes, de fato, devem \u201ccriar ra\u00edzes num discipulado quotidiano e dar frutos na sua vida\u201d.<\/p>\n<div>\n<div class=\"article__embed article__embed--border embed_style\">\n<blockquote><p>\u201cDesta forma, a Igreja na Let\u00f4nia continuar\u00e1 certamente sendo uma fonte de alegria e esperan\u00e7a para todos os let\u00f5es.\u201d<\/p><\/blockquote>\n<\/div>\n<\/div>\n<\/div>\n<\/div>\n<\/article>\n","protected":false},"excerpt":{"rendered":"<p>O Papa aben\u00e7oa uma imagem da M\u00e3e do Bom Conselho doada pelos peregrinos da Let\u00f4nia Ao saudar os peregrinos do pa\u00eds b\u00e1ltico, o Pont\u00edfice regozijou-se com os seus la\u00e7os cada vez mais estreitos com a Santa S\u00e9. Recordou a viagem apost\u00f3lica do Papa Francisco, em 2018, no centen\u00e1rio da independ\u00eancia, e a cita\u00e7\u00e3o da escritora [&hellip;]<\/p>\n","protected":false},"author":1,"featured_media":96341,"comment_status":"open","ping_status":"closed","sticky":false,"template":"","format":"standard","meta":{"footnotes":""},"categories":[3],"tags":[],"class_list":["post-96340","post","type-post","status-publish","format-standard","has-post-thumbnail","hentry","category-vaticano"],"_links":{"self":[{"href":"https:\/\/catolicanet.net\/wp-cnet\/wp-json\/wp\/v2\/posts\/96340","targetHints":{"allow":["GET"]}}],"collection":[{"href":"https:\/\/catolicanet.net\/wp-cnet\/wp-json\/wp\/v2\/posts"}],"about":[{"href":"https:\/\/catolicanet.net\/wp-cnet\/wp-json\/wp\/v2\/types\/post"}],"author":[{"embeddable":true,"href":"https:\/\/catolicanet.net\/wp-cnet\/wp-json\/wp\/v2\/users\/1"}],"replies":[{"embeddable":true,"href":"https:\/\/catolicanet.net\/wp-cnet\/wp-json\/wp\/v2\/comments?post=96340"}],"version-history":[{"count":1,"href":"https:\/\/catolicanet.net\/wp-cnet\/wp-json\/wp\/v2\/posts\/96340\/revisions"}],"predecessor-version":[{"id":96343,"href":"https:\/\/catolicanet.net\/wp-cnet\/wp-json\/wp\/v2\/posts\/96340\/revisions\/96343"}],"wp:featuredmedia":[{"embeddable":true,"href":"https:\/\/catolicanet.net\/wp-cnet\/wp-json\/wp\/v2\/media\/96341"}],"wp:attachment":[{"href":"https:\/\/catolicanet.net\/wp-cnet\/wp-json\/wp\/v2\/media?parent=96340"}],"wp:term":[{"taxonomy":"category","embeddable":true,"href":"https:\/\/catolicanet.net\/wp-cnet\/wp-json\/wp\/v2\/categories?post=96340"},{"taxonomy":"post_tag","embeddable":true,"href":"https:\/\/catolicanet.net\/wp-cnet\/wp-json\/wp\/v2\/tags?post=96340"}],"curies":[{"name":"wp","href":"https:\/\/api.w.org\/{rel}","templated":true}]}}