{"id":96324,"date":"2025-11-23T09:29:12","date_gmt":"2025-11-23T12:29:12","guid":{"rendered":"https:\/\/catolicanet.net\/wp-cnet\/?p=96324"},"modified":"2025-11-24T12:30:31","modified_gmt":"2025-11-24T15:30:31","slug":"o-leigo-e-a-plenitude-da-missao-o-sacerdocio-comum-no-ordenamento-temporal-e-a-evangelizacao-das-estruturas","status":"publish","type":"post","link":"https:\/\/catolicanet.net\/wp-cnet\/o-leigo-e-a-plenitude-da-missao-o-sacerdocio-comum-no-ordenamento-temporal-e-a-evangelizacao-das-estruturas\/","title":{"rendered":"O Leigo e a Plenitude da Miss\u00e3o: O Sacerd\u00f3cio Comum no Ordenamento Temporal e a Evangeliza\u00e7\u00e3o das Estruturas"},"content":{"rendered":"<p style=\"text-align: justify;\">Com a celebra\u00e7\u00e3o da Solene Festa de Cristo Rei, iniciamos a semana com a qual encerramos o Ano Lit\u00fargico e voltamos nosso olhar, com gratid\u00e3o e profunda consci\u00eancia eclesial, para o Dia Nacional dos Leigos e Leigas. Esta dualidade celebrativa \u00e9 teologicamente intr\u00ednseca: o Reinado de Cristo \u00e9 escatol\u00f3gico, mas \u00e9 tamb\u00e9m hist\u00f3rico, e a sua concretiza\u00e7\u00e3o na hist\u00f3ria depende, essencialmente, da a\u00e7\u00e3o dos leigos na chamada ordem temporal.<\/p>\n<p style=\"text-align: justify;\">O Conc\u00edlio Vaticano II, em particular na Constitui\u00e7\u00e3o Dogm\u00e1tica <em>Lumen Gentium<\/em> e no Decreto <em>Apostolicam Actuositatem<\/em>, reposicionou o leigo de forma definitiva na Igreja. O leigo n\u00e3o \u00e9 um membro passivo da comunidade, mas um participante ativo e fundamental, dotado de uma voca\u00e7\u00e3o pr\u00f3pria e irrenunci\u00e1vel.<\/p>\n<ol style=\"text-align: justify;\">\n<li><strong> A Voca\u00e7\u00e3o Batismal e o Triplex M\u00fanus Laical<\/strong><\/li>\n<\/ol>\n<p style=\"text-align: justify;\">O fundamento da miss\u00e3o laical reside no <strong>Sacerd\u00f3cio Comum dos Fi\u00e9is<\/strong>, conferido pelos Sacramentos do Batismo e da Confirma\u00e7\u00e3o. Por esta un\u00e7\u00e3o, o leigo \u00e9 chamado a exercer a tr\u00edplice miss\u00e3o de Cristo \u2013 a <em>triplex munus<\/em>:<\/p>\n<ol style=\"text-align: justify;\">\n<li><strong>Fun\u00e7\u00e3o Sacerdotal:<\/strong> O leigo a realiza oferecendo a Deus as suas atividades cotidianas. O matrim\u00f4nio, o trabalho profissional, a educa\u00e7\u00e3o dos filhos, o lazer e at\u00e9 as dificuldades da vida, quando vividos em uni\u00e3o com o Senhor, s\u00e3o transformados em sacrif\u00edcios espirituais e em verdadeiro culto divino. O mundo se torna o seu altar.<\/li>\n<li><strong>Fun\u00e7\u00e3o Prof\u00e9tica:<\/strong> O leigo \u00e9 o anunciador da Palavra e o denunciador do pecado nas estruturas. A sua profecia \u00e9 exercida por meio do testemunho de vida, da coer\u00eancia \u00e9tica e da defesa intransigente da verdade em ambientes de ceticismo e relativismo. Onde a voz da Hierarquia tem dificuldade de chegar, a Palavra deve ser levada pelo leigo.<\/li>\n<li><strong>Fun\u00e7\u00e3o R\u00e9gia:<\/strong> Esta realeza n\u00e3o se manifesta pelo dom\u00ednio, mas pelo servi\u00e7o e pela caridade. O leigo exerce esta fun\u00e7\u00e3o r\u00e9gia ao esfor\u00e7ar-se por vencer em si mesmo o reino do pecado e, sobretudo, ao impregnar de valores morais e \u00e9ticos as estruturas sociais, pol\u00edticas e econ\u00f4micas.<\/li>\n<li><strong> O Campo Pr\u00f3prio: A Evangeliza\u00e7\u00e3o das Estruturas<\/strong><\/li>\n<\/ol>\n<p style=\"text-align: justify;\">O campo de trabalho do leigo \u00e9 o mundo. A sua miss\u00e3o prim\u00e1ria \u00e9 buscar o Reino de Deus tratando das coisas temporais e ordenando-as segundo Deus. A <em>Lumen Gentium<\/em> \u00e9 clara: <em>&#8220;A eles, portanto, pertence, por voca\u00e7\u00e3o pr\u00f3pria, buscar o Reino de Deus tratando das realidades temporais e ordenando-as segundo Deus.&#8221;<\/em><\/p>\n<p style=\"text-align: justify;\">Isto significa que a voca\u00e7\u00e3o laical \u00e9, primariamente, a evangeliza\u00e7\u00e3o das estruturas. A f\u00e9 n\u00e3o pode ser um ref\u00fagio da vida p\u00fablica; deve ser um motor. Precisamos de leigos que:<\/p>\n<ul style=\"text-align: justify;\">\n<li><strong>Na Pol\u00edtica:<\/strong> Assumam o compromisso de construir o bem comum, defendendo a dignidade da pessoa humana e a vida em todas as suas fases, e combatendo a corrup\u00e7\u00e3o estrutural.<\/li>\n<li><strong>Na Economia:<\/strong> Promovam modelos de desenvolvimento que sejam justos, inclusivos e sustent\u00e1veis, alicer\u00e7ados na Doutrina Social da Igreja (DSI), reconhecendo que a economia deve servir o homem, e n\u00e3o o contr\u00e1rio.<\/li>\n<li><strong>Na Cultura e M\u00eddia:<\/strong> Sejam agentes de transforma\u00e7\u00e3o, levando a beleza, a verdade e os valores crist\u00e3os para os debates culturais e para a produ\u00e7\u00e3o de conte\u00fado que edifique a sociedade.<\/li>\n<\/ul>\n<p style=\"text-align: justify;\">A maior urg\u00eancia da Igreja no s\u00e9culo XXI \u00e9 a de formar leigos que sejam verdadeiros intelectuais da f\u00e9 e oper\u00e1rios da caridade no mundo.<\/p>\n<p style=\"text-align: justify;\"><strong>III. A Necessidade da Forma\u00e7\u00e3o e a Corresponsabilidade<\/strong><\/p>\n<p style=\"text-align: justify;\">Para realizar esta miss\u00e3o de t\u00e3o elevada envergadura, o leigo n\u00e3o pode improvisar. O Papa Le\u00e3o XIV, seguindo a linha do Papa Francisco, insiste na necessidade de uma forma\u00e7\u00e3o integral. O leigo de hoje precisa conhecer profundamente a Sagrada Escritura, a Tradi\u00e7\u00e3o, o Catecismo e, essencialmente, a Doutrina Social da Igreja. Sem forma\u00e7\u00e3o, a a\u00e7\u00e3o no mundo corre o risco de se diluir nos modismos ideol\u00f3gicos ou de se tornar mero ativismo social sem raiz teol\u00f3gica.<\/p>\n<p style=\"text-align: justify;\">A celebra\u00e7\u00e3o do Dia Nacional dos Leigos \u00e9, portanto, um convite eclesial para que todos os nossos fi\u00e9is assumam sua corresponsabilidade na Igreja. Que n\u00e3o hesitem em aceitar os postos de servi\u00e7o e de lideran\u00e7a na sociedade. A Hierarquia tem o dever de apoiar e incentivar estes passos, fornecendo as ferramentas para que o laicato seja a vanguarda de Cristo na hist\u00f3ria.<\/p>\n<p style=\"text-align: justify;\">Que a Virgem Sant\u00edssima, a Imaculada Concei\u00e7\u00e3o, Rainha dos Ap\u00f3stolos interceda por todos os leigos e leigas da nossa Arquidiocese e do Brasil. Que o Reinado de Cristo, que celebramos neste dia, se manifeste na justi\u00e7a, na paz e na santidade de cada um de v\u00f3s.<\/p>\n","protected":false},"excerpt":{"rendered":"<p>Com a celebra\u00e7\u00e3o da Solene Festa de Cristo Rei, iniciamos a semana com a qual encerramos o Ano Lit\u00fargico e voltamos nosso olhar, com gratid\u00e3o e profunda consci\u00eancia eclesial, para o Dia Nacional dos Leigos e Leigas. Esta dualidade celebrativa \u00e9 teologicamente intr\u00ednseca: o Reinado de Cristo \u00e9 escatol\u00f3gico, mas \u00e9 tamb\u00e9m hist\u00f3rico, e a [&hellip;]<\/p>\n","protected":false},"author":5,"featured_media":55819,"comment_status":"open","ping_status":"closed","sticky":false,"template":"","format":"standard","meta":{"footnotes":""},"categories":[9],"tags":[],"class_list":["post-96324","post","type-post","status-publish","format-standard","has-post-thumbnail","hentry","category-artigos"],"_links":{"self":[{"href":"https:\/\/catolicanet.net\/wp-cnet\/wp-json\/wp\/v2\/posts\/96324","targetHints":{"allow":["GET"]}}],"collection":[{"href":"https:\/\/catolicanet.net\/wp-cnet\/wp-json\/wp\/v2\/posts"}],"about":[{"href":"https:\/\/catolicanet.net\/wp-cnet\/wp-json\/wp\/v2\/types\/post"}],"author":[{"embeddable":true,"href":"https:\/\/catolicanet.net\/wp-cnet\/wp-json\/wp\/v2\/users\/5"}],"replies":[{"embeddable":true,"href":"https:\/\/catolicanet.net\/wp-cnet\/wp-json\/wp\/v2\/comments?post=96324"}],"version-history":[{"count":1,"href":"https:\/\/catolicanet.net\/wp-cnet\/wp-json\/wp\/v2\/posts\/96324\/revisions"}],"predecessor-version":[{"id":96326,"href":"https:\/\/catolicanet.net\/wp-cnet\/wp-json\/wp\/v2\/posts\/96324\/revisions\/96326"}],"wp:featuredmedia":[{"embeddable":true,"href":"https:\/\/catolicanet.net\/wp-cnet\/wp-json\/wp\/v2\/media\/55819"}],"wp:attachment":[{"href":"https:\/\/catolicanet.net\/wp-cnet\/wp-json\/wp\/v2\/media?parent=96324"}],"wp:term":[{"taxonomy":"category","embeddable":true,"href":"https:\/\/catolicanet.net\/wp-cnet\/wp-json\/wp\/v2\/categories?post=96324"},{"taxonomy":"post_tag","embeddable":true,"href":"https:\/\/catolicanet.net\/wp-cnet\/wp-json\/wp\/v2\/tags?post=96324"}],"curies":[{"name":"wp","href":"https:\/\/api.w.org\/{rel}","templated":true}]}}